{"id":592799,"date":"2023-04-23T19:37:03","date_gmt":"2023-04-23T15:37:03","guid":{"rendered":"https:\/\/arantv.az\/?p=592799"},"modified":"2023-04-23T19:37:03","modified_gmt":"2023-04-23T15:37:03","slug":"lacin-istiqam%c9%99tind%c9%99-movqel%c9%99rimiz-at%c9%99s%c9%99-tutulub-video","status":"publish","type":"post","link":"https:\/\/arantv.az\/?p=592799","title":{"rendered":"La\u00e7\u0131n istiqam\u0259tind\u0259 m\u00f6vqel\u0259rimiz at\u0259\u015f\u0259 tutulub &#8211; V\u0130DEO"},"content":{"rendered":"<p>Aprelin 23-\u00fc saat 15:10 rad\u0259l\u0259rind\u0259 Erm\u0259nistan silahl\u0131 q\u00fcvv\u0259l\u0259rinin b\u00f6lm\u0259l\u0259ri Qarakils\u0259 rayonunun Q\u0131z\u0131lc\u0131q ya\u015fay\u0131\u015f m\u0259nt\u0259q\u0259si istiqam\u0259tind\u0259 yerl\u0259\u015f\u0259n m\u00f6vqel\u0259rind\u0259n Ordumuzun La\u00e7\u0131n rayonunun Mink\u0259nd ya\u015fay\u0131\u015f m\u0259nt\u0259q\u0259si istiqam\u0259tind\u0259 yerl\u0259\u015f\u0259n m\u00f6vqel\u0259rini at\u0131c\u0131 silahlardan at\u0259\u015f\u0259 tutub.<\/p>\n<article class=\"news\">\n<div class=\"news-inner\">\n<p>Bu bar\u0259d\u0259 Az\u0259rbaycan\u0131n M\u00fcdafi\u0259 Nazirliyind\u0259n bildirilib.<\/p>\n<div id=\"22881913269\"><\/div>\n<p>Ordumuzun b\u00f6lm\u0259l\u0259ri t\u0259r\u0259find\u0259n qeyd olunan istiqam\u0259td\u0259 adekvat cavab t\u0259dbirl\u0259ri g\u00f6r\u00fcl\u00fcb.<\/p>\n<div><iframe loading=\"lazy\" title=\"YouTube video player\" src=\"https:\/\/www.youtube.com\/embed\/bCTFi4x7ydM\" width=\"560\" height=\"315\" frameborder=\"0\" allowfullscreen=\"allowfullscreen\" data-mce-fragment=\"1\"><\/iframe><\/div>\n<\/div>\n<\/article>\n<p>&nbsp;<\/p>\n<p>&nbsp;<\/p>\n","protected":false},"excerpt":{"rendered":"<p>Aprelin 23-\u00fc saat 15:10 rad\u0259l\u0259rind\u0259 Erm\u0259nistan silahl\u0131 q\u00fcvv\u0259l\u0259rinin b\u00f6lm\u0259l\u0259ri Qarakils\u0259 rayonunun Q\u0131z\u0131lc\u0131q ya\u015fay\u0131\u015f m\u0259nt\u0259q\u0259si istiqam\u0259tind\u0259 yerl\u0259\u015f\u0259n m\u00f6vqel\u0259rind\u0259n Ordumuzun La\u00e7\u0131n rayonunun Mink\u0259nd ya\u015fay\u0131\u015f m\u0259nt\u0259q\u0259si istiqam\u0259tind\u0259 yerl\u0259\u015f\u0259n m\u00f6vqel\u0259rini at\u0131c\u0131 silahlardan at\u0259\u015f\u0259 tutub. Bu bar\u0259d\u0259 Az\u0259rbaycan\u0131n M\u00fcdafi\u0259 Nazirliyind\u0259n bildirilib. Ordumuzun b\u00f6lm\u0259l\u0259ri t\u0259r\u0259find\u0259n qeyd olunan istiqam\u0259td\u0259 adekvat cavab t\u0259dbirl\u0259ri g\u00f6r\u00fcl\u00fcb. &nbsp; &nbsp;<\/p>\n","protected":false},"author":2,"featured_media":592800,"comment_status":"closed","ping_status":"closed","sticky":false,"template":"","format":"standard","meta":{"om_disable_all_campaigns":false,"_monsterinsights_skip_tracking":false,"_monsterinsights_sitenote_active":false,"_monsterinsights_sitenote_note":"","_monsterinsights_sitenote_category":0},"categories":[10],"tags":[],"aioseo_notices":[],"gutentor_comment":0,"rttpg_featured_image_url":{"full":["https:\/\/arantv.az\/wp-content\/uploads\/2023\/04\/FotoJet-2023-04-23T115025.769.jpg",620,413,false],"landscape":["https:\/\/arantv.az\/wp-content\/uploads\/2023\/04\/FotoJet-2023-04-23T115025.769.jpg",620,413,false],"portraits":["https:\/\/arantv.az\/wp-content\/uploads\/2023\/04\/FotoJet-2023-04-23T115025.769.jpg",620,413,false],"thumbnail":["https:\/\/arantv.az\/wp-content\/uploads\/2023\/04\/FotoJet-2023-04-23T115025.769-500x280.jpg",500,280,true],"medium":["https:\/\/arantv.az\/wp-content\/uploads\/2023\/04\/FotoJet-2023-04-23T115025.769-548x365.jpg",548,365,true],"large":["https:\/\/arantv.az\/wp-content\/uploads\/2023\/04\/FotoJet-2023-04-23T115025.769.jpg",620,413,false],"1536x1536":["https:\/\/arantv.az\/wp-content\/uploads\/2023\/04\/FotoJet-2023-04-23T115025.769.jpg",620,413,false],"2048x2048":["https:\/\/arantv.az\/wp-content\/uploads\/2023\/04\/FotoJet-2023-04-23T115025.769.jpg",620,413,false],"post-thumbnail":["https:\/\/arantv.az\/wp-content\/uploads\/2023\/04\/FotoJet-2023-04-23T115025.769-240x172.jpg",240,172,true],"advps-thumb-one":["https:\/\/arantv.az\/wp-content\/uploads\/2023\/04\/FotoJet-2023-04-23T115025.769.jpg",620,413,false]},"rttpg_author":{"display_name":"V\u00fcsal Rafiqo\u011flu","author_link":"https:\/\/arantv.az\/?author=2"},"rttpg_comment":0,"rttpg_category":"<a href=\"https:\/\/arantv.az\/?cat=10\" rel=\"category\">C\u0259bh\u0259d\u0259n X\u0259b\u0259r<\/a>","rttpg_excerpt":"Aprelin 23-\u00fc saat 15:10 rad\u0259l\u0259rind\u0259 Erm\u0259nistan silahl\u0131 q\u00fcvv\u0259l\u0259rinin b\u00f6lm\u0259l\u0259ri Qarakils\u0259 rayonunun Q\u0131z\u0131lc\u0131q ya\u015fay\u0131\u015f m\u0259nt\u0259q\u0259si istiqam\u0259tind\u0259 yerl\u0259\u015f\u0259n m\u00f6vqel\u0259rind\u0259n Ordumuzun La\u00e7\u0131n rayonunun Mink\u0259nd ya\u015fay\u0131\u015f m\u0259nt\u0259q\u0259si istiqam\u0259tind\u0259 yerl\u0259\u015f\u0259n m\u00f6vqel\u0259rini at\u0131c\u0131 silahlardan at\u0259\u015f\u0259 tutub. Bu bar\u0259d\u0259 Az\u0259rbaycan\u0131n M\u00fcdafi\u0259 Nazirliyind\u0259n bildirilib. Ordumuzun b\u00f6lm\u0259l\u0259ri t\u0259r\u0259find\u0259n qeyd olunan istiqam\u0259td\u0259 adekvat cavab t\u0259dbirl\u0259ri g\u00f6r\u00fcl\u00fcb. &nbsp; &nbsp;","_links":{"self":[{"href":"https:\/\/arantv.az\/index.php?rest_route=\/wp\/v2\/posts\/592799"}],"collection":[{"href":"https:\/\/arantv.az\/index.php?rest_route=\/wp\/v2\/posts"}],"about":[{"href":"https:\/\/arantv.az\/index.php?rest_route=\/wp\/v2\/types\/post"}],"author":[{"embeddable":true,"href":"https:\/\/arantv.az\/index.php?rest_route=\/wp\/v2\/users\/2"}],"replies":[{"embeddable":true,"href":"https:\/\/arantv.az\/index.php?rest_route=%2Fwp%2Fv2%2Fcomments&post=592799"}],"version-history":[{"count":0,"href":"https:\/\/arantv.az\/index.php?rest_route=\/wp\/v2\/posts\/592799\/revisions"}],"wp:featuredmedia":[{"embeddable":true,"href":"https:\/\/arantv.az\/index.php?rest_route=\/wp\/v2\/media\/592800"}],"wp:attachment":[{"href":"https:\/\/arantv.az\/index.php?rest_route=%2Fwp%2Fv2%2Fmedia&parent=592799"}],"wp:term":[{"taxonomy":"category","embeddable":true,"href":"https:\/\/arantv.az\/index.php?rest_route=%2Fwp%2Fv2%2Fcategories&post=592799"},{"taxonomy":"post_tag","embeddable":true,"href":"https:\/\/arantv.az\/index.php?rest_route=%2Fwp%2Fv2%2Ftags&post=592799"}],"curies":[{"name":"wp","href":"https:\/\/api.w.org\/{rel}","templated":true}]}}