{"id":592802,"date":"2023-04-23T19:39:47","date_gmt":"2023-04-23T15:39:47","guid":{"rendered":"https:\/\/arantv.az\/?p=592802"},"modified":"2023-04-23T19:39:47","modified_gmt":"2023-04-23T15:39:47","slug":"ismayillida-kisi-ozunu-k%c9%99ndirl%c9%99-asaraq-intihar-etdi","status":"publish","type":"post","link":"https:\/\/arantv.az\/?p=592802","title":{"rendered":"\u0130smay\u0131ll\u0131da ki\u015fi \u00f6z\u00fcn\u00fc k\u0259ndirl\u0259 asaraq intihar etdi"},"content":{"rendered":"<p>\u0130smay\u0131ll\u0131da ki\u015fi \u00f6z\u00fcn\u00fc k\u0259ndirl\u0259 asaraq intihar etdi<\/p>\n<p>\u0130smay\u0131ll\u0131 rayonunun \u0130vanovka k\u0259ndind\u0259 intihar hadis\u0259si ba\u015f verib.<\/p>\n<p>&nbsp;<\/p>\n<p>APA x\u0259b\u0259r verir ki, k\u0259nd sakini, 1990-c\u0131 il t\u0259v\u0259ll\u00fcdl\u00fc \u018fhm\u0259dov Kamran Adil o\u011flu bu g\u00fcn g\u00fcnortadan sonra ya\u015fad\u0131\u011f\u0131 evin h\u0259y\u0259tind\u0259ki a\u011facdan \u00f6z\u00fcn\u00fc k\u0259ndirl\u0259 asaraq h\u0259yat\u0131na son qoyub.<\/p>\n<p>&nbsp;<\/p>\n<p>Ail\u0259 \u00fczvl\u0259ri hadis\u0259d\u0259n gec x\u0259b\u0259r tutdu\u011fu \u00fc\u00e7\u00fcn onun h\u0259yat\u0131n\u0131 xilas etm\u0259k m\u00fcmk\u00fcn olmay\u0131b. \u0130lkin m\u0259lumatlara \u0259sas\u0259n onun \u00f6z\u00fcn\u0259 q\u0259sd etm\u0259sinin s\u0259b\u0259bi maddi probleml\u0259rdir.<\/p>\n<p>&nbsp;<\/p>\n<p>Faktla ba\u011fl\u0131 \u0130smay\u0131ll\u0131 rayon Prokurorlu\u011fu t\u0259r\u0259find\u0259n ara\u015fd\u0131rma apar\u0131l\u0131r.<\/p>\n","protected":false},"excerpt":{"rendered":"<p>\u0130smay\u0131ll\u0131da ki\u015fi \u00f6z\u00fcn\u00fc k\u0259ndirl\u0259 asaraq intihar etdi \u0130smay\u0131ll\u0131 rayonunun \u0130vanovka k\u0259ndind\u0259 intihar hadis\u0259si ba\u015f verib. &nbsp; APA x\u0259b\u0259r verir ki, k\u0259nd sakini, 1990-c\u0131 il t\u0259v\u0259ll\u00fcdl\u00fc \u018fhm\u0259dov Kamran Adil o\u011flu bu g\u00fcn g\u00fcnortadan sonra ya\u015fad\u0131\u011f\u0131 evin h\u0259y\u0259tind\u0259ki a\u011facdan \u00f6z\u00fcn\u00fc k\u0259ndirl\u0259 asaraq h\u0259yat\u0131na son qoyub. &nbsp; Ail\u0259 \u00fczvl\u0259ri hadis\u0259d\u0259n gec x\u0259b\u0259r tutdu\u011fu \u00fc\u00e7\u00fcn onun h\u0259yat\u0131n\u0131 xilas etm\u0259k m\u00fcmk\u00fcn olmay\u0131b. \u0130lkin m\u0259lumatlara \u0259sas\u0259n onun \u00f6z\u00fcn\u0259 q\u0259sd etm\u0259sinin s\u0259b\u0259bi maddi probleml\u0259rdir. &nbsp; Faktla ba\u011fl\u0131 \u0130smay\u0131ll\u0131 rayon Prokurorlu\u011fu t\u0259r\u0259find\u0259n ara\u015fd\u0131rma apar\u0131l\u0131r.<\/p>\n","protected":false},"author":2,"featured_media":592803,"comment_status":"closed","ping_status":"closed","sticky":false,"template":"","format":"standard","meta":{"om_disable_all_campaigns":false,"_monsterinsights_skip_tracking":false,"_monsterinsights_sitenote_active":false,"_monsterinsights_sitenote_note":"","_monsterinsights_sitenote_category":0},"categories":[5],"tags":[],"aioseo_notices":[],"gutentor_comment":0,"rttpg_featured_image_url":{"full":["https:\/\/arantv.az\/wp-content\/uploads\/2023\/04\/kk.jpg",620,413,false],"landscape":["https:\/\/arantv.az\/wp-content\/uploads\/2023\/04\/kk.jpg",620,413,false],"portraits":["https:\/\/arantv.az\/wp-content\/uploads\/2023\/04\/kk.jpg",620,413,false],"thumbnail":["https:\/\/arantv.az\/wp-content\/uploads\/2023\/04\/kk-500x280.jpg",500,280,true],"medium":["https:\/\/arantv.az\/wp-content\/uploads\/2023\/04\/kk-548x365.jpg",548,365,true],"large":["https:\/\/arantv.az\/wp-content\/uploads\/2023\/04\/kk.jpg",620,413,false],"1536x1536":["https:\/\/arantv.az\/wp-content\/uploads\/2023\/04\/kk.jpg",620,413,false],"2048x2048":["https:\/\/arantv.az\/wp-content\/uploads\/2023\/04\/kk.jpg",620,413,false],"post-thumbnail":["https:\/\/arantv.az\/wp-content\/uploads\/2023\/04\/kk-240x172.jpg",240,172,true],"advps-thumb-one":["https:\/\/arantv.az\/wp-content\/uploads\/2023\/04\/kk.jpg",620,413,false]},"rttpg_author":{"display_name":"V\u00fcsal Rafiqo\u011flu","author_link":"https:\/\/arantv.az\/?author=2"},"rttpg_comment":0,"rttpg_category":"<a href=\"https:\/\/arantv.az\/?cat=5\" rel=\"category\">Hadis\u0259<\/a>","rttpg_excerpt":"\u0130smay\u0131ll\u0131da ki\u015fi \u00f6z\u00fcn\u00fc k\u0259ndirl\u0259 asaraq intihar etdi \u0130smay\u0131ll\u0131 rayonunun \u0130vanovka k\u0259ndind\u0259 intihar hadis\u0259si ba\u015f verib. &nbsp; APA x\u0259b\u0259r verir ki, k\u0259nd sakini, 1990-c\u0131 il t\u0259v\u0259ll\u00fcdl\u00fc \u018fhm\u0259dov Kamran Adil o\u011flu bu g\u00fcn g\u00fcnortadan sonra ya\u015fad\u0131\u011f\u0131 evin h\u0259y\u0259tind\u0259ki a\u011facdan \u00f6z\u00fcn\u00fc k\u0259ndirl\u0259 asaraq h\u0259yat\u0131na son qoyub. &nbsp; Ail\u0259 \u00fczvl\u0259ri hadis\u0259d\u0259n gec x\u0259b\u0259r tutdu\u011fu \u00fc\u00e7\u00fcn onun h\u0259yat\u0131n\u0131 xilas etm\u0259k&hellip;","_links":{"self":[{"href":"https:\/\/arantv.az\/index.php?rest_route=\/wp\/v2\/posts\/592802"}],"collection":[{"href":"https:\/\/arantv.az\/index.php?rest_route=\/wp\/v2\/posts"}],"about":[{"href":"https:\/\/arantv.az\/index.php?rest_route=\/wp\/v2\/types\/post"}],"author":[{"embeddable":true,"href":"https:\/\/arantv.az\/index.php?rest_route=\/wp\/v2\/users\/2"}],"replies":[{"embeddable":true,"href":"https:\/\/arantv.az\/index.php?rest_route=%2Fwp%2Fv2%2Fcomments&post=592802"}],"version-history":[{"count":0,"href":"https:\/\/arantv.az\/index.php?rest_route=\/wp\/v2\/posts\/592802\/revisions"}],"wp:featuredmedia":[{"embeddable":true,"href":"https:\/\/arantv.az\/index.php?rest_route=\/wp\/v2\/media\/592803"}],"wp:attachment":[{"href":"https:\/\/arantv.az\/index.php?rest_route=%2Fwp%2Fv2%2Fmedia&parent=592802"}],"wp:term":[{"taxonomy":"category","embeddable":true,"href":"https:\/\/arantv.az\/index.php?rest_route=%2Fwp%2Fv2%2Fcategories&post=592802"},{"taxonomy":"post_tag","embeddable":true,"href":"https:\/\/arantv.az\/index.php?rest_route=%2Fwp%2Fv2%2Ftags&post=592802"}],"curies":[{"name":"wp","href":"https:\/\/api.w.org\/{rel}","templated":true}]}}