{"id":592815,"date":"2023-04-23T21:21:56","date_gmt":"2023-04-23T17:21:56","guid":{"rendered":"https:\/\/arantv.az\/?p=592815"},"modified":"2023-04-23T21:21:56","modified_gmt":"2023-04-23T17:21:56","slug":"diqq%c9%99t-sabah-b%c9%99zi-magistral-yollarda-gorm%c9%99-m%c9%99saf%c9%99si-m%c9%99hdudlasacaq","status":"publish","type":"post","link":"https:\/\/arantv.az\/?p=592815","title":{"rendered":"D\u0130QQ\u018fT: Sabah b\u0259zi magistral yollarda g\u00f6rm\u0259 m\u0259saf\u0259si m\u0259hdudla\u015facaq"},"content":{"rendered":"<p>Sabah dumanla \u0259laq\u0259dar b\u0259zi magistral yollarda g\u00f6rm\u0259 m\u0259saf\u0259si m\u0259hdudla\u015facaq.<\/p>\n<p>&nbsp;<\/p>\n<p>Bu bar\u0259d\u0259 Ekologiya v\u0259 T\u0259bii S\u0259rv\u0259tl\u0259r Nazirliyinin Milli Hidrometeorologiya Xidm\u0259ti m\u0259lumat yay\u0131b.<\/p>\n<p>&nbsp;<\/p>\n<p>Aprelin 24-d\u0259 gec\u0259 v\u0259 s\u0259h\u0259r \u0259sas\u0259n da\u011fl\u0131q v\u0259 da\u011f\u0259t\u0259yi rayonlarda dumanl\u0131 hava \u015f\u0259raiti il\u0259 \u0259laq\u0259dar olaraq magistral avtomobil yollar\u0131n\u0131n b\u0259zi yerl\u0259rind\u0259 g\u00f6r\u00fcn\u00fc\u015f m\u0259saf\u0259sinin 400-800 metr\u0259d\u0259k m\u0259hdudla\u015faca\u011f\u0131 ehtimal\u0131 var.<\/p>\n","protected":false},"excerpt":{"rendered":"<p>Sabah dumanla \u0259laq\u0259dar b\u0259zi magistral yollarda g\u00f6rm\u0259 m\u0259saf\u0259si m\u0259hdudla\u015facaq. &nbsp; Bu bar\u0259d\u0259 Ekologiya v\u0259 T\u0259bii S\u0259rv\u0259tl\u0259r Nazirliyinin Milli Hidrometeorologiya Xidm\u0259ti m\u0259lumat yay\u0131b. &nbsp; Aprelin 24-d\u0259 gec\u0259 v\u0259 s\u0259h\u0259r \u0259sas\u0259n da\u011fl\u0131q v\u0259 da\u011f\u0259t\u0259yi rayonlarda dumanl\u0131 hava \u015f\u0259raiti il\u0259 \u0259laq\u0259dar olaraq magistral avtomobil yollar\u0131n\u0131n b\u0259zi yerl\u0259rind\u0259 g\u00f6r\u00fcn\u00fc\u015f m\u0259saf\u0259sinin 400-800 metr\u0259d\u0259k m\u0259hdudla\u015faca\u011f\u0131 ehtimal\u0131 var.<\/p>\n","protected":false},"author":2,"featured_media":592816,"comment_status":"closed","ping_status":"closed","sticky":false,"template":"","format":"standard","meta":{"om_disable_all_campaigns":false,"_monsterinsights_skip_tracking":false,"_monsterinsights_sitenote_active":false,"_monsterinsights_sitenote_note":"","_monsterinsights_sitenote_category":0},"categories":[1],"tags":[],"aioseo_notices":[],"gutentor_comment":0,"rttpg_featured_image_url":{"full":["https:\/\/arantv.az\/wp-content\/uploads\/2023\/04\/GpC06I8cXg1sI2p2aZaCt2v9eqnEF8knropOh9ud-1.jpg",620,413,false],"landscape":["https:\/\/arantv.az\/wp-content\/uploads\/2023\/04\/GpC06I8cXg1sI2p2aZaCt2v9eqnEF8knropOh9ud-1.jpg",620,413,false],"portraits":["https:\/\/arantv.az\/wp-content\/uploads\/2023\/04\/GpC06I8cXg1sI2p2aZaCt2v9eqnEF8knropOh9ud-1.jpg",620,413,false],"thumbnail":["https:\/\/arantv.az\/wp-content\/uploads\/2023\/04\/GpC06I8cXg1sI2p2aZaCt2v9eqnEF8knropOh9ud-1-500x280.jpg",500,280,true],"medium":["https:\/\/arantv.az\/wp-content\/uploads\/2023\/04\/GpC06I8cXg1sI2p2aZaCt2v9eqnEF8knropOh9ud-1-548x365.jpg",548,365,true],"large":["https:\/\/arantv.az\/wp-content\/uploads\/2023\/04\/GpC06I8cXg1sI2p2aZaCt2v9eqnEF8knropOh9ud-1.jpg",620,413,false],"1536x1536":["https:\/\/arantv.az\/wp-content\/uploads\/2023\/04\/GpC06I8cXg1sI2p2aZaCt2v9eqnEF8knropOh9ud-1.jpg",620,413,false],"2048x2048":["https:\/\/arantv.az\/wp-content\/uploads\/2023\/04\/GpC06I8cXg1sI2p2aZaCt2v9eqnEF8knropOh9ud-1.jpg",620,413,false],"post-thumbnail":["https:\/\/arantv.az\/wp-content\/uploads\/2023\/04\/GpC06I8cXg1sI2p2aZaCt2v9eqnEF8knropOh9ud-1-240x172.jpg",240,172,true],"advps-thumb-one":["https:\/\/arantv.az\/wp-content\/uploads\/2023\/04\/GpC06I8cXg1sI2p2aZaCt2v9eqnEF8knropOh9ud-1.jpg",620,413,false]},"rttpg_author":{"display_name":"V\u00fcsal Rafiqo\u011flu","author_link":"https:\/\/arantv.az\/?author=2"},"rttpg_comment":0,"rttpg_category":"<a href=\"https:\/\/arantv.az\/?cat=1\" rel=\"category\">C\u0259miyy\u0259t<\/a>","rttpg_excerpt":"Sabah dumanla \u0259laq\u0259dar b\u0259zi magistral yollarda g\u00f6rm\u0259 m\u0259saf\u0259si m\u0259hdudla\u015facaq. &nbsp; Bu bar\u0259d\u0259 Ekologiya v\u0259 T\u0259bii S\u0259rv\u0259tl\u0259r Nazirliyinin Milli Hidrometeorologiya Xidm\u0259ti m\u0259lumat yay\u0131b. &nbsp; Aprelin 24-d\u0259 gec\u0259 v\u0259 s\u0259h\u0259r \u0259sas\u0259n da\u011fl\u0131q v\u0259 da\u011f\u0259t\u0259yi rayonlarda dumanl\u0131 hava \u015f\u0259raiti il\u0259 \u0259laq\u0259dar olaraq magistral avtomobil yollar\u0131n\u0131n b\u0259zi yerl\u0259rind\u0259 g\u00f6r\u00fcn\u00fc\u015f m\u0259saf\u0259sinin 400-800 metr\u0259d\u0259k m\u0259hdudla\u015faca\u011f\u0131 ehtimal\u0131 var.","_links":{"self":[{"href":"https:\/\/arantv.az\/index.php?rest_route=\/wp\/v2\/posts\/592815"}],"collection":[{"href":"https:\/\/arantv.az\/index.php?rest_route=\/wp\/v2\/posts"}],"about":[{"href":"https:\/\/arantv.az\/index.php?rest_route=\/wp\/v2\/types\/post"}],"author":[{"embeddable":true,"href":"https:\/\/arantv.az\/index.php?rest_route=\/wp\/v2\/users\/2"}],"replies":[{"embeddable":true,"href":"https:\/\/arantv.az\/index.php?rest_route=%2Fwp%2Fv2%2Fcomments&post=592815"}],"version-history":[{"count":0,"href":"https:\/\/arantv.az\/index.php?rest_route=\/wp\/v2\/posts\/592815\/revisions"}],"wp:featuredmedia":[{"embeddable":true,"href":"https:\/\/arantv.az\/index.php?rest_route=\/wp\/v2\/media\/592816"}],"wp:attachment":[{"href":"https:\/\/arantv.az\/index.php?rest_route=%2Fwp%2Fv2%2Fmedia&parent=592815"}],"wp:term":[{"taxonomy":"category","embeddable":true,"href":"https:\/\/arantv.az\/index.php?rest_route=%2Fwp%2Fv2%2Fcategories&post=592815"},{"taxonomy":"post_tag","embeddable":true,"href":"https:\/\/arantv.az\/index.php?rest_route=%2Fwp%2Fv2%2Ftags&post=592815"}],"curies":[{"name":"wp","href":"https:\/\/api.w.org\/{rel}","templated":true}]}}