{"id":593177,"date":"2023-04-25T09:15:33","date_gmt":"2023-04-25T05:15:33","guid":{"rendered":"https:\/\/arantv.az\/?p=593177"},"modified":"2023-04-25T09:15:33","modified_gmt":"2023-04-25T05:15:33","slug":"simal-d%c9%99nizi-dunyanin-%c9%99n-boyuk-kul%c9%99k-elektrostansiyasina-cevril%c9%99c%c9%99k","status":"publish","type":"post","link":"https:\/\/arantv.az\/?p=593177","title":{"rendered":"\u015eimal d\u0259nizi d\u00fcnyan\u0131n \u0259n b\u00f6y\u00fck k\u00fcl\u0259k elektrostansiyas\u0131na \u00e7evril\u0259c\u0259k"},"content":{"rendered":"<p>Bel\u00e7ika beyn\u0259lxalq t\u0259r\u0259fda\u015flarla birlikd\u0259 Avropan\u0131n energetikas\u0131n\u0131 daha da ya\u015f\u0131lla\u015fd\u0131rmaq v\u0259 daha m\u00fcst\u0259qil etm\u0259k \u00fc\u00e7\u00fcn \u015eimal d\u0259nizini \u0259n b\u00f6y\u00fck k\u00fcl\u0259k elektrostansiyas\u0131na \u00e7evirm\u0259k niyy\u0259tind\u0259dir.<\/p>\n<p>Bunu bazar ert\u0259si Ostend liman\u0131nda \u015eimal d\u0259nizinin 9 d\u00f6vl\u0259t ba\u015f\u00e7\u0131lar\u0131n\u0131n sammitin\u0259 g\u0259l\u0259rk\u0259n Bel\u00e7ikan\u0131n ba\u015f naziri Aleksandr De Kroo deyib.<\/p>\n<p>O vur\u011fulay\u0131b ki, sammit i\u015ftirak\u00e7\u0131lar\u0131 \u015eimal d\u0259nizind\u0259 yeni k\u00fcl\u0259k stansiyalar\u0131 yerl\u0259\u015fdirm\u0259k v\u0259 regionda \u00fcmumi k\u00fcl\u0259k istehsal\u0131n\u0131n h\u0259cmini indiki 25 GVt-dan \u201c2030-cu il\u0259 q\u0259d\u0259r 120 GVt-a, 2050-ci il\u0259 q\u0259d\u0259r is\u0259 300 GVt-a q\u0259d\u0259r\u201d art\u0131rmaq niyy\u0259tind\u0259dirl\u0259r. O, bunun \u00fc\u00e7\u00fcn n\u0259 q\u0259d\u0259r investisiya t\u0259l\u0259b olundu\u011funu a\u00e7\u0131qlamay\u0131b.<\/p>\n<p>Qeyd ed\u0259k ki, Sammitd\u0259 Fransa, Almaniya, Bel\u00e7ika, L\u00fcksemburq, Niderland, Danimarka, \u0130rlandiya, B\u00f6y\u00fck Britaniya v\u0259 Norve\u00e7 liderl\u0259ri, el\u0259c\u0259 d\u0259 Avropa Komissiyas\u0131n\u0131n r\u0259hb\u0259ri Ursula fon der Lyayen v\u0259 enerji m\u0259s\u0259l\u0259l\u0259ri \u00fczr\u0259 Avropa komissar\u0131 Kadri Simson i\u015ftirak edir.<\/p>\n<p>M\u0259nb\u0259: TASS<\/p>\n","protected":false},"excerpt":{"rendered":"<p>Bel\u00e7ika beyn\u0259lxalq t\u0259r\u0259fda\u015flarla birlikd\u0259 Avropan\u0131n energetikas\u0131n\u0131 daha da ya\u015f\u0131lla\u015fd\u0131rmaq v\u0259 daha m\u00fcst\u0259qil etm\u0259k \u00fc\u00e7\u00fcn \u015eimal d\u0259nizini \u0259n b\u00f6y\u00fck k\u00fcl\u0259k elektrostansiyas\u0131na \u00e7evirm\u0259k niyy\u0259tind\u0259dir. Bunu bazar ert\u0259si Ostend liman\u0131nda \u015eimal d\u0259nizinin 9 d\u00f6vl\u0259t ba\u015f\u00e7\u0131lar\u0131n\u0131n sammitin\u0259 g\u0259l\u0259rk\u0259n Bel\u00e7ikan\u0131n ba\u015f naziri Aleksandr De Kroo deyib. O vur\u011fulay\u0131b ki, sammit i\u015ftirak\u00e7\u0131lar\u0131 \u015eimal d\u0259nizind\u0259 yeni k\u00fcl\u0259k stansiyalar\u0131 yerl\u0259\u015fdirm\u0259k v\u0259 regionda \u00fcmumi k\u00fcl\u0259k istehsal\u0131n\u0131n h\u0259cmini indiki 25 GVt-dan \u201c2030-cu il\u0259 q\u0259d\u0259r 120 GVt-a, 2050-ci il\u0259 q\u0259d\u0259r is\u0259 300 GVt-a q\u0259d\u0259r\u201d art\u0131rmaq niyy\u0259tind\u0259dirl\u0259r. O, bunun \u00fc\u00e7\u00fcn n\u0259 q\u0259d\u0259r investisiya t\u0259l\u0259b olundu\u011funu a\u00e7\u0131qlamay\u0131b. Qeyd ed\u0259k ki, Sammitd\u0259 Fransa, Almaniya,&hellip;<\/p>\n","protected":false},"author":2,"featured_media":593178,"comment_status":"closed","ping_status":"closed","sticky":false,"template":"","format":"standard","meta":{"om_disable_all_campaigns":false,"_monsterinsights_skip_tracking":false,"_monsterinsights_sitenote_active":false,"_monsterinsights_sitenote_note":"","_monsterinsights_sitenote_category":0},"categories":[7],"tags":[],"aioseo_notices":[],"gutentor_comment":0,"rttpg_featured_image_url":{"full":["https:\/\/arantv.az\/wp-content\/uploads\/2023\/04\/PMI-blog.jpg",620,413,false],"landscape":["https:\/\/arantv.az\/wp-content\/uploads\/2023\/04\/PMI-blog.jpg",620,413,false],"portraits":["https:\/\/arantv.az\/wp-content\/uploads\/2023\/04\/PMI-blog.jpg",620,413,false],"thumbnail":["https:\/\/arantv.az\/wp-content\/uploads\/2023\/04\/PMI-blog-500x280.jpg",500,280,true],"medium":["https:\/\/arantv.az\/wp-content\/uploads\/2023\/04\/PMI-blog-548x365.jpg",548,365,true],"large":["https:\/\/arantv.az\/wp-content\/uploads\/2023\/04\/PMI-blog.jpg",620,413,false],"1536x1536":["https:\/\/arantv.az\/wp-content\/uploads\/2023\/04\/PMI-blog.jpg",620,413,false],"2048x2048":["https:\/\/arantv.az\/wp-content\/uploads\/2023\/04\/PMI-blog.jpg",620,413,false],"post-thumbnail":["https:\/\/arantv.az\/wp-content\/uploads\/2023\/04\/PMI-blog-240x172.jpg",240,172,true],"advps-thumb-one":["https:\/\/arantv.az\/wp-content\/uploads\/2023\/04\/PMI-blog.jpg",620,413,false]},"rttpg_author":{"display_name":"V\u00fcsal Rafiqo\u011flu","author_link":"https:\/\/arantv.az\/?author=2"},"rttpg_comment":0,"rttpg_category":"<a href=\"https:\/\/arantv.az\/?cat=7\" rel=\"category\">D\u00fcnya<\/a>","rttpg_excerpt":"Bel\u00e7ika beyn\u0259lxalq t\u0259r\u0259fda\u015flarla birlikd\u0259 Avropan\u0131n energetikas\u0131n\u0131 daha da ya\u015f\u0131lla\u015fd\u0131rmaq v\u0259 daha m\u00fcst\u0259qil etm\u0259k \u00fc\u00e7\u00fcn \u015eimal d\u0259nizini \u0259n b\u00f6y\u00fck k\u00fcl\u0259k elektrostansiyas\u0131na \u00e7evirm\u0259k niyy\u0259tind\u0259dir. Bunu bazar ert\u0259si Ostend liman\u0131nda \u015eimal d\u0259nizinin 9 d\u00f6vl\u0259t ba\u015f\u00e7\u0131lar\u0131n\u0131n sammitin\u0259 g\u0259l\u0259rk\u0259n Bel\u00e7ikan\u0131n ba\u015f naziri Aleksandr De Kroo deyib. O vur\u011fulay\u0131b ki, sammit i\u015ftirak\u00e7\u0131lar\u0131 \u015eimal d\u0259nizind\u0259 yeni k\u00fcl\u0259k stansiyalar\u0131 yerl\u0259\u015fdirm\u0259k v\u0259 regionda \u00fcmumi&hellip;","_links":{"self":[{"href":"https:\/\/arantv.az\/index.php?rest_route=\/wp\/v2\/posts\/593177"}],"collection":[{"href":"https:\/\/arantv.az\/index.php?rest_route=\/wp\/v2\/posts"}],"about":[{"href":"https:\/\/arantv.az\/index.php?rest_route=\/wp\/v2\/types\/post"}],"author":[{"embeddable":true,"href":"https:\/\/arantv.az\/index.php?rest_route=\/wp\/v2\/users\/2"}],"replies":[{"embeddable":true,"href":"https:\/\/arantv.az\/index.php?rest_route=%2Fwp%2Fv2%2Fcomments&post=593177"}],"version-history":[{"count":0,"href":"https:\/\/arantv.az\/index.php?rest_route=\/wp\/v2\/posts\/593177\/revisions"}],"wp:featuredmedia":[{"embeddable":true,"href":"https:\/\/arantv.az\/index.php?rest_route=\/wp\/v2\/media\/593178"}],"wp:attachment":[{"href":"https:\/\/arantv.az\/index.php?rest_route=%2Fwp%2Fv2%2Fmedia&parent=593177"}],"wp:term":[{"taxonomy":"category","embeddable":true,"href":"https:\/\/arantv.az\/index.php?rest_route=%2Fwp%2Fv2%2Fcategories&post=593177"},{"taxonomy":"post_tag","embeddable":true,"href":"https:\/\/arantv.az\/index.php?rest_route=%2Fwp%2Fv2%2Ftags&post=593177"}],"curies":[{"name":"wp","href":"https:\/\/api.w.org\/{rel}","templated":true}]}}