{"id":593180,"date":"2023-04-25T09:16:12","date_gmt":"2023-04-25T05:16:12","guid":{"rendered":"https:\/\/arantv.az\/?p=593180"},"modified":"2023-04-25T09:16:12","modified_gmt":"2023-04-25T05:16:12","slug":"az%c9%99rbaycanin-istiraki-il%c9%99-alti-olk%c9%99-avropada-qaz-sazisi-imzalayacaq","status":"publish","type":"post","link":"https:\/\/arantv.az\/?p=593180","title":{"rendered":"Az\u0259rbaycan\u0131n i\u015ftirak\u0131 il\u0259 alt\u0131 \u00f6lk\u0259 Avropada qaz sazi\u015fi imzalayacaq"},"content":{"rendered":"<p>Az\u0259rbaycan \u00f6z\u00fcn\u00fcn qaz t\u0259chizat\u0131n\u0131n co\u011frafiyas\u0131n\u0131 Avropa bazar\u0131na do\u011fru geni\u015fl\u0259ndirm\u0259kd\u0259 davam edir.<\/p>\n<p>Bel\u0259 ki, aprelin 25-26-da Bolqar\u0131stan\u0131n paytaxt\u0131 Sofiyada t\u0259bii qaz infrastrukturunun h\u0259cminin art\u0131r\u0131lmas\u0131na dair geni\u015fmiqyasl\u0131 sazi\u015fin imzalanma m\u0259rasiminin\u00a0ke\u00e7irilm\u0259si g\u00f6zl\u0259nilir.<\/p>\n<p>S\u0259n\u0259di Az\u0259rbaycan, T\u00fcrkiy\u0259, Bolqar\u0131stan, Rum\u0131niya, Macar\u0131stan v\u0259 Slovakiya t\u0259r\u0259fi imzalayacaqlar.<\/p>\n<p>Bu sazi\u015f Az\u0259rbaycan t\u0259bii qaz\u0131n\u0131n Bolqar\u0131stan vasit\u0259sil\u0259 M\u0259rk\u0259zi Avropaya \u00e7atd\u0131r\u0131lmas\u0131na imkan ver\u0259c\u0259k.<\/p>\n","protected":false},"excerpt":{"rendered":"<p>Az\u0259rbaycan \u00f6z\u00fcn\u00fcn qaz t\u0259chizat\u0131n\u0131n co\u011frafiyas\u0131n\u0131 Avropa bazar\u0131na do\u011fru geni\u015fl\u0259ndirm\u0259kd\u0259 davam edir. Bel\u0259 ki, aprelin 25-26-da Bolqar\u0131stan\u0131n paytaxt\u0131 Sofiyada t\u0259bii qaz infrastrukturunun h\u0259cminin art\u0131r\u0131lmas\u0131na dair geni\u015fmiqyasl\u0131 sazi\u015fin imzalanma m\u0259rasiminin\u00a0ke\u00e7irilm\u0259si g\u00f6zl\u0259nilir. S\u0259n\u0259di Az\u0259rbaycan, T\u00fcrkiy\u0259, Bolqar\u0131stan, Rum\u0131niya, Macar\u0131stan v\u0259 Slovakiya t\u0259r\u0259fi imzalayacaqlar. Bu sazi\u015f Az\u0259rbaycan t\u0259bii qaz\u0131n\u0131n Bolqar\u0131stan vasit\u0259sil\u0259 M\u0259rk\u0259zi Avropaya \u00e7atd\u0131r\u0131lmas\u0131na imkan ver\u0259c\u0259k.<\/p>\n","protected":false},"author":2,"featured_media":593181,"comment_status":"closed","ping_status":"closed","sticky":false,"template":"","format":"standard","meta":{"om_disable_all_campaigns":false,"_monsterinsights_skip_tracking":false,"_monsterinsights_sitenote_active":false,"_monsterinsights_sitenote_note":"","_monsterinsights_sitenote_category":0},"categories":[19],"tags":[],"aioseo_notices":[],"gutentor_comment":0,"rttpg_featured_image_url":{"full":["https:\/\/arantv.az\/wp-content\/uploads\/2023\/04\/FotoJet-50.jpg",620,413,false],"landscape":["https:\/\/arantv.az\/wp-content\/uploads\/2023\/04\/FotoJet-50.jpg",620,413,false],"portraits":["https:\/\/arantv.az\/wp-content\/uploads\/2023\/04\/FotoJet-50.jpg",620,413,false],"thumbnail":["https:\/\/arantv.az\/wp-content\/uploads\/2023\/04\/FotoJet-50-500x280.jpg",500,280,true],"medium":["https:\/\/arantv.az\/wp-content\/uploads\/2023\/04\/FotoJet-50-548x365.jpg",548,365,true],"large":["https:\/\/arantv.az\/wp-content\/uploads\/2023\/04\/FotoJet-50.jpg",620,413,false],"1536x1536":["https:\/\/arantv.az\/wp-content\/uploads\/2023\/04\/FotoJet-50.jpg",620,413,false],"2048x2048":["https:\/\/arantv.az\/wp-content\/uploads\/2023\/04\/FotoJet-50.jpg",620,413,false],"post-thumbnail":["https:\/\/arantv.az\/wp-content\/uploads\/2023\/04\/FotoJet-50-240x172.jpg",240,172,true],"advps-thumb-one":["https:\/\/arantv.az\/wp-content\/uploads\/2023\/04\/FotoJet-50.jpg",620,413,false]},"rttpg_author":{"display_name":"V\u00fcsal Rafiqo\u011flu","author_link":"https:\/\/arantv.az\/?author=2"},"rttpg_comment":0,"rttpg_category":"<a href=\"https:\/\/arantv.az\/?cat=19\" rel=\"category\">G\u00fcnd\u0259m<\/a>","rttpg_excerpt":"Az\u0259rbaycan \u00f6z\u00fcn\u00fcn qaz t\u0259chizat\u0131n\u0131n co\u011frafiyas\u0131n\u0131 Avropa bazar\u0131na do\u011fru geni\u015fl\u0259ndirm\u0259kd\u0259 davam edir. Bel\u0259 ki, aprelin 25-26-da Bolqar\u0131stan\u0131n paytaxt\u0131 Sofiyada t\u0259bii qaz infrastrukturunun h\u0259cminin art\u0131r\u0131lmas\u0131na dair geni\u015fmiqyasl\u0131 sazi\u015fin imzalanma m\u0259rasiminin\u00a0ke\u00e7irilm\u0259si g\u00f6zl\u0259nilir. S\u0259n\u0259di Az\u0259rbaycan, T\u00fcrkiy\u0259, Bolqar\u0131stan, Rum\u0131niya, Macar\u0131stan v\u0259 Slovakiya t\u0259r\u0259fi imzalayacaqlar. Bu sazi\u015f Az\u0259rbaycan t\u0259bii qaz\u0131n\u0131n Bolqar\u0131stan vasit\u0259sil\u0259 M\u0259rk\u0259zi Avropaya \u00e7atd\u0131r\u0131lmas\u0131na imkan ver\u0259c\u0259k.","_links":{"self":[{"href":"https:\/\/arantv.az\/index.php?rest_route=\/wp\/v2\/posts\/593180"}],"collection":[{"href":"https:\/\/arantv.az\/index.php?rest_route=\/wp\/v2\/posts"}],"about":[{"href":"https:\/\/arantv.az\/index.php?rest_route=\/wp\/v2\/types\/post"}],"author":[{"embeddable":true,"href":"https:\/\/arantv.az\/index.php?rest_route=\/wp\/v2\/users\/2"}],"replies":[{"embeddable":true,"href":"https:\/\/arantv.az\/index.php?rest_route=%2Fwp%2Fv2%2Fcomments&post=593180"}],"version-history":[{"count":0,"href":"https:\/\/arantv.az\/index.php?rest_route=\/wp\/v2\/posts\/593180\/revisions"}],"wp:featuredmedia":[{"embeddable":true,"href":"https:\/\/arantv.az\/index.php?rest_route=\/wp\/v2\/media\/593181"}],"wp:attachment":[{"href":"https:\/\/arantv.az\/index.php?rest_route=%2Fwp%2Fv2%2Fmedia&parent=593180"}],"wp:term":[{"taxonomy":"category","embeddable":true,"href":"https:\/\/arantv.az\/index.php?rest_route=%2Fwp%2Fv2%2Fcategories&post=593180"},{"taxonomy":"post_tag","embeddable":true,"href":"https:\/\/arantv.az\/index.php?rest_route=%2Fwp%2Fv2%2Ftags&post=593180"}],"curies":[{"name":"wp","href":"https:\/\/api.w.org\/{rel}","templated":true}]}}