{"id":593192,"date":"2023-04-25T09:38:34","date_gmt":"2023-04-25T05:38:34","guid":{"rendered":"https:\/\/arantv.az\/?p=593192"},"modified":"2023-04-25T09:38:34","modified_gmt":"2023-04-25T05:38:34","slug":"lacin-yolunda-n%c9%99zar%c9%99t-buraxilis-m%c9%99nt%c9%99q%c9%99-postunun-qoyulmasi-ilham-%c9%99liyev-q%c9%99tiyy%c9%99tinin-n%c9%99tic%c9%99sidir","status":"publish","type":"post","link":"https:\/\/arantv.az\/?p=593192","title":{"rendered":"La\u00e7\u0131n yolunda N\u0259zar\u0259t Burax\u0131l\u0131\u015f M\u0259nt\u0259q\u0259 postunun qoyulmas\u0131 \u0130lham \u018fliyev q\u0259tiyy\u0259tinin n\u0259tic\u0259sidir."},"content":{"rendered":"<p>\u201cAz\u0259rbaycan h\u0259rb meydan\u0131nda qazand\u0131\u011f\u0131 q\u0259l\u0259b\u0259ni add\u0131m-add\u0131m m\u00f6hk\u0259ml\u0259ndirir\u201d<\/p>\n<p>YAP \u0130dar\u0259 hey\u0259tinin \u00fczv\u00fc Asif \u018fsg\u0259rli bel\u0259 deyib.<\/p>\n<p>Asif \u018fsg\u0259rli bildirib ki, aprelin 23-d\u0259 Erm\u0259nistanla s\u0259rh\u0259dd\u0259 La\u00e7\u0131n yolu \u00fcz\u0259rind\u0259 Az\u0259rbaycan s\u0259rh\u0259d xidm\u0259tinin n\u0259zar\u0259t burax\u0131l\u0131\u015f m\u0259nt\u0259q\u0259sinin qoyulmas\u0131 lab\u00fcd idi. Erm\u0259nistan\u0131n apard\u0131\u011f\u0131 siyas\u0259t , Qaraba\u011fda separat\u00e7\u0131 \u00fcns\u00fcrl\u0259rin b\u00f6lg\u0259d\u0259 xaos yaratmaq ist\u0259y\u0259n d\u00f6vl\u0259tl\u0259rin \u00e7irkin niyy\u0259tl\u0259rin\u0259 al\u0259t olmaqda davam etm\u0259si, yeni m\u00fcharib\u0259ni alovland\u0131rmaq c\u0259hdi bel\u0259 bir q\u0259tiyy\u0259tli add\u0131m\u0131n at\u0131lmas\u0131n\u0131 tezl\u0259\u015fdirmi\u015f oldu.<\/p>\n<p>YAP \u0130dar\u0259 hey\u0259tinin \u00fczv\u00fc , Az\u0259rbaycan Demokratik T\u0259l\u0259b\u0259 G\u0259ncl\u0259r T\u0259\u015fkilat\u0131n\u0131n s\u0259dri Asif \u018fsg\u0259rlinin fikrinc\u0259 10 noyabr b\u0259yy\u0259nnam\u0259sini Erm\u0259nistan ba\u015f naziri Nikol Pa\u015finyan imzalasa da sonradan bir ne\u00e7\u0259 m\u00fcdd\u0259alar\u0131n yerin\u0259 yetirilm\u0259si t\u0259min edilm\u0259yib. Qaraba\u011fdak\u0131 qanunsuz erm\u0259ni silahl\u0131 birl\u0259\u015fm\u0259l\u0259ri t\u0259rkisilah olunub, Az\u0259rbaycan \u0259razisind\u0259n \u00e7\u0131xar\u0131lmal\u0131 oldu\u011fu halda h\u0259mi\u015f\u0259ki kimi Qaraba\u011f separat\u00e7\u0131lar\u0131 v\u0259 Rusiya s\u00fclhm\u0259raml\u0131lar\u0131n\u0131 himay\u0259si alt\u0131nda f\u0259aliyy\u0259tl\u0259rini davam etdiribl\u0259r. \u018fksin\u0259, Erm\u0259nistan m\u0259\u011flubiyy\u0259tini q\u0259bul edib, yeni faci\u0259l\u0259r\u0259 son qoymaq \u0259v\u0259zin\u0259 \u00f6z\u00fcn\u00fcn x\u0259st\u0259 t\u0259x\u00fcyy\u00fcl\u00fcn\u0259 sadiqliyini n\u00fcmayi\u015f etdirib. 44 g\u00fcnl\u00fck d\u0259h\u015f\u0259tli m\u00fcharib\u0259d\u0259n sonra 2022-ci ilin sentyabr\u0131nda K\u0259lb\u0259c\u0259r istiqam\u0259tind\u0259, 2023-c\u00fc ilin aprelind\u0259 La\u00e7\u0131nla h\u0259ms\u0259rh\u0259d olan D\u0131\u011f k\u0259ndi istiqam\u0259tind\u0259 toqqu\u015fmalar qeyd\u0259 al\u0131n\u0131b. Bununla da Erm\u0259nistan s\u00fclh raz\u0131la\u015fmalar\u0131na a\u011f\u0131r z\u0259rb\u0259l\u0259r vurmu\u015f olub. Qaraba\u011f istiqam\u0259tind\u0259 d\u0259 erm\u0259ni silahl\u0131 q\u00fcvv\u0259l\u0259ri d\u00f6y\u00fc\u015f m\u00f6vqel\u0259ri yaratma\u011fa c\u0259hd etm\u0259si Erm\u0259nistanda v\u0259 Qaraba\u011fda erm\u0259ni separat\u00e7\u0131lar\u0131n\u0131n s\u00fclhd\u0259n uzaq oldu\u011fu g\u00f6r\u00fcn\u00fcr. M\u00f6ht\u0259r\u0259m Prezidentimiz \u0130lham \u018fliyevin son b\u0259y\u0259nat\u0131nda Qaraba\u011fda ya\u015fayan erm\u0259nil\u0259rin ya Bak\u0131ya tabe olub ya\u015famal\u0131 oldu\u011funu, ya da tarixi torpaqlar\u0131m\u0131z\u0131 t\u0259rk etm\u0259l\u0259ri q\u0259tiyy\u0259tli \u015f\u0259kild\u0259 ifad\u0259 edib. Bu g\u00fcn at\u0131lan add\u0131m da h\u0259mi\u015f\u0259 s\u00f6z\u00fcn\u00fc zaman\u0131nda dey\u0259n q\u0259tiyy\u0259tli s\u0259rk\u0259rd\u0259miz \u0130lham \u018fliyevin n\u00f6vb\u0259ti q\u0259l\u0259b\u0259sidir ki, xalq\u0131m\u0131za h\u0259diyy\u0259 edib.<\/p>\n","protected":false},"excerpt":{"rendered":"<p>\u201cAz\u0259rbaycan h\u0259rb meydan\u0131nda qazand\u0131\u011f\u0131 q\u0259l\u0259b\u0259ni add\u0131m-add\u0131m m\u00f6hk\u0259ml\u0259ndirir\u201d YAP \u0130dar\u0259 hey\u0259tinin \u00fczv\u00fc Asif \u018fsg\u0259rli bel\u0259 deyib. Asif \u018fsg\u0259rli bildirib ki, aprelin 23-d\u0259 Erm\u0259nistanla s\u0259rh\u0259dd\u0259 La\u00e7\u0131n yolu \u00fcz\u0259rind\u0259 Az\u0259rbaycan s\u0259rh\u0259d xidm\u0259tinin n\u0259zar\u0259t burax\u0131l\u0131\u015f m\u0259nt\u0259q\u0259sinin qoyulmas\u0131 lab\u00fcd idi. Erm\u0259nistan\u0131n apard\u0131\u011f\u0131 siyas\u0259t , Qaraba\u011fda separat\u00e7\u0131 \u00fcns\u00fcrl\u0259rin b\u00f6lg\u0259d\u0259 xaos yaratmaq ist\u0259y\u0259n d\u00f6vl\u0259tl\u0259rin \u00e7irkin niyy\u0259tl\u0259rin\u0259 al\u0259t olmaqda davam etm\u0259si, yeni m\u00fcharib\u0259ni alovland\u0131rmaq c\u0259hdi bel\u0259 bir q\u0259tiyy\u0259tli add\u0131m\u0131n at\u0131lmas\u0131n\u0131 tezl\u0259\u015fdirmi\u015f oldu. YAP \u0130dar\u0259 hey\u0259tinin \u00fczv\u00fc , Az\u0259rbaycan Demokratik T\u0259l\u0259b\u0259 G\u0259ncl\u0259r T\u0259\u015fkilat\u0131n\u0131n s\u0259dri Asif \u018fsg\u0259rlinin fikrinc\u0259 10 noyabr b\u0259yy\u0259nnam\u0259sini Erm\u0259nistan ba\u015f naziri Nikol Pa\u015finyan imzalasa da sonradan bir&hellip;<\/p>\n","protected":false},"author":2,"featured_media":593193,"comment_status":"closed","ping_status":"closed","sticky":false,"template":"","format":"standard","meta":{"om_disable_all_campaigns":false,"_monsterinsights_skip_tracking":false,"_monsterinsights_sitenote_active":false,"_monsterinsights_sitenote_note":"","_monsterinsights_sitenote_category":0},"categories":[19],"tags":[],"aioseo_notices":[],"gutentor_comment":0,"rttpg_featured_image_url":{"full":["https:\/\/arantv.az\/wp-content\/uploads\/2023\/04\/asif-1.jpg",900,600,false],"landscape":["https:\/\/arantv.az\/wp-content\/uploads\/2023\/04\/asif-1.jpg",900,600,false],"portraits":["https:\/\/arantv.az\/wp-content\/uploads\/2023\/04\/asif-1.jpg",900,600,false],"thumbnail":["https:\/\/arantv.az\/wp-content\/uploads\/2023\/04\/asif-1-500x280.jpg",500,280,true],"medium":["https:\/\/arantv.az\/wp-content\/uploads\/2023\/04\/asif-1-548x365.jpg",548,365,true],"large":["https:\/\/arantv.az\/wp-content\/uploads\/2023\/04\/asif-1-840x560.jpg",640,427,true],"1536x1536":["https:\/\/arantv.az\/wp-content\/uploads\/2023\/04\/asif-1.jpg",900,600,false],"2048x2048":["https:\/\/arantv.az\/wp-content\/uploads\/2023\/04\/asif-1.jpg",900,600,false],"post-thumbnail":["https:\/\/arantv.az\/wp-content\/uploads\/2023\/04\/asif-1-240x172.jpg",240,172,true],"advps-thumb-one":["https:\/\/arantv.az\/wp-content\/uploads\/2023\/04\/asif-1.jpg",900,600,false]},"rttpg_author":{"display_name":"V\u00fcsal Rafiqo\u011flu","author_link":"https:\/\/arantv.az\/?author=2"},"rttpg_comment":0,"rttpg_category":"<a href=\"https:\/\/arantv.az\/?cat=19\" rel=\"category\">G\u00fcnd\u0259m<\/a>","rttpg_excerpt":"\u201cAz\u0259rbaycan h\u0259rb meydan\u0131nda qazand\u0131\u011f\u0131 q\u0259l\u0259b\u0259ni add\u0131m-add\u0131m m\u00f6hk\u0259ml\u0259ndirir\u201d YAP \u0130dar\u0259 hey\u0259tinin \u00fczv\u00fc Asif \u018fsg\u0259rli bel\u0259 deyib. Asif \u018fsg\u0259rli bildirib ki, aprelin 23-d\u0259 Erm\u0259nistanla s\u0259rh\u0259dd\u0259 La\u00e7\u0131n yolu \u00fcz\u0259rind\u0259 Az\u0259rbaycan s\u0259rh\u0259d xidm\u0259tinin n\u0259zar\u0259t burax\u0131l\u0131\u015f m\u0259nt\u0259q\u0259sinin qoyulmas\u0131 lab\u00fcd idi. Erm\u0259nistan\u0131n apard\u0131\u011f\u0131 siyas\u0259t , Qaraba\u011fda separat\u00e7\u0131 \u00fcns\u00fcrl\u0259rin b\u00f6lg\u0259d\u0259 xaos yaratmaq ist\u0259y\u0259n d\u00f6vl\u0259tl\u0259rin \u00e7irkin niyy\u0259tl\u0259rin\u0259 al\u0259t olmaqda davam etm\u0259si, yeni m\u00fcharib\u0259ni&hellip;","_links":{"self":[{"href":"https:\/\/arantv.az\/index.php?rest_route=\/wp\/v2\/posts\/593192"}],"collection":[{"href":"https:\/\/arantv.az\/index.php?rest_route=\/wp\/v2\/posts"}],"about":[{"href":"https:\/\/arantv.az\/index.php?rest_route=\/wp\/v2\/types\/post"}],"author":[{"embeddable":true,"href":"https:\/\/arantv.az\/index.php?rest_route=\/wp\/v2\/users\/2"}],"replies":[{"embeddable":true,"href":"https:\/\/arantv.az\/index.php?rest_route=%2Fwp%2Fv2%2Fcomments&post=593192"}],"version-history":[{"count":0,"href":"https:\/\/arantv.az\/index.php?rest_route=\/wp\/v2\/posts\/593192\/revisions"}],"wp:featuredmedia":[{"embeddable":true,"href":"https:\/\/arantv.az\/index.php?rest_route=\/wp\/v2\/media\/593193"}],"wp:attachment":[{"href":"https:\/\/arantv.az\/index.php?rest_route=%2Fwp%2Fv2%2Fmedia&parent=593192"}],"wp:term":[{"taxonomy":"category","embeddable":true,"href":"https:\/\/arantv.az\/index.php?rest_route=%2Fwp%2Fv2%2Fcategories&post=593192"},{"taxonomy":"post_tag","embeddable":true,"href":"https:\/\/arantv.az\/index.php?rest_route=%2Fwp%2Fv2%2Ftags&post=593192"}],"curies":[{"name":"wp","href":"https:\/\/api.w.org\/{rel}","templated":true}]}}