{"id":593202,"date":"2023-04-25T10:00:10","date_gmt":"2023-04-25T06:00:10","guid":{"rendered":"https:\/\/arantv.az\/?p=593202"},"modified":"2023-04-25T10:00:10","modified_gmt":"2023-04-25T06:00:10","slug":"bil%c9%99suvarda-partlayisda-yaralanan-usaqlardan-daha-biri-bakiya-g%c9%99tirilib","status":"publish","type":"post","link":"https:\/\/arantv.az\/?p=593202","title":{"rendered":"Bil\u0259suvarda partlay\u0131\u015fda yaralanan u\u015faqlardan daha biri Bak\u0131ya g\u0259tirilib"},"content":{"rendered":"<p>Bil\u0259suvarda ya\u015fay\u0131\u015f binas\u0131nda ba\u015f ver\u0259n partlay\u0131\u015f n\u0259tic\u0259sind\u0259 x\u0259sar\u0259t alan u\u015faqlardan daha biri Bak\u0131ya t\u0259xliy\u0259 edilib.<\/p>\n<p>\u201cReport\u201dun Mu\u011fan b\u00fcrosunun m\u0259lumat\u0131na g\u00f6r\u0259, hadis\u0259 zaman\u0131 yaralanan 2009-cu il t\u0259v\u0259ll\u00fcdl\u00fc F.\u018fliyeva Bil\u0259suvar Rayon M\u0259rk\u0259zi X\u0259st\u0259xanas\u0131ndan Respublika Yan\u0131q M\u0259rk\u0259zin\u0259 k\u00f6\u00e7\u00fcr\u00fcl\u00fcb.<\/p>\n<p>Qeyd ed\u0259k ki, daha \u0259vv\u0259l F.\u018fliyevan\u0131n hadis\u0259 zaman\u0131 yaralanan bac\u0131s\u0131 da rayon x\u0259st\u0259xanas\u0131ndan paytaxt x\u0259st\u0259xanalar\u0131ndan birin\u0259 t\u0259xliy\u0259 edilib.<\/p>\n<p>Xat\u0131rladaq ki, partlay\u0131\u015f \u00f6t\u0259n g\u00fcn ax\u015fam saatlar\u0131nda \u015f\u0259h\u0259r \u0259razisind\u0259 yerl\u0259\u015f\u0259n be\u015fm\u0259rt\u0259b\u0259li ya\u015fay\u0131\u015f binas\u0131nda ba\u015f verib v\u0259 n\u0259tic\u0259d\u0259 bir n\u0259f\u0259r \u00f6l\u00fcb, iki n\u0259f\u0259r yaralan\u0131b.<\/p>\n","protected":false},"excerpt":{"rendered":"<p>Bil\u0259suvarda ya\u015fay\u0131\u015f binas\u0131nda ba\u015f ver\u0259n partlay\u0131\u015f n\u0259tic\u0259sind\u0259 x\u0259sar\u0259t alan u\u015faqlardan daha biri Bak\u0131ya t\u0259xliy\u0259 edilib. \u201cReport\u201dun Mu\u011fan b\u00fcrosunun m\u0259lumat\u0131na g\u00f6r\u0259, hadis\u0259 zaman\u0131 yaralanan 2009-cu il t\u0259v\u0259ll\u00fcdl\u00fc F.\u018fliyeva Bil\u0259suvar Rayon M\u0259rk\u0259zi X\u0259st\u0259xanas\u0131ndan Respublika Yan\u0131q M\u0259rk\u0259zin\u0259 k\u00f6\u00e7\u00fcr\u00fcl\u00fcb. Qeyd ed\u0259k ki, daha \u0259vv\u0259l F.\u018fliyevan\u0131n hadis\u0259 zaman\u0131 yaralanan bac\u0131s\u0131 da rayon x\u0259st\u0259xanas\u0131ndan paytaxt x\u0259st\u0259xanalar\u0131ndan birin\u0259 t\u0259xliy\u0259 edilib. Xat\u0131rladaq ki, partlay\u0131\u015f \u00f6t\u0259n g\u00fcn ax\u015fam saatlar\u0131nda \u015f\u0259h\u0259r \u0259razisind\u0259 yerl\u0259\u015f\u0259n be\u015fm\u0259rt\u0259b\u0259li ya\u015fay\u0131\u015f binas\u0131nda ba\u015f verib v\u0259 n\u0259tic\u0259d\u0259 bir n\u0259f\u0259r \u00f6l\u00fcb, iki n\u0259f\u0259r yaralan\u0131b.<\/p>\n","protected":false},"author":2,"featured_media":593203,"comment_status":"closed","ping_status":"closed","sticky":false,"template":"","format":"standard","meta":{"om_disable_all_campaigns":false,"_monsterinsights_skip_tracking":false,"_monsterinsights_sitenote_active":false,"_monsterinsights_sitenote_note":"","_monsterinsights_sitenote_category":0},"categories":[1],"tags":[],"aioseo_notices":[],"gutentor_comment":0,"rttpg_featured_image_url":{"full":["https:\/\/arantv.az\/wp-content\/uploads\/2023\/04\/473dc76f-f4c0-34f6-b205-4b9cf1b520c6_850.jpg",620,413,false],"landscape":["https:\/\/arantv.az\/wp-content\/uploads\/2023\/04\/473dc76f-f4c0-34f6-b205-4b9cf1b520c6_850.jpg",620,413,false],"portraits":["https:\/\/arantv.az\/wp-content\/uploads\/2023\/04\/473dc76f-f4c0-34f6-b205-4b9cf1b520c6_850.jpg",620,413,false],"thumbnail":["https:\/\/arantv.az\/wp-content\/uploads\/2023\/04\/473dc76f-f4c0-34f6-b205-4b9cf1b520c6_850-500x280.jpg",500,280,true],"medium":["https:\/\/arantv.az\/wp-content\/uploads\/2023\/04\/473dc76f-f4c0-34f6-b205-4b9cf1b520c6_850-548x365.jpg",548,365,true],"large":["https:\/\/arantv.az\/wp-content\/uploads\/2023\/04\/473dc76f-f4c0-34f6-b205-4b9cf1b520c6_850.jpg",620,413,false],"1536x1536":["https:\/\/arantv.az\/wp-content\/uploads\/2023\/04\/473dc76f-f4c0-34f6-b205-4b9cf1b520c6_850.jpg",620,413,false],"2048x2048":["https:\/\/arantv.az\/wp-content\/uploads\/2023\/04\/473dc76f-f4c0-34f6-b205-4b9cf1b520c6_850.jpg",620,413,false],"post-thumbnail":["https:\/\/arantv.az\/wp-content\/uploads\/2023\/04\/473dc76f-f4c0-34f6-b205-4b9cf1b520c6_850-240x172.jpg",240,172,true],"advps-thumb-one":["https:\/\/arantv.az\/wp-content\/uploads\/2023\/04\/473dc76f-f4c0-34f6-b205-4b9cf1b520c6_850.jpg",620,413,false]},"rttpg_author":{"display_name":"V\u00fcsal Rafiqo\u011flu","author_link":"https:\/\/arantv.az\/?author=2"},"rttpg_comment":0,"rttpg_category":"<a href=\"https:\/\/arantv.az\/?cat=1\" rel=\"category\">C\u0259miyy\u0259t<\/a>","rttpg_excerpt":"Bil\u0259suvarda ya\u015fay\u0131\u015f binas\u0131nda ba\u015f ver\u0259n partlay\u0131\u015f n\u0259tic\u0259sind\u0259 x\u0259sar\u0259t alan u\u015faqlardan daha biri Bak\u0131ya t\u0259xliy\u0259 edilib. \u201cReport\u201dun Mu\u011fan b\u00fcrosunun m\u0259lumat\u0131na g\u00f6r\u0259, hadis\u0259 zaman\u0131 yaralanan 2009-cu il t\u0259v\u0259ll\u00fcdl\u00fc F.\u018fliyeva Bil\u0259suvar Rayon M\u0259rk\u0259zi X\u0259st\u0259xanas\u0131ndan Respublika Yan\u0131q M\u0259rk\u0259zin\u0259 k\u00f6\u00e7\u00fcr\u00fcl\u00fcb. Qeyd ed\u0259k ki, daha \u0259vv\u0259l F.\u018fliyevan\u0131n hadis\u0259 zaman\u0131 yaralanan bac\u0131s\u0131 da rayon x\u0259st\u0259xanas\u0131ndan paytaxt x\u0259st\u0259xanalar\u0131ndan birin\u0259 t\u0259xliy\u0259 edilib. Xat\u0131rladaq ki,&hellip;","_links":{"self":[{"href":"https:\/\/arantv.az\/index.php?rest_route=\/wp\/v2\/posts\/593202"}],"collection":[{"href":"https:\/\/arantv.az\/index.php?rest_route=\/wp\/v2\/posts"}],"about":[{"href":"https:\/\/arantv.az\/index.php?rest_route=\/wp\/v2\/types\/post"}],"author":[{"embeddable":true,"href":"https:\/\/arantv.az\/index.php?rest_route=\/wp\/v2\/users\/2"}],"replies":[{"embeddable":true,"href":"https:\/\/arantv.az\/index.php?rest_route=%2Fwp%2Fv2%2Fcomments&post=593202"}],"version-history":[{"count":0,"href":"https:\/\/arantv.az\/index.php?rest_route=\/wp\/v2\/posts\/593202\/revisions"}],"wp:featuredmedia":[{"embeddable":true,"href":"https:\/\/arantv.az\/index.php?rest_route=\/wp\/v2\/media\/593203"}],"wp:attachment":[{"href":"https:\/\/arantv.az\/index.php?rest_route=%2Fwp%2Fv2%2Fmedia&parent=593202"}],"wp:term":[{"taxonomy":"category","embeddable":true,"href":"https:\/\/arantv.az\/index.php?rest_route=%2Fwp%2Fv2%2Fcategories&post=593202"},{"taxonomy":"post_tag","embeddable":true,"href":"https:\/\/arantv.az\/index.php?rest_route=%2Fwp%2Fv2%2Ftags&post=593202"}],"curies":[{"name":"wp","href":"https:\/\/api.w.org\/{rel}","templated":true}]}}