{"id":593208,"date":"2023-04-25T10:05:26","date_gmt":"2023-04-25T06:05:26","guid":{"rendered":"https:\/\/arantv.az\/?p=593208"},"modified":"2023-04-25T10:05:26","modified_gmt":"2023-04-25T06:05:26","slug":"agcab%c9%99did%c9%99-iki-avtomobil-toqqusub-ol%c9%99n-v%c9%99-x%c9%99sar%c9%99t-alanlar-var","status":"publish","type":"post","link":"https:\/\/arantv.az\/?p=593208","title":{"rendered":"A\u011fcab\u0259did\u0259 iki avtomobil toqqu\u015fub, \u00f6l\u0259n v\u0259 x\u0259sar\u0259t alanlar var"},"content":{"rendered":"<p>A\u011fcab\u0259did\u0259 \u00f6l\u00fcml\u0259 n\u0259tic\u0259l\u0259n\u0259n yol-n\u0259qliyyat hadis\u0259si olub.<\/p>\n<p>APA x\u0259b\u0259r verir ki, hadis\u0259 A\u011fcab\u0259di-A\u011fdam avtomobil yolunun A\u011fcab\u0259di rayonunun Hindarx q\u0259s\u0259b\u0259sind\u0259n ke\u00e7\u0259n \u0259razisind\u0259 qeyd\u0259 al\u0131n\u0131b.<\/p>\n<p>1993-c\u00fc il t\u0259v\u0259ll\u00fcdl\u00fc Natiq F\u0259qani o\u011flu F\u0259r\u0259covun idar\u0259 etdiyi \u201cMercedes-Benz\u201d markal\u0131 avtomobill\u0259 1999-cu il t\u0259v\u0259ll\u00fcdl\u00fc S\u00fcleyman Yelmar o\u011flu F\u0259t\u0259liyevin idar\u0259 etdiyi MG markal\u0131 avtomobil toqqu\u015fub.<\/p>\n<p>N\u0259tic\u0259d\u0259 MG markal\u0131 avtomobild\u0259 olan s\u0259rni\u015fin Q\u0259yan\u0259 H\u00fcseyn q\u0131z\u0131 H\u0259s\u0259nova ald\u0131\u011f\u0131 x\u0259sar\u0259tl\u0259rd\u0259n hadis\u0259 yerind\u0259 \u00f6l\u00fcb, h\u0259min avtomobild\u0259 olan dig\u0259r s\u0259rni\u015fin, K\u0259mal\u0259 H\u00fcseyn q\u0131z\u0131 M\u0259mm\u0259dova v\u0259 \u201cMercedes-Benz\u201d markal\u0131 avtomobilin s\u00fcr\u00fcc\u00fcs\u00fc Natiq F\u0259qani o\u011flu F\u0259r\u0259cov is\u0259 m\u00fcxt\u0259lif d\u0259r\u0259c\u0259li b\u0259d\u0259n x\u0259sar\u0259tl\u0259ri alaraq rayon m\u0259rk\u0259zi x\u0259st\u0259xanas\u0131na yerl\u0259\u015fdirilibl\u0259r.<\/p>\n<p>Fakta g\u00f6r\u0259 A\u011fcab\u0259di Rayon Polis \u015e\u00f6b\u0259sinin istintaq b\u00f6lm\u0259sind\u0259 Cinay\u0259t M\u0259c\u0259ll\u0259sinin 263.2-ci madd\u0259si il\u0259 cinay\u0259t i\u015fi ba\u015flanaraq ibtidai istintaq apar\u0131l\u0131r.<\/p>\n","protected":false},"excerpt":{"rendered":"<p>A\u011fcab\u0259did\u0259 \u00f6l\u00fcml\u0259 n\u0259tic\u0259l\u0259n\u0259n yol-n\u0259qliyyat hadis\u0259si olub. APA x\u0259b\u0259r verir ki, hadis\u0259 A\u011fcab\u0259di-A\u011fdam avtomobil yolunun A\u011fcab\u0259di rayonunun Hindarx q\u0259s\u0259b\u0259sind\u0259n ke\u00e7\u0259n \u0259razisind\u0259 qeyd\u0259 al\u0131n\u0131b. 1993-c\u00fc il t\u0259v\u0259ll\u00fcdl\u00fc Natiq F\u0259qani o\u011flu F\u0259r\u0259covun idar\u0259 etdiyi \u201cMercedes-Benz\u201d markal\u0131 avtomobill\u0259 1999-cu il t\u0259v\u0259ll\u00fcdl\u00fc S\u00fcleyman Yelmar o\u011flu F\u0259t\u0259liyevin idar\u0259 etdiyi MG markal\u0131 avtomobil toqqu\u015fub. N\u0259tic\u0259d\u0259 MG markal\u0131 avtomobild\u0259 olan s\u0259rni\u015fin Q\u0259yan\u0259 H\u00fcseyn q\u0131z\u0131 H\u0259s\u0259nova ald\u0131\u011f\u0131 x\u0259sar\u0259tl\u0259rd\u0259n hadis\u0259 yerind\u0259 \u00f6l\u00fcb, h\u0259min avtomobild\u0259 olan dig\u0259r s\u0259rni\u015fin, K\u0259mal\u0259 H\u00fcseyn q\u0131z\u0131 M\u0259mm\u0259dova v\u0259 \u201cMercedes-Benz\u201d markal\u0131 avtomobilin s\u00fcr\u00fcc\u00fcs\u00fc Natiq F\u0259qani o\u011flu F\u0259r\u0259cov is\u0259 m\u00fcxt\u0259lif d\u0259r\u0259c\u0259li b\u0259d\u0259n x\u0259sar\u0259tl\u0259ri alaraq rayon m\u0259rk\u0259zi x\u0259st\u0259xanas\u0131na yerl\u0259\u015fdirilibl\u0259r.&hellip;<\/p>\n","protected":false},"author":2,"featured_media":593209,"comment_status":"closed","ping_status":"closed","sticky":false,"template":"","format":"standard","meta":{"om_disable_all_campaigns":false,"_monsterinsights_skip_tracking":false,"_monsterinsights_sitenote_active":false,"_monsterinsights_sitenote_note":"","_monsterinsights_sitenote_category":0},"categories":[5],"tags":[],"aioseo_notices":[],"gutentor_comment":0,"rttpg_featured_image_url":{"full":["https:\/\/arantv.az\/wp-content\/uploads\/2023\/04\/FotoJet-7-1-1.jpg",620,413,false],"landscape":["https:\/\/arantv.az\/wp-content\/uploads\/2023\/04\/FotoJet-7-1-1.jpg",620,413,false],"portraits":["https:\/\/arantv.az\/wp-content\/uploads\/2023\/04\/FotoJet-7-1-1.jpg",620,413,false],"thumbnail":["https:\/\/arantv.az\/wp-content\/uploads\/2023\/04\/FotoJet-7-1-1-500x280.jpg",500,280,true],"medium":["https:\/\/arantv.az\/wp-content\/uploads\/2023\/04\/FotoJet-7-1-1-548x365.jpg",548,365,true],"large":["https:\/\/arantv.az\/wp-content\/uploads\/2023\/04\/FotoJet-7-1-1.jpg",620,413,false],"1536x1536":["https:\/\/arantv.az\/wp-content\/uploads\/2023\/04\/FotoJet-7-1-1.jpg",620,413,false],"2048x2048":["https:\/\/arantv.az\/wp-content\/uploads\/2023\/04\/FotoJet-7-1-1.jpg",620,413,false],"post-thumbnail":["https:\/\/arantv.az\/wp-content\/uploads\/2023\/04\/FotoJet-7-1-1-240x172.jpg",240,172,true],"advps-thumb-one":["https:\/\/arantv.az\/wp-content\/uploads\/2023\/04\/FotoJet-7-1-1.jpg",620,413,false]},"rttpg_author":{"display_name":"V\u00fcsal Rafiqo\u011flu","author_link":"https:\/\/arantv.az\/?author=2"},"rttpg_comment":0,"rttpg_category":"<a href=\"https:\/\/arantv.az\/?cat=5\" rel=\"category\">Hadis\u0259<\/a>","rttpg_excerpt":"A\u011fcab\u0259did\u0259 \u00f6l\u00fcml\u0259 n\u0259tic\u0259l\u0259n\u0259n yol-n\u0259qliyyat hadis\u0259si olub. APA x\u0259b\u0259r verir ki, hadis\u0259 A\u011fcab\u0259di-A\u011fdam avtomobil yolunun A\u011fcab\u0259di rayonunun Hindarx q\u0259s\u0259b\u0259sind\u0259n ke\u00e7\u0259n \u0259razisind\u0259 qeyd\u0259 al\u0131n\u0131b. 1993-c\u00fc il t\u0259v\u0259ll\u00fcdl\u00fc Natiq F\u0259qani o\u011flu F\u0259r\u0259covun idar\u0259 etdiyi \u201cMercedes-Benz\u201d markal\u0131 avtomobill\u0259 1999-cu il t\u0259v\u0259ll\u00fcdl\u00fc S\u00fcleyman Yelmar o\u011flu F\u0259t\u0259liyevin idar\u0259 etdiyi MG markal\u0131 avtomobil toqqu\u015fub. N\u0259tic\u0259d\u0259 MG markal\u0131 avtomobild\u0259 olan s\u0259rni\u015fin Q\u0259yan\u0259 H\u00fcseyn&hellip;","_links":{"self":[{"href":"https:\/\/arantv.az\/index.php?rest_route=\/wp\/v2\/posts\/593208"}],"collection":[{"href":"https:\/\/arantv.az\/index.php?rest_route=\/wp\/v2\/posts"}],"about":[{"href":"https:\/\/arantv.az\/index.php?rest_route=\/wp\/v2\/types\/post"}],"author":[{"embeddable":true,"href":"https:\/\/arantv.az\/index.php?rest_route=\/wp\/v2\/users\/2"}],"replies":[{"embeddable":true,"href":"https:\/\/arantv.az\/index.php?rest_route=%2Fwp%2Fv2%2Fcomments&post=593208"}],"version-history":[{"count":0,"href":"https:\/\/arantv.az\/index.php?rest_route=\/wp\/v2\/posts\/593208\/revisions"}],"wp:featuredmedia":[{"embeddable":true,"href":"https:\/\/arantv.az\/index.php?rest_route=\/wp\/v2\/media\/593209"}],"wp:attachment":[{"href":"https:\/\/arantv.az\/index.php?rest_route=%2Fwp%2Fv2%2Fmedia&parent=593208"}],"wp:term":[{"taxonomy":"category","embeddable":true,"href":"https:\/\/arantv.az\/index.php?rest_route=%2Fwp%2Fv2%2Fcategories&post=593208"},{"taxonomy":"post_tag","embeddable":true,"href":"https:\/\/arantv.az\/index.php?rest_route=%2Fwp%2Fv2%2Ftags&post=593208"}],"curies":[{"name":"wp","href":"https:\/\/api.w.org\/{rel}","templated":true}]}}