{"id":593220,"date":"2023-04-25T10:22:48","date_gmt":"2023-04-25T06:22:48","guid":{"rendered":"https:\/\/arantv.az\/?p=593220"},"modified":"2023-04-25T10:22:48","modified_gmt":"2023-04-25T06:22:48","slug":"formula-1-komandasinin-direktoru-baki-bolidimizin-imkanlarina-uygun-trekdir","status":"publish","type":"post","link":"https:\/\/arantv.az\/?p=593220","title":{"rendered":"\u201cFormula-1\u201d komandas\u0131n\u0131n direktoru: \u201cBak\u0131 bolidimizin imkanlar\u0131na uy\u011fun trekdir\u201d"},"content":{"rendered":"<p>\u201cD\u00fc\u015f\u00fcn\u00fcr\u0259m ki, Bak\u0131 bizim bolidimizin imkanlar\u0131na uy\u011fun trekdir\u201d.<\/p>\n<p>\u201cReport\u201d x\u0259b\u0259r verir ki, bunu \u201cFormula-1\u201d \u00fczr\u0259 d\u00fcnya \u00e7empionat\u0131nda \u00e7\u0131x\u0131\u015f ed\u0259n \u201cWilliams\u201d komandas\u0131n\u0131n direktoru Ceyms Voulz yar\u0131\u015f\u0131n r\u0259smi sayt\u0131na a\u00e7\u0131qlamas\u0131nda deyib.<\/p>\n<p>44 ya\u015fl\u0131 funksioner indiy\u0259d\u0259k Az\u0259rbaycan Qran-prisinin h\u0259r birind\u0259 xallar u\u011frunda m\u00fcbariz\u0259 apard\u0131qlar\u0131n\u0131 bildirib:<\/p>\n<p>\u201cSad\u0259c\u0259, \u0259vv\u0259lki yar\u0131\u015flardan h\u0259r \u015feyi \u00f6yr\u0259ndiyimiz\u0259 \u0259min olmal\u0131y\u0131q. Qar\u015f\u0131dak\u0131 h\u0259ft\u0259sonunda \u0259limizd\u0259n g\u0259l\u0259nin \u0259n yax\u015f\u0131s\u0131n\u0131 ed\u0259c\u0259yik\u201d.<\/p>\n<p>Qeyd ed\u0259k ki, Az\u0259rbaycan Qran-prisi 28-30 apreld\u0259 ba\u015f tutacaq.<\/p>\n","protected":false},"excerpt":{"rendered":"<p>\u201cD\u00fc\u015f\u00fcn\u00fcr\u0259m ki, Bak\u0131 bizim bolidimizin imkanlar\u0131na uy\u011fun trekdir\u201d. \u201cReport\u201d x\u0259b\u0259r verir ki, bunu \u201cFormula-1\u201d \u00fczr\u0259 d\u00fcnya \u00e7empionat\u0131nda \u00e7\u0131x\u0131\u015f ed\u0259n \u201cWilliams\u201d komandas\u0131n\u0131n direktoru Ceyms Voulz yar\u0131\u015f\u0131n r\u0259smi sayt\u0131na a\u00e7\u0131qlamas\u0131nda deyib. 44 ya\u015fl\u0131 funksioner indiy\u0259d\u0259k Az\u0259rbaycan Qran-prisinin h\u0259r birind\u0259 xallar u\u011frunda m\u00fcbariz\u0259 apard\u0131qlar\u0131n\u0131 bildirib: \u201cSad\u0259c\u0259, \u0259vv\u0259lki yar\u0131\u015flardan h\u0259r \u015feyi \u00f6yr\u0259ndiyimiz\u0259 \u0259min olmal\u0131y\u0131q. Qar\u015f\u0131dak\u0131 h\u0259ft\u0259sonunda \u0259limizd\u0259n g\u0259l\u0259nin \u0259n yax\u015f\u0131s\u0131n\u0131 ed\u0259c\u0259yik\u201d. Qeyd ed\u0259k ki, Az\u0259rbaycan Qran-prisi 28-30 apreld\u0259 ba\u015f tutacaq.<\/p>\n","protected":false},"author":2,"featured_media":593221,"comment_status":"closed","ping_status":"closed","sticky":false,"template":"","format":"standard","meta":{"om_disable_all_campaigns":false,"_monsterinsights_skip_tracking":false,"_monsterinsights_sitenote_active":false,"_monsterinsights_sitenote_note":"","_monsterinsights_sitenote_category":0},"categories":[6],"tags":[],"aioseo_notices":[],"gutentor_comment":0,"rttpg_featured_image_url":{"full":["https:\/\/arantv.az\/wp-content\/uploads\/2023\/04\/FotoJet-2023-04-25T093030.566.jpg",620,413,false],"landscape":["https:\/\/arantv.az\/wp-content\/uploads\/2023\/04\/FotoJet-2023-04-25T093030.566.jpg",620,413,false],"portraits":["https:\/\/arantv.az\/wp-content\/uploads\/2023\/04\/FotoJet-2023-04-25T093030.566.jpg",620,413,false],"thumbnail":["https:\/\/arantv.az\/wp-content\/uploads\/2023\/04\/FotoJet-2023-04-25T093030.566-500x280.jpg",500,280,true],"medium":["https:\/\/arantv.az\/wp-content\/uploads\/2023\/04\/FotoJet-2023-04-25T093030.566-548x365.jpg",548,365,true],"large":["https:\/\/arantv.az\/wp-content\/uploads\/2023\/04\/FotoJet-2023-04-25T093030.566.jpg",620,413,false],"1536x1536":["https:\/\/arantv.az\/wp-content\/uploads\/2023\/04\/FotoJet-2023-04-25T093030.566.jpg",620,413,false],"2048x2048":["https:\/\/arantv.az\/wp-content\/uploads\/2023\/04\/FotoJet-2023-04-25T093030.566.jpg",620,413,false],"post-thumbnail":["https:\/\/arantv.az\/wp-content\/uploads\/2023\/04\/FotoJet-2023-04-25T093030.566-240x172.jpg",240,172,true],"advps-thumb-one":["https:\/\/arantv.az\/wp-content\/uploads\/2023\/04\/FotoJet-2023-04-25T093030.566.jpg",620,413,false]},"rttpg_author":{"display_name":"V\u00fcsal Rafiqo\u011flu","author_link":"https:\/\/arantv.az\/?author=2"},"rttpg_comment":0,"rttpg_category":"<a href=\"https:\/\/arantv.az\/?cat=6\" rel=\"category\">\u0130dman<\/a>","rttpg_excerpt":"\u201cD\u00fc\u015f\u00fcn\u00fcr\u0259m ki, Bak\u0131 bizim bolidimizin imkanlar\u0131na uy\u011fun trekdir\u201d. \u201cReport\u201d x\u0259b\u0259r verir ki, bunu \u201cFormula-1\u201d \u00fczr\u0259 d\u00fcnya \u00e7empionat\u0131nda \u00e7\u0131x\u0131\u015f ed\u0259n \u201cWilliams\u201d komandas\u0131n\u0131n direktoru Ceyms Voulz yar\u0131\u015f\u0131n r\u0259smi sayt\u0131na a\u00e7\u0131qlamas\u0131nda deyib. 44 ya\u015fl\u0131 funksioner indiy\u0259d\u0259k Az\u0259rbaycan Qran-prisinin h\u0259r birind\u0259 xallar u\u011frunda m\u00fcbariz\u0259 apard\u0131qlar\u0131n\u0131 bildirib: \u201cSad\u0259c\u0259, \u0259vv\u0259lki yar\u0131\u015flardan h\u0259r \u015feyi \u00f6yr\u0259ndiyimiz\u0259 \u0259min olmal\u0131y\u0131q. Qar\u015f\u0131dak\u0131 h\u0259ft\u0259sonunda \u0259limizd\u0259n g\u0259l\u0259nin \u0259n&hellip;","_links":{"self":[{"href":"https:\/\/arantv.az\/index.php?rest_route=\/wp\/v2\/posts\/593220"}],"collection":[{"href":"https:\/\/arantv.az\/index.php?rest_route=\/wp\/v2\/posts"}],"about":[{"href":"https:\/\/arantv.az\/index.php?rest_route=\/wp\/v2\/types\/post"}],"author":[{"embeddable":true,"href":"https:\/\/arantv.az\/index.php?rest_route=\/wp\/v2\/users\/2"}],"replies":[{"embeddable":true,"href":"https:\/\/arantv.az\/index.php?rest_route=%2Fwp%2Fv2%2Fcomments&post=593220"}],"version-history":[{"count":0,"href":"https:\/\/arantv.az\/index.php?rest_route=\/wp\/v2\/posts\/593220\/revisions"}],"wp:featuredmedia":[{"embeddable":true,"href":"https:\/\/arantv.az\/index.php?rest_route=\/wp\/v2\/media\/593221"}],"wp:attachment":[{"href":"https:\/\/arantv.az\/index.php?rest_route=%2Fwp%2Fv2%2Fmedia&parent=593220"}],"wp:term":[{"taxonomy":"category","embeddable":true,"href":"https:\/\/arantv.az\/index.php?rest_route=%2Fwp%2Fv2%2Fcategories&post=593220"},{"taxonomy":"post_tag","embeddable":true,"href":"https:\/\/arantv.az\/index.php?rest_route=%2Fwp%2Fv2%2Ftags&post=593220"}],"curies":[{"name":"wp","href":"https:\/\/api.w.org\/{rel}","templated":true}]}}