{"id":593230,"date":"2023-04-25T10:33:06","date_gmt":"2023-04-25T06:33:06","guid":{"rendered":"https:\/\/arantv.az\/?p=593230"},"modified":"2023-04-25T10:33:06","modified_gmt":"2023-04-25T06:33:06","slug":"fransanin-xarici-isl%c9%99r-naziri-az%c9%99rbaycana-g%c9%99lir","status":"publish","type":"post","link":"https:\/\/arantv.az\/?p=593230","title":{"rendered":"Fransan\u0131n xarici i\u015fl\u0259r naziri Az\u0259rbaycana g\u0259lir"},"content":{"rendered":"<p>Fransan\u0131n xarici i\u015fl\u0259r naziri Katrin Kolonna aprelin 26-28-d\u0259 Az\u0259rbaycanda v\u0259 Erm\u0259nistanda s\u0259f\u0259rd\u0259 olacaq.<\/p>\n<p>Bu bar\u0259d\u0259 Fransa Xarici \u0130\u015fl\u0259r Nazirliyinin M\u0259tbuat Xidm\u0259ti\u00a0m\u0259lumat yay\u0131b.<\/p>\n<p>M\u0259lumatda qeyd olunur ki, fransal\u0131 diplomat Bak\u0131da Az\u0259rbaycan\u0131n xarici i\u015fl\u0259r naziri Ceyhun Bayramovla g\u00f6r\u00fc\u015f\u0259c\u0259k.<\/p>\n<p>M\u0259nb\u0259: Diplomatie.gouv.fr<\/p>\n","protected":false},"excerpt":{"rendered":"<p>Fransan\u0131n xarici i\u015fl\u0259r naziri Katrin Kolonna aprelin 26-28-d\u0259 Az\u0259rbaycanda v\u0259 Erm\u0259nistanda s\u0259f\u0259rd\u0259 olacaq. Bu bar\u0259d\u0259 Fransa Xarici \u0130\u015fl\u0259r Nazirliyinin M\u0259tbuat Xidm\u0259ti\u00a0m\u0259lumat yay\u0131b. M\u0259lumatda qeyd olunur ki, fransal\u0131 diplomat Bak\u0131da Az\u0259rbaycan\u0131n xarici i\u015fl\u0259r naziri Ceyhun Bayramovla g\u00f6r\u00fc\u015f\u0259c\u0259k. M\u0259nb\u0259: Diplomatie.gouv.fr<\/p>\n","protected":false},"author":2,"featured_media":593231,"comment_status":"closed","ping_status":"closed","sticky":false,"template":"","format":"standard","meta":{"om_disable_all_campaigns":false,"_monsterinsights_skip_tracking":false,"_monsterinsights_sitenote_active":false,"_monsterinsights_sitenote_note":"","_monsterinsights_sitenote_category":0},"categories":[19],"tags":[],"aioseo_notices":[],"gutentor_comment":0,"rttpg_featured_image_url":{"full":["https:\/\/arantv.az\/wp-content\/uploads\/2023\/04\/343067483_1319055058737307_824001329870338379_n.jpg",620,413,false],"landscape":["https:\/\/arantv.az\/wp-content\/uploads\/2023\/04\/343067483_1319055058737307_824001329870338379_n.jpg",620,413,false],"portraits":["https:\/\/arantv.az\/wp-content\/uploads\/2023\/04\/343067483_1319055058737307_824001329870338379_n.jpg",620,413,false],"thumbnail":["https:\/\/arantv.az\/wp-content\/uploads\/2023\/04\/343067483_1319055058737307_824001329870338379_n-500x280.jpg",500,280,true],"medium":["https:\/\/arantv.az\/wp-content\/uploads\/2023\/04\/343067483_1319055058737307_824001329870338379_n-548x365.jpg",548,365,true],"large":["https:\/\/arantv.az\/wp-content\/uploads\/2023\/04\/343067483_1319055058737307_824001329870338379_n.jpg",620,413,false],"1536x1536":["https:\/\/arantv.az\/wp-content\/uploads\/2023\/04\/343067483_1319055058737307_824001329870338379_n.jpg",620,413,false],"2048x2048":["https:\/\/arantv.az\/wp-content\/uploads\/2023\/04\/343067483_1319055058737307_824001329870338379_n.jpg",620,413,false],"post-thumbnail":["https:\/\/arantv.az\/wp-content\/uploads\/2023\/04\/343067483_1319055058737307_824001329870338379_n-240x172.jpg",240,172,true],"advps-thumb-one":["https:\/\/arantv.az\/wp-content\/uploads\/2023\/04\/343067483_1319055058737307_824001329870338379_n.jpg",620,413,false]},"rttpg_author":{"display_name":"V\u00fcsal Rafiqo\u011flu","author_link":"https:\/\/arantv.az\/?author=2"},"rttpg_comment":0,"rttpg_category":"<a href=\"https:\/\/arantv.az\/?cat=19\" rel=\"category\">G\u00fcnd\u0259m<\/a>","rttpg_excerpt":"Fransan\u0131n xarici i\u015fl\u0259r naziri Katrin Kolonna aprelin 26-28-d\u0259 Az\u0259rbaycanda v\u0259 Erm\u0259nistanda s\u0259f\u0259rd\u0259 olacaq. Bu bar\u0259d\u0259 Fransa Xarici \u0130\u015fl\u0259r Nazirliyinin M\u0259tbuat Xidm\u0259ti\u00a0m\u0259lumat yay\u0131b. M\u0259lumatda qeyd olunur ki, fransal\u0131 diplomat Bak\u0131da Az\u0259rbaycan\u0131n xarici i\u015fl\u0259r naziri Ceyhun Bayramovla g\u00f6r\u00fc\u015f\u0259c\u0259k. M\u0259nb\u0259: Diplomatie.gouv.fr","_links":{"self":[{"href":"https:\/\/arantv.az\/index.php?rest_route=\/wp\/v2\/posts\/593230"}],"collection":[{"href":"https:\/\/arantv.az\/index.php?rest_route=\/wp\/v2\/posts"}],"about":[{"href":"https:\/\/arantv.az\/index.php?rest_route=\/wp\/v2\/types\/post"}],"author":[{"embeddable":true,"href":"https:\/\/arantv.az\/index.php?rest_route=\/wp\/v2\/users\/2"}],"replies":[{"embeddable":true,"href":"https:\/\/arantv.az\/index.php?rest_route=%2Fwp%2Fv2%2Fcomments&post=593230"}],"version-history":[{"count":0,"href":"https:\/\/arantv.az\/index.php?rest_route=\/wp\/v2\/posts\/593230\/revisions"}],"wp:featuredmedia":[{"embeddable":true,"href":"https:\/\/arantv.az\/index.php?rest_route=\/wp\/v2\/media\/593231"}],"wp:attachment":[{"href":"https:\/\/arantv.az\/index.php?rest_route=%2Fwp%2Fv2%2Fmedia&parent=593230"}],"wp:term":[{"taxonomy":"category","embeddable":true,"href":"https:\/\/arantv.az\/index.php?rest_route=%2Fwp%2Fv2%2Fcategories&post=593230"},{"taxonomy":"post_tag","embeddable":true,"href":"https:\/\/arantv.az\/index.php?rest_route=%2Fwp%2Fv2%2Ftags&post=593230"}],"curies":[{"name":"wp","href":"https:\/\/api.w.org\/{rel}","templated":true}]}}