{"id":593239,"date":"2023-04-25T10:36:33","date_gmt":"2023-04-25T06:36:33","guid":{"rendered":"https:\/\/arantv.az\/?p=593239"},"modified":"2023-04-25T10:36:33","modified_gmt":"2023-04-25T06:36:33","slug":"tural-sadiqli-erm%c9%99nil%c9%99r%c9%99-gor%c9%99-niy%c9%99-narahatdir-ur%c9%99k-bulandiran-milc%c9%99k","status":"publish","type":"post","link":"https:\/\/arantv.az\/?p=593239","title":{"rendered":"Tural Sad\u0131ql\u0131 erm\u0259nil\u0259r\u0259 g\u00f6r\u0259 niy\u0259 narahatd\u0131r? \u2014 \u00dcr\u0259k buland\u0131ran mil\u00e7\u0259k&#8230;"},"content":{"rendered":"<p>Az\u0259rbaycan\u0131n La\u00e7\u0131n yolunda n\u0259zar\u0259t-ke\u00e7id m\u0259nt\u0259q\u0259si qurmas\u0131 Qaraba\u011fda suverenliyinin tam b\u0259rpa edilm\u0259si, Xank\u0259ndind\u0259 \u00fc\u00e7r\u0259ngli bayra\u011f\u0131m\u0131z\u0131n da\u011flanmas\u0131na do\u011fru at\u0131lm\u0131\u015f \u0259n m\u00fch\u00fcm add\u0131md\u0131r.<\/p>\n<p>Bel\u0259likl\u0259, Qaraba\u011fda separat\u00e7\u0131lar\u0131n qondarma \u201cd\u00f6vl\u0259tcik\u201d oyunlar\u0131 tamamil\u0259 s\u0131radan \u00e7\u0131xd\u0131 v\u0259 Prezident \u0130lham \u018fliyevin b\u0259yan etdiyi kimi, erm\u0259nil\u0259rin yegan\u0259 se\u00e7imi Az\u0259rbaycan v\u0259t\u0259nda\u015fl\u0131\u011f\u0131n\u0131 q\u0259bul etm\u0259k oldu. Bunun alternativi olmayacaq, v\u0259t\u0259nda\u015fl\u0131\u011f\u0131 q\u0259bul ed\u0259nl\u0259r b\u0259rab\u0259rh\u00fcquqlu \u015f\u0259kild\u0259 ya\u015fayacaqlar, etm\u0259y\u0259nl\u0259r is\u0259 \u0259razil\u0259rimizi t\u0259rk ed\u0259c\u0259k.<\/p>\n<p>La\u00e7\u0131n yoluna n\u0259zar\u0259t-ke\u00e7id m\u0259nt\u0259q\u0259sinin qurulmas\u0131 onu da t\u0259sdiq edir ki, Az\u0259rbaycan\u0131 \u00f6z suveren \u0259razisind\u0259 hans\u0131sa add\u0131m atmaqdan \u00e7\u0259kindir\u0259 bil\u0259c\u0259k g\u00fcc yoxdur, h\u0259m\u00e7inin, separat\u00e7\u0131lar\u0131n arxalana bil\u0259c\u0259yi g\u00fcc m\u0259rk\u0259zl\u0259ri Bak\u0131n\u0131n haql\u0131 v\u0259 prinsipial m\u00f6vqeyi qar\u015f\u0131s\u0131nda he\u00e7 n\u0259 ed\u0259 bilmirl\u0259r.<\/p>\n<p>Bu add\u0131m eyni zamanda, Az\u0259rbaycan c\u0259miyy\u0259tind\u0259 Xank\u0259ndiy\u0259 qay\u0131d\u0131\u015f m\u0259s\u0259l\u0259sind\u0259ki inam\u0131 q\u0259til\u0259\u015fdirdi. C\u0259miyy\u0259timizd\u0259ki \u0259hval-ruhiyy\u0259 d\u0259 onu g\u00f6st\u0259rir ki, xalq \u00f6z lideri \u0130lham \u018fliyev\u0259 sonad\u0259k inan\u0131r. Bu inam Az\u0259rbaycan\u0131n g\u00fccl\u00fc olmas\u0131 v\u0259 Qaraba\u011fda milli maraqlar\u0131m\u0131z\u0131n t\u0259min edilm\u0259si bax\u0131m\u0131ndan \u0259h\u0259miyy\u0259tlidir. M\u0259hz erm\u0259nil\u0259r Az\u0259rbaycan xalq\u0131ndak\u0131 bu inam\u0131 sars\u0131tmaq m\u0259qs\u0259dil\u0259 informasiya c\u0259bh\u0259sind\u0259 gec\u0259-g\u00fcnd\u00fcz \u0259ll\u0259\u015fir, dezinformasiyalar v\u0259 uydurma iddialarla reall\u0131\u011fa k\u00f6lg\u0259 salma\u011fa \u00e7al\u0131\u015f\u0131rlar.<\/p>\n<p>Erm\u0259nil\u0259rin bu m\u0259krli oyunlar\u0131nda i\u015ftirak ed\u0259n az\u0259rbaycanl\u0131lar, daha do\u011frusu, \u201caz\u0259rbaycanl\u0131\u201d ad\u0131 alt\u0131nda gizl\u0259n\u0259n anti-milli \u00fcsn\u00fcrl\u0259r d\u0259 var. Avropada oturub Az\u0259rbaycana nifr\u0259t ya\u011fd\u0131ran Tural Sad\u0131ql\u0131 da bel\u0259l\u0259rind\u0259ndir. B\u00fct\u00fcn milli v\u0259 d\u00f6vl\u0259t m\u0259s\u0259l\u0259l\u0259rind\u0259 anti-milli m\u00f6vqe s\u0259rgil\u0259y\u0259n bu zat La\u00e7\u0131n yoluna n\u0259zar\u0259t-ke\u00e7id m\u0259nt\u0259q\u0259sinin qurulmas\u0131n\u0131 da eyni m\u00f6vqe v\u0259 t\u0259\u0259ss\u00fcfl\u0259 qar\u015f\u0131lad\u0131, d\u0259rhal, uydurma iddialar\u0131 il\u0259 dezinformasiyalar yayma\u011fa ba\u015flad\u0131.<\/p>\n<p>Savad\u0131, qabiliyy\u0259ti yaln\u0131z s\u00f6y\u00fc\u015f s\u00f6ym\u0259y\u0259 yet\u0259n bu zat\u0131n \u0259slind\u0259 n\u0259 Qaraba\u011fdak\u0131 prosesl\u0259rd\u0259n, n\u0259 b\u00f6lg\u0259d\u0259 ba\u015f ver\u0259nl\u0259rd\u0259n, n\u0259 d\u0259 La\u00e7\u0131n yolundan x\u0259b\u0259rinin olmad\u0131\u011f\u0131 g\u00fcn kimi ayd\u0131nd\u0131r. Bu bax\u0131mdan, onun iddilar\u0131 da prinsip etibaril\u0259 he\u00e7 n\u0259 d\u0259yi\u015fdirmir. Lakin bir m\u0259s\u0259l var: \u201cmil\u00e7\u0259k bir \u015fey deyil, \u00fcr\u0259k buland\u0131r\u0131r\u201d. Tural Sad\u0131ql\u0131 da \u00fcr\u0259k buland\u0131rmaqdan ba\u015fqa bir \u015fey etmir&#8230;<\/p>\n<p>La\u00e7\u0131n yolunda Az\u0259rbaycan\u0131n tarixi add\u0131m\u0131na qar\u015f\u0131 ir\u0259li s\u00fcrd\u00fcy\u00fc iddialar is\u0259 onun erm\u0259nil\u0259rl\u0259 \u0259m\u0259kda\u015fl\u0131\u011f\u0131na \u015f\u00fcbh\u0259 yeri qoymur.<\/p>\n<p>Erm\u0259ni m\u0259nb\u0259l\u0259rinin Az\u0259rbaycan\u0131n bu add\u0131m\u0131na qar\u015f\u0131 ir\u0259li s\u00fcrd\u00fcy\u00fc v\u0259 Az\u0259rbaycan ictimaiyy\u0259tind\u0259 \u00e7a\u015fq\u0131nl\u0131q, inams\u0131zl\u0131q yaratma\u011fa hesablanm\u0131\u015f tezisl\u0259rini Tural Sad\u0131ql\u0131 da t\u0259krarlay\u0131r. Bu \u015f\u0259xsin \u00f6z\u00fcn\u00fc xarici x\u00fcsusi xidm\u0259t orqanlar\u0131 qar\u015f\u0131s\u0131nda sat\u0131\u015fa \u00e7\u0131xard\u0131\u011f\u0131na dair d\u0259f\u0259l\u0259rl\u0259 yazm\u0131\u015f\u0131q, son iddialar\u0131 da bunu t\u0259sdiq edir.<\/p>\n<p>Tural Sad\u0131ql\u0131 v\u0259 onun kimil\u0259r \u00fc\u00e7\u00fcn n\u0259 V\u0259t\u0259n, n\u0259 mill\u0259t, n\u0259 d\u0259 \u015f\u0259r\u0259f \u00f6n\u0259mli deyil. \u201cPulu ver\u0259n, musiqini d\u0259 sifari\u015f verir\u201d.<\/p>\n<p>G\u00f6r\u00fcn\u00fcr, Tural Sad\u0131ql\u0131n\u0131n oxudu\u011fu mahn\u0131n\u0131 bu d\u0259f erm\u0259nil\u0259r sifari\u015f verib.<\/p>\n<p><strong>Vaqif H\u00fcseynli,<\/strong><\/p>\n<p><em>demokrat.az<\/em><\/p>\n","protected":false},"excerpt":{"rendered":"<p>Az\u0259rbaycan\u0131n La\u00e7\u0131n yolunda n\u0259zar\u0259t-ke\u00e7id m\u0259nt\u0259q\u0259si qurmas\u0131 Qaraba\u011fda suverenliyinin tam b\u0259rpa edilm\u0259si, Xank\u0259ndind\u0259 \u00fc\u00e7r\u0259ngli bayra\u011f\u0131m\u0131z\u0131n da\u011flanmas\u0131na do\u011fru at\u0131lm\u0131\u015f \u0259n m\u00fch\u00fcm add\u0131md\u0131r. Bel\u0259likl\u0259, Qaraba\u011fda separat\u00e7\u0131lar\u0131n qondarma \u201cd\u00f6vl\u0259tcik\u201d oyunlar\u0131 tamamil\u0259 s\u0131radan \u00e7\u0131xd\u0131 v\u0259 Prezident \u0130lham \u018fliyevin b\u0259yan etdiyi kimi, erm\u0259nil\u0259rin yegan\u0259 se\u00e7imi Az\u0259rbaycan v\u0259t\u0259nda\u015fl\u0131\u011f\u0131n\u0131 q\u0259bul etm\u0259k oldu. Bunun alternativi olmayacaq, v\u0259t\u0259nda\u015fl\u0131\u011f\u0131 q\u0259bul ed\u0259nl\u0259r b\u0259rab\u0259rh\u00fcquqlu \u015f\u0259kild\u0259 ya\u015fayacaqlar, etm\u0259y\u0259nl\u0259r is\u0259 \u0259razil\u0259rimizi t\u0259rk ed\u0259c\u0259k. La\u00e7\u0131n yoluna n\u0259zar\u0259t-ke\u00e7id m\u0259nt\u0259q\u0259sinin qurulmas\u0131 onu da t\u0259sdiq edir ki, Az\u0259rbaycan\u0131 \u00f6z suveren \u0259razisind\u0259 hans\u0131sa add\u0131m atmaqdan \u00e7\u0259kindir\u0259 bil\u0259c\u0259k g\u00fcc yoxdur, h\u0259m\u00e7inin, separat\u00e7\u0131lar\u0131n arxalana bil\u0259c\u0259yi g\u00fcc m\u0259rk\u0259zl\u0259ri Bak\u0131n\u0131n haql\u0131 v\u0259 prinsipial m\u00f6vqeyi&hellip;<\/p>\n","protected":false},"author":2,"featured_media":593240,"comment_status":"closed","ping_status":"closed","sticky":false,"template":"","format":"standard","meta":{"om_disable_all_campaigns":false,"_monsterinsights_skip_tracking":false,"_monsterinsights_sitenote_active":false,"_monsterinsights_sitenote_note":"","_monsterinsights_sitenote_category":0},"categories":[4],"tags":[],"aioseo_notices":[],"gutentor_comment":0,"rttpg_featured_image_url":{"full":["https:\/\/arantv.az\/wp-content\/uploads\/2023\/04\/9c7aa2e1168240367779458386610888221.jpg",975,540,false],"landscape":["https:\/\/arantv.az\/wp-content\/uploads\/2023\/04\/9c7aa2e1168240367779458386610888221.jpg",975,540,false],"portraits":["https:\/\/arantv.az\/wp-content\/uploads\/2023\/04\/9c7aa2e1168240367779458386610888221.jpg",975,540,false],"thumbnail":["https:\/\/arantv.az\/wp-content\/uploads\/2023\/04\/9c7aa2e1168240367779458386610888221-500x280.jpg",500,280,true],"medium":["https:\/\/arantv.az\/wp-content\/uploads\/2023\/04\/9c7aa2e1168240367779458386610888221-660x365.jpg",660,365,true],"large":["https:\/\/arantv.az\/wp-content\/uploads\/2023\/04\/9c7aa2e1168240367779458386610888221-840x465.jpg",640,354,true],"1536x1536":["https:\/\/arantv.az\/wp-content\/uploads\/2023\/04\/9c7aa2e1168240367779458386610888221.jpg",975,540,false],"2048x2048":["https:\/\/arantv.az\/wp-content\/uploads\/2023\/04\/9c7aa2e1168240367779458386610888221.jpg",975,540,false],"post-thumbnail":["https:\/\/arantv.az\/wp-content\/uploads\/2023\/04\/9c7aa2e1168240367779458386610888221-240x172.jpg",240,172,true],"advps-thumb-one":["https:\/\/arantv.az\/wp-content\/uploads\/2023\/04\/9c7aa2e1168240367779458386610888221.jpg",975,540,false]},"rttpg_author":{"display_name":"V\u00fcsal Rafiqo\u011flu","author_link":"https:\/\/arantv.az\/?author=2"},"rttpg_comment":0,"rttpg_category":"<a href=\"https:\/\/arantv.az\/?cat=4\" rel=\"category\">Siyas\u0259t<\/a>","rttpg_excerpt":"Az\u0259rbaycan\u0131n La\u00e7\u0131n yolunda n\u0259zar\u0259t-ke\u00e7id m\u0259nt\u0259q\u0259si qurmas\u0131 Qaraba\u011fda suverenliyinin tam b\u0259rpa edilm\u0259si, Xank\u0259ndind\u0259 \u00fc\u00e7r\u0259ngli bayra\u011f\u0131m\u0131z\u0131n da\u011flanmas\u0131na do\u011fru at\u0131lm\u0131\u015f \u0259n m\u00fch\u00fcm add\u0131md\u0131r. Bel\u0259likl\u0259, Qaraba\u011fda separat\u00e7\u0131lar\u0131n qondarma \u201cd\u00f6vl\u0259tcik\u201d oyunlar\u0131 tamamil\u0259 s\u0131radan \u00e7\u0131xd\u0131 v\u0259 Prezident \u0130lham \u018fliyevin b\u0259yan etdiyi kimi, erm\u0259nil\u0259rin yegan\u0259 se\u00e7imi Az\u0259rbaycan v\u0259t\u0259nda\u015fl\u0131\u011f\u0131n\u0131 q\u0259bul etm\u0259k oldu. Bunun alternativi olmayacaq, v\u0259t\u0259nda\u015fl\u0131\u011f\u0131 q\u0259bul ed\u0259nl\u0259r b\u0259rab\u0259rh\u00fcquqlu \u015f\u0259kild\u0259 ya\u015fayacaqlar, etm\u0259y\u0259nl\u0259r is\u0259&hellip;","_links":{"self":[{"href":"https:\/\/arantv.az\/index.php?rest_route=\/wp\/v2\/posts\/593239"}],"collection":[{"href":"https:\/\/arantv.az\/index.php?rest_route=\/wp\/v2\/posts"}],"about":[{"href":"https:\/\/arantv.az\/index.php?rest_route=\/wp\/v2\/types\/post"}],"author":[{"embeddable":true,"href":"https:\/\/arantv.az\/index.php?rest_route=\/wp\/v2\/users\/2"}],"replies":[{"embeddable":true,"href":"https:\/\/arantv.az\/index.php?rest_route=%2Fwp%2Fv2%2Fcomments&post=593239"}],"version-history":[{"count":0,"href":"https:\/\/arantv.az\/index.php?rest_route=\/wp\/v2\/posts\/593239\/revisions"}],"wp:featuredmedia":[{"embeddable":true,"href":"https:\/\/arantv.az\/index.php?rest_route=\/wp\/v2\/media\/593240"}],"wp:attachment":[{"href":"https:\/\/arantv.az\/index.php?rest_route=%2Fwp%2Fv2%2Fmedia&parent=593239"}],"wp:term":[{"taxonomy":"category","embeddable":true,"href":"https:\/\/arantv.az\/index.php?rest_route=%2Fwp%2Fv2%2Fcategories&post=593239"},{"taxonomy":"post_tag","embeddable":true,"href":"https:\/\/arantv.az\/index.php?rest_route=%2Fwp%2Fv2%2Ftags&post=593239"}],"curies":[{"name":"wp","href":"https:\/\/api.w.org\/{rel}","templated":true}]}}