{"id":593256,"date":"2023-04-25T10:56:51","date_gmt":"2023-04-25T06:56:51","guid":{"rendered":"https:\/\/arantv.az\/?p=593256"},"modified":"2023-04-25T10:56:51","modified_gmt":"2023-04-25T06:56:51","slug":"bolqaristan-s%c9%99firi-az%c9%99rbaycan-h%c9%99mr%c9%99ylik-halqasi-vasit%c9%99sil%c9%99-qaz-t%c9%99darukun%c9%99-baslayacaq","status":"publish","type":"post","link":"https:\/\/arantv.az\/?p=593256","title":{"rendered":"Bolqar\u0131stan s\u0259firi: \u201cAz\u0259rbaycan \u201cH\u0259mr\u0259ylik halqas\u0131\u201d vasit\u0259sil\u0259 qaz t\u0259dar\u00fck\u00fcn\u0259 ba\u015flayacaq\u201d"},"content":{"rendered":"<p>\u201cAz\u0259rbaycan \u201cH\u0259mr\u0259ylik halqas\u0131\u201d vasit\u0259sil\u0259 qaz t\u0259dar\u00fck\u00fcn\u0259 ba\u015flayacaq\u201d.<\/p>\n<p>Bunu \u201cTrend\u201d\u0259 \u00f6z\u0259l m\u00fcsahib\u0259si zaman\u0131 Bolqar\u0131stan\u0131n Az\u0259rbaycandak\u0131 s\u0259firi Ruslan Stoyanov bildirib.<\/p>\n<p>\u201cKe\u00e7\u0259n il Bolqar\u0131stan qaz t\u0259chizat\u0131 m\u0259nb\u0259l\u0259rini \u015fax\u0259l\u0259ndirm\u0259y\u0259 nail olub. Rusiya t\u0259bii qaz\u0131n\u0131n \u00f6z \u0259razisind\u0259n tranzitin\u0259 imkan yaradan \u00f6lk\u0259d\u0259n Bolqar\u0131stan m\u00fcxt\u0259lif m\u0259nb\u0259l\u0259rd\u0259n qaz\u0131n aktiv distrib\u00fctoruna \u00e7evrilir. Dig\u0259r amill\u0259rl\u0259 yana\u015f\u0131, bu, T\u00fcrkiy\u0259nin mayel\u0259\u015fdirilmi\u015f t\u0259bii qaz (LNG) terminallar\u0131na \u00e7\u0131x\u0131\u015f haqq\u0131nda sazi\u015f, Yunan\u0131stanla sazi\u015fl\u0259r, h\u0259m\u00e7inin Serbiya da daxil olmaqla yeni qaz interkonnektorlar\u0131n tikintisi say\u0259sind\u0259 \u0259ld\u0259 edilib. Serbiya il\u0259 qaz ba\u011flant\u0131s\u0131n\u0131n tikintisin\u0259 2023-c\u00fc il fevral\u0131n 1-d\u0259 ba\u015flan\u0131l\u0131b. Az\u0259rbaycan Prezidenti\u00a0<strong>\u0130lham \u018fliyev<\/strong>in 2022-ci ilin oktyabr\u0131nda Sofiyaya r\u0259smi s\u0259f\u0259ri zaman\u0131 Bolqar\u0131stan t\u0259r\u0259fi Bolqar\u0131stan, Rum\u0131niya, Macar\u0131stan v\u0259 Slovakiyan\u0131n qaz n\u0259qli \u015f\u0259b\u0259k\u0259l\u0259rind\u0259n istifad\u0259 etm\u0259kl\u0259 \u0259lav\u0259 h\u0259cmd\u0259 Az\u0259rbaycan qaz\u0131n\u0131n M\u0259rk\u0259zi, Q\u0259rbi v\u0259 C\u0259nubi Avropaya t\u0259dar\u00fck imkan\u0131n\u0131 t\u0259klif edib. Bu m\u0259s\u0259l\u0259 il\u0259 ba\u011fl\u0131 t\u0259klifl\u0259r ir\u0259li s\u00fcr\u00fcl\u00fcb v\u0259 d\u00f6rd \u00f6lk\u0259nin qaz operatorlar\u0131 il\u0259 ilkin raz\u0131la\u015fma var\u201d, &#8211; dey\u0259 s\u0259fir bildirib.<\/p>\n<p>R.Stoyanov qeyd edib ki, Bolqar\u0131standa Az\u0259rbaycan d\u00f6vl\u0259t neft \u015firk\u0259ti SOCAR-\u0131n ofisinin a\u00e7\u0131l\u0131\u015f m\u0259rasimi g\u00f6zl\u0259nilir.<\/p>\n<p>\u201cBolqar\u0131stan Prezidenti Rumen Radev t\u0259r\u0259find\u0259n 2022-ci ilin oktyabr\u0131nda ir\u0259li s\u00fcr\u00fcl\u0259n \u201cH\u0259mr\u0259ylik halqas\u0131\u201d (STRING) t\u0259\u015f\u0259bb\u00fcs\u00fcn\u00fcn r\u0259smil\u0259\u015fdirilm\u0259si il\u0259 ba\u011fl\u0131 memorandum da imzalanacaq. \u201cH\u0259mr\u0259ylik halqas\u0131\u201d say\u0259sind\u0259 Avropa Komissiyas\u0131n\u0131n prezidenti Ursula fon der Lyayen il\u0259 imzalanm\u0131\u015f sazi\u015f \u0259sas\u0131nda Az\u0259rbaycandan A\u0130-y\u0259 \u0259lav\u0259 qaz h\u0259cml\u0259rini minimal x\u0259rcl\u0259 t\u0259dar\u00fck\u00fc t\u0259min edil\u0259c\u0259k\u201d, &#8211; dey\u0259 o bildirib.<\/p>\n<p>S\u0259fir qeyd edib ki, C\u0259nub Qaz D\u0259hlizi irimiqyasl\u0131 layih\u0259dir v\u0259 Az\u0259rbaycan onun u\u011furla h\u0259yata ke\u00e7irilm\u0259sind\u0259 m\u00fch\u00fcm h\u0259r\u0259k\u0259tverici q\u00fcvv\u0259dir.<\/p>\n<p>\u201cOnun h\u0259yata ke\u00e7irilm\u0259si h\u00f6kum\u0259tl\u0259r, \u00f6z\u0259l \u015firk\u0259tl\u0259r v\u0259 maliyy\u0259 institutlar\u0131n\u0131n motivasiyal\u0131 olmas\u0131 v\u0259 birg\u0259 i\u015fl\u0259m\u0259y\u0259 haz\u0131r olduqda n\u0259y\u0259 nail olma\u011f\u0131n m\u00fcmk\u00fcnl\u00fcy\u00fcn\u0259\u00a0bir n\u00fcmun\u0259dir. M\u0259n \u015fadam ki, Bolqar\u0131stan ilk g\u00fcnd\u0259n bu t\u0259\u015f\u0259bb\u00fcsd\u0259 i\u015ftirak edir. \u018flb\u0259tt\u0259, bu, daha sonra strateji t\u0259r\u0259fda\u015fl\u0131\u011fa \u00e7evrilmi\u015f \u00f6lk\u0259l\u0259rimiz aras\u0131nda \u00e7oxdank\u0131 dostluq, ikit\u0259r\u0259fli siyasi \u0259laq\u0259l\u0259r olmadan m\u00fcmk\u00fcn olmazd\u0131. \u0130ndi Bolqar\u0131stan yegan\u0259 \u00f6lk\u0259dir ki, C\u0259nub Qaz D\u0259hlizi onun \u0259razisind\u0259n birba\u015fa ke\u00e7mir, lakin h\u0259r il 1 milyard kubmetr Az\u0259rbaycan qaz\u0131 al\u0131r. Bu, Trans-Adriatik Boru K\u0259m\u0259rinin (TAP) haz\u0131rk\u0131 m\u0259rh\u0259l\u0259d\u0259ki g\u00fcc\u00fcn\u00fcn t\u0259xmin\u0259n 10 faizini v\u0259 Bolqar\u0131stan\u0131n illik istehlak\u0131n\u0131n t\u0259xmin\u0259n 30 faizini t\u0259\u015fkil edir. Bel\u0259likl\u0259, Az\u0259rbaycan qaz t\u0259chizat\u0131n\u0131n h\u0259m m\u0259nb\u0259l\u0259rinin, h\u0259m d\u0259 mar\u015frutlar\u0131n\u0131n real diversifikasiyas\u0131 m\u0259s\u0259l\u0259sind\u0259 Bolqar\u0131stan\u0131n v\u0259 b\u00fct\u00f6vl\u00fckd\u0259 A\u0130-nin \u0259n m\u00fch\u00fcm enerji t\u0259r\u0259fda\u015f\u0131na \u00e7evrilir\u201d, &#8211; dey\u0259 Ruslan Stoyanov bildirib.<\/p>\n<p>O xat\u0131rlad\u0131b ki, 2022-ci il oktyabr\u0131n 1-d\u0259 Az\u0259rbaycan Respublikas\u0131n\u0131n Prezidenti \u0130lham \u018fliyevin v\u0259 dig\u0259r d\u00f6vl\u0259t v\u0259 h\u00f6kum\u0259t ba\u015f\u00e7\u0131lar\u0131n\u0131n, o c\u00fcml\u0259d\u0259n Avropa Komissiyas\u0131n\u0131n s\u0259dri Ursula fon der Lyayenin i\u015ftirak\u0131 il\u0259 Sofiyada ke\u00e7iril\u0259n Yunan\u0131stan-Bolqar\u0131stan \u0130nterkonnektorunun (IGB) a\u00e7\u0131l\u0131\u015f m\u0259rasimi onun kommersiya f\u0259aliyy\u0259tinin ba\u015flan\u011f\u0131c\u0131 olub.<\/p>\n<p>\u201cIGB qaz\u0131n Trans-Adriatik Boru K\u0259m\u0259ri (TAP) vasit\u0259sil\u0259 Yunan\u0131stan \u0259razisind\u0259n Bolqar\u0131stana v\u0259 qon\u015fu \u00f6lk\u0259l\u0259r\u0259 n\u0259qli \u00fc\u00e7\u00fcn \u0259sas mar\u015frutdur. Bu, C\u0259nub-\u015e\u0259rqi Avropa regionuna qaz t\u0259dar\u00fck\u00fcn\u00fcn \u015fax\u0259l\u0259ndirilm\u0259si \u00fczr\u0259 \u0259n m\u00fch\u00fcm layih\u0259dir, \u00fcmumi maraq do\u011furan layih\u0259dir v\u0259 M\u0259rk\u0259zi v\u0259 C\u0259nub-\u015e\u0259rqi Avropan\u0131n Enerji Ba\u011flant\u0131s\u0131 \u00fczr\u0259 Y\u00fcks\u0259k S\u0259viyy\u0259li Qrup \u00e7\u0259r\u00e7iv\u0259sind\u0259 prioritet layih\u0259dir. IGB\u00a0yax\u015f\u0131 inki\u015faf etmi\u015f Bolqar\u0131stan\u0131n milli qaz \u00f6t\u00fcrm\u0259 sistemi v\u0259 T\u00fcrkiy\u0259, Yunan\u0131stan v\u0259 Rum\u0131niya il\u0259 art\u0131q m\u00f6vcud olan qaz interkonnektorlar\u0131 il\u0259 birlikd\u0259 \u00f6lk\u0259m\u0259 m\u00fcxt\u0259lif m\u0259nb\u0259l\u0259rd\u0259n v\u0259 m\u00fcxt\u0259lif mar\u015frutlardan qaz\u0131n paylanmas\u0131 \u00fc\u00e7\u00fcn \u0259sl regional m\u0259rk\u0259z olmaq imkan\u0131 ver\u0259c\u0259k ki, bu da, \u0259slind\u0259, diversifikasiyan\u0131n mahiyy\u0259tidir\u201d, &#8211; dey\u0259 s\u0259fir bildirib.<\/p>\n<p>S\u0259fir qeyd edib ki, Bolqar\u0131stan C\u0259nub-\u015e\u0259rqi Avropa \u00f6lk\u0259l\u0259ri aras\u0131nda enerji \u0259m\u0259kda\u015fl\u0131\u011f\u0131n\u0131n g\u00fccl\u0259ndirilm\u0259sind\u0259 liderlik etm\u0259y\u0259 v\u0259 enerji sektorunda yaranan \u00e7\u0259tinlikl\u0259rin daha koordinasiyal\u0131 v\u0259 effektiv \u015f\u0259kild\u0259 aradan qald\u0131r\u0131lmas\u0131 yollar\u0131n\u0131 ara\u015fd\u0131rma\u011fa haz\u0131rd\u0131r.<\/p>\n<p>\u201cAz\u0259rbaycan A\u0130 \u00fc\u00e7\u00fcn m\u00fch\u00fcm enerji t\u0259r\u0259fda\u015f\u0131d\u0131r v\u0259 biz 2022-ci ilin iyulunda A\u0130 il\u0259 Az\u0259rbaycan aras\u0131nda imzalanm\u0131\u015f Anla\u015fma Memorandumu \u0259sas\u0131nda t\u0259r\u0259fda\u015fl\u0131\u011f\u0131m\u0131z\u0131n daha da inki\u015faf\u0131n\u0131 g\u00f6zl\u0259yirik. 2027-ci il\u0259 q\u0259d\u0259r Az\u0259rbaycandan t\u0259bii qaz t\u0259dar\u00fck\u00fcn\u00fcn ild\u0259 \u0259n az\u0131 20 milyard kubmetr\u0259 \u00e7atd\u0131r\u0131lmas\u0131 imkan\u0131 \u201cREPowerEU\u201d plan\u0131na uy\u011fun olaraq diversifikasiya m\u0259qs\u0259dl\u0259rin\u0259 nail olma\u011fa k\u00f6m\u0259k ed\u0259c\u0259k. Az\u0259rbaycandan Bolqar\u0131stana \u0259lav\u0259 t\u0259dar\u00fckl\u0259r\u0259 g\u0259linc\u0259, h\u0259r \u015fey t\u0259bii qaz\u0131n s\u0259rb\u0259st h\u0259cml\u0259rinin m\u00f6vcudlu\u011fundan, el\u0259c\u0259 d\u0259 qaz\u0131n d\u00fcnya bazarlar\u0131ndak\u0131 qiym\u0259tl\u0259rind\u0259n as\u0131l\u0131 olacaq\u201d, &#8211; dey\u0259 R.Stoyanov bildirib.<\/p>\n<p>Qeyri-enerji sektorunda \u0259m\u0259kda\u015fl\u0131q imkanlar\u0131<\/p>\n<p>\u201cHaz\u0131rda iki \u00f6lk\u0259 aras\u0131nda enerji sah\u0259sind\u0259 \u0259m\u0259kda\u015fl\u0131q m\u00fch\u00fcm qar\u015f\u0131l\u0131ql\u0131 f\u0259aliyy\u0259t sah\u0259si kimi \u00f6n\u0259 \u00e7\u0131x\u0131r. Az\u0259rbaycan\u0131n b\u0259rpa olunan enerji m\u0259nb\u0259l\u0259rinin istehsal\u0131 v\u0259 \u00f6t\u00fcr\u00fclm\u0259si potensial\u0131 kontekstind\u0259 Bolqar\u0131stan i\u015ftirak v\u0259 \u0259m\u0259kda\u015fl\u0131\u011fa b\u00f6y\u00fck maraq g\u00f6st\u0259r\u0259r\u0259k Az\u0259rbaycan\u0131n enerji sah\u0259sind\u0259ki son inki\u015faf\u0131n\u0131 v\u0259 planlar\u0131n\u0131 yax\u0131ndan izl\u0259yir v\u0259 t\u0259hlil edir. Bundan \u0259lav\u0259, Bolqar\u0131stan h\u0259m d\u0259 Az\u0259rbaycandan ke\u00e7m\u0259kl\u0259 M\u0259rk\u0259zi Asiyaya v\u0259 \u0259ksin\u0259 y\u00fckl\u0259rin tranziti \u00fc\u00e7\u00fcn n\u0259qliyyat d\u0259hlizinin artan kommersiya c\u0259lbediciliyi kontekstind\u0259 n\u0259qliyyat sektorunda maraql\u0131d\u0131r. 2022-ci il dekabr\u0131n 17-d\u0259 Buxarestd\u0259 Az\u0259rbaycan, G\u00fcrc\u00fcstan, Rum\u0131niya v\u0259 Macar\u0131stan h\u00f6kum\u0259tl\u0259ri aras\u0131nda imzalanm\u0131\u015f \u201cya\u015f\u0131l\u201d enerjinin inki\u015faf\u0131 v\u0259 n\u0259qli layih\u0259si Sofiyada bu bax\u0131mdan x\u00fcsusil\u0259 perspektivli hesab olunur\u201d, &#8211; dey\u0259 o bildirib.<\/p>\n<p>Onun s\u00f6zl\u0259rin\u0259 g\u00f6r\u0259, qida s\u0259nayesi v\u0259 avadanl\u0131qlar, \u015f\u0259rablar v\u0259 s\u0259rinl\u0259\u015fdirici i\u00e7kil\u0259r, \u0259triyyat v\u0259 kosmetika, d\u0259rman vasit\u0259l\u0259ri, geyim, ayaqqab\u0131, mebel, sanitar l\u0259vazimatlar, tikinti materiallar\u0131, elektron v\u0259 elektrik mallar\u0131, elektrik m\u00fch\u0259rrikl\u0259ri, ma\u015f\u0131nlar, y\u00fckqald\u0131ran ma\u015f\u0131nlar\u0131n t\u0259dar\u00fck\u00fc sah\u0259sind\u0259 Az\u0259rbaycanla f\u0259al \u0259m\u0259kda\u015fl\u0131q \u00fc\u00e7\u00fcn \u0259lav\u0259 m\u00fcmk\u00fcn istiqam\u0259tl\u0259r n\u0259z\u0259rd\u0259n ke\u00e7iril\u0259 bil\u0259r.<\/p>\n<p>\u201cAz\u0259rbaycan t\u0259r\u0259fi k\u0259nd t\u0259s\u0259rr\u00fcfat\u0131 v\u0259 me\u015f\u0259 t\u0259s\u0259rr\u00fcfat\u0131 sah\u0259l\u0259rind\u0259 d\u0259 \u0259m\u0259kda\u015fl\u0131\u011fa maraq g\u00f6st\u0259rib. Az\u0259rbaycan t\u0259r\u0259find\u0259n h\u0259yata ke\u00e7iril\u0259n v\u0259 bir s\u0131ra d\u00f6vl\u0259t \u0259h\u0259miyy\u0259tli infrastruktur obyektl\u0259rinin, o c\u00fcml\u0259d\u0259n d\u0259mir yolu v\u0259 avtomobil infrastrukturunun, ya\u015fay\u0131\u015f binalar\u0131n\u0131n v\u0259 ofisl\u0259rin tikintisini n\u0259z\u0259rd\u0259 tutan geni\u015fmiqyasl\u0131 daxili investisiya proqram\u0131n\u0131 n\u0259z\u0259r\u0259 alsaq, tikinti ticar\u0259t-iqtisadi \u0259m\u0259kda\u015fl\u0131\u011f\u0131n daha bir perspektivli sah\u0259sidir ki, bu da Bolqar\u0131stan\u0131n tikinti \u015firk\u0259tl\u0259ri \u00fc\u00e7\u00fcn imkanlar yarad\u0131r\u201d, &#8211; dey\u0259 s\u0259fir bildirib.<\/p>\n<p>O, turizm sah\u0259sind\u0259 \u0259m\u0259kda\u015fl\u0131\u011f\u0131n inki\u015faf\u0131 \u00fc\u00e7\u00fcn potensial\u0131n oldu\u011funu da qeyd edib.<\/p>\n<p>\u201cTurizm \u0259laq\u0259l\u0259rini g\u00fccl\u0259ndirm\u0259k \u00fc\u00e7\u00fcn Bolqar\u0131stan\u0131n Turizm Nazirliyi 2023-2025-ci ill\u0259r \u00fc\u00e7\u00fcn birg\u0259 f\u0259aliyy\u0259t plan\u0131n\u0131n haz\u0131rlanmas\u0131 m\u0259qs\u0259di il\u0259 2023-c\u00fc ild\u0259 turizm \u00fczr\u0259 Bolqar\u0131stan-Az\u0259rbaycan i\u015f\u00e7i qrupunun iclas\u0131n\u0131n ke\u00e7irilm\u0259sini t\u0259klif edib. 2022-ci ild\u0259 Az\u0259rbaycandan Bolqar\u0131stana 5040 turist s\u0259f\u0259r edib ki, bu da 2021-ci ill\u0259 m\u00fcqayis\u0259d\u0259 114 faiz art\u0131m dem\u0259kdir. M\u00fcqayis\u0259 \u00fc\u00e7\u00fcn: COVID-19 pandemiyas\u0131na q\u0259d\u0259r 2019-cu ild\u0259 Az\u0259rbaycandan Bolqar\u0131stana g\u0259l\u0259n turistl\u0259rin say\u0131 4158, 2020-ci ild\u0259 pandemiya d\u00f6vr\u00fcnd\u0259 1682, 2021-ci ild\u0259 is\u0259 Bolqar\u0131stana g\u0259l\u0259n az\u0259rbaycanl\u0131 turistl\u0259rin say\u0131 2350 n\u0259f\u0259r olub. Burada xat\u0131rlatmaq ist\u0259rdim ki, \u201cButa Airways\u201d 2018 v\u0259 2019-cu ill\u0259rd\u0259 Bak\u0131 v\u0259 Sofiya \u015f\u0259h\u0259rl\u0259ri aras\u0131nda birba\u015fa u\u00e7u\u015flar h\u0259yata ke\u00e7irib. Birba\u015fa u\u00e7u\u015flar\u0131n h\u0259yata ke\u00e7irildiyi aylarda s\u0259rni\u015finl\u0259rin say\u0131nda art\u0131m m\u00fc\u015fahid\u0259 olunub. Haz\u0131rda birba\u015fa u\u00e7u\u015f yoxdur, lakin t\u0259r\u0259fl\u0259r u\u00e7u\u015flar\u0131n yenid\u0259n ba\u015flanmas\u0131 \u00fc\u00e7\u00fcn f\u0259al dan\u0131\u015f\u0131qlar apar\u0131rlar. H\u0259r iki \u00f6lk\u0259nin turoperatorlar\u0131 aras\u0131nda t\u0259r\u0259fda\u015fl\u0131q \u0259laq\u0259l\u0259rinin inki\u015faf\u0131 v\u0259 t\u0259\u015fviqi, yard\u0131m\u00e7\u0131 v\u0259 \u0259yl\u0259nc\u0259 xidm\u0259tl\u0259rinin inki\u015faf\u0131, turist qruplar\u0131n\u0131n m\u00fcbadil\u0259si, \u015firk\u0259tl\u0259rin h\u0259r iki \u00f6lk\u0259nin t\u0259\u015fkil olunmu\u015f turizm s\u0259rgil\u0259rind\u0259 i\u015ftirak\u0131, turizm mar\u015frutlar\u0131n\u0131n inki\u015faf\u0131 \u00fc\u00e7\u00fcn imkanlar axtar\u0131l\u0131r. Bununla \u0259laq\u0259dar, c\u0259mi bir ne\u00e7\u0259 g\u00fcn \u0259vv\u0259l Bolqar\u0131stan 19-cu Az\u0259rbaycan Beyn\u0259lxalq Turizm v\u0259 S\u0259yah\u0259tl\u0259r s\u0259rgisind\u0259 &#8211; \u00f6lk\u0259d\u0259 t\u0259\u015fkil olunan \u0259n b\u00f6y\u00fck v\u0259 Qafqaz regionunun apar\u0131c\u0131 beyn\u0259lxalq s\u0259rgisi statusu alm\u0131\u015f beyn\u0259lxalq turizm s\u0259rgisind\u0259 milli stendl\u0259 t\u0259msil olunub. Az\u0259rbaycan t\u0259r\u0259fi d\u0259 Bolqar\u0131stan \u015firk\u0259tl\u0259rinin \u00f6lk\u0259d\u0259 turizm infrastrukturunun tikintisind\u0259 i\u015ftirak imkanlar\u0131na maraq g\u00f6st\u0259rib\u201d, &#8211; dey\u0259 o bildirib.<\/p>\n<p>R.Stoyanov qeyd edib ki, haz\u0131rda investisiyalar Az\u0259rbaycan v\u0259 Bolqar\u0131stan aras\u0131nda ikit\u0259r\u0259fli m\u00fcnasib\u0259tl\u0259rd\u0259 inki\u015faf etm\u0259mi\u015f sah\u0259 olaraq qal\u0131r.<\/p>\n<p>\u201cPrezident \u0130lham \u018fliyevin 2022-ci ild\u0259 Sofiyaya s\u0259f\u0259ri zaman\u0131 bir s\u0131ra perspektivli ikit\u0259r\u0259fli investisiya layih\u0259l\u0259ri geni\u015f spektrd\u0259 (energetika il\u0259 yana\u015f\u0131), m\u0259s\u0259l\u0259n, informasiya texnologiyalar\u0131, k\u0259nd t\u0259s\u0259rr\u00fcfat\u0131, texnologiya, t\u0259hsil, humanitar sah\u0259 v\u0259 s. m\u00fczakir\u0259 edilib. Az\u0259rbaycan D\u00f6vl\u0259t Neft \u015eirk\u0259ti &#8211; SOCAR-\u0131n Bolqar\u0131standa n\u00fcmay\u0259nd\u0259liyinin a\u00e7\u0131lmas\u0131 bar\u0259d\u0259 q\u0259rar q\u0259bul edilib. \u015eirk\u0259t art\u0131q bir s\u0131ra Avropa \u00f6lk\u0259l\u0259rind\u0259 &#8211; b\u0259zil\u0259rind\u0259 yanacaqdoldurma m\u0259nt\u0259q\u0259l\u0259ri \u015f\u0259b\u0259k\u0259sinin sahibi, dig\u0259rl\u0259rind\u0259 neft emal\u0131 zavodlar\u0131n\u0131n t\u0259r\u0259fda\u015f\u0131 kimi f\u0259aliyy\u0259t g\u00f6st\u0259rir. Y\u0259ni, \u015firk\u0259tin b\u00f6y\u00fck t\u0259cr\u00fcb\u0259si var v\u0259 biz \u0259minik ki, \u0259h\u0259miyy\u0259tli potensiala \u0259saslanaraq, SOCAR-\u0131n Sofiyadak\u0131 n\u00fcmay\u0259nd\u0259liyi ikit\u0259r\u0259fli \u0259laq\u0259l\u0259rimizi daha da d\u0259rinl\u0259\u015fdir\u0259c\u0259k\u201d, &#8211; dey\u0259 s\u0259fir bildirib.<\/p>\n<p>Ticar\u0259t \u0259laq\u0259l\u0259rinin icmal\u0131<\/p>\n<p>\u201c\u0130kit\u0259r\u0259fli ticar\u0259tin h\u0259cmi m\u00f6vcud potensiala uy\u011fun deyil. 2007-ci il noyabr\u0131n 12-d\u0259 Bak\u0131da imzalanm\u0131\u015f Bolqar\u0131stan Respublikas\u0131 H\u00f6kum\u0259ti il\u0259 Az\u0259rbaycan Respublikas\u0131 H\u00f6kum\u0259ti aras\u0131nda \u0130qtisadi \u018fm\u0259kda\u015fl\u0131q haqq\u0131nda Sazi\u015f iqtisadi t\u0259r\u0259fda\u015fl\u0131\u011f\u0131m\u0131z\u0131n intensivl\u0259\u015fdirilm\u0259si \u00fc\u00e7\u00fcn m\u00f6hk\u0259m \u0259sasd\u0131r v\u0259 bu, inki\u015faf etdirilm\u0259li v\u0259 m\u00fcasir t\u0259l\u0259bl\u0259r\u0259 cavab ver\u0259n s\u0259viyy\u0259y\u0259 \u00e7atd\u0131r\u0131lmal\u0131d\u0131r. \u0130qtisadi \u018fm\u0259kda\u015fl\u0131q \u00fczr\u0259 Birg\u0259 H\u00f6kum\u0259tl\u0259raras\u0131 Komissiya mexanizmini b\u0259rpa etm\u0259k v\u0259 f\u0259al \u015f\u0259kild\u0259 istifad\u0259 etm\u0259k laz\u0131md\u0131r, \u00e7\u00fcnki bu, m\u00fcxt\u0259lif sah\u0259l\u0259rd\u0259 geni\u015f spektrli layih\u0259l\u0259rin m\u00fczakir\u0259si \u00fc\u00e7\u00fcn platformad\u0131r\u201d, &#8211; dey\u0259 o bildirib.<\/p>\n<p>R.Stoyanov qeyd edib ki, Bolqar\u0131stan Az\u0259rbaycan\u0131n i\u015fg\u00fczar n\u00fcmay\u0259nd\u0259 hey\u0259tl\u0259rinin Sofiyaya v\u0259 Bolqar\u0131stan\u0131n dig\u0259r iri \u015f\u0259h\u0259rl\u0259rin\u0259 s\u0259f\u0259rl\u0259rinin t\u0259\u015fkilin\u0259 d\u0259st\u0259k verm\u0259y\u0259, energetika, k\u0259nd t\u0259s\u0259rr\u00fcfat\u0131, qida s\u0259nayesi, ma\u015f\u0131nqay\u0131rma, turizm kimi m\u00fcxt\u0259lif sah\u0259l\u0259rd\u0259 \u0259m\u0259kda\u015fl\u0131q imkanlar\u0131n\u0131 t\u0259qdim etm\u0259y\u0259 haz\u0131rd\u0131r. Bolqar\u0131stan Az\u0259rbaycan istehlak\u00e7\u0131s\u0131na da m\u0259lum olan s\u0259naye avadanl\u0131qlar\u0131, qida s\u0259nayesi m\u0259hsullar\u0131, \u0259cza\u00e7\u0131l\u0131q, \u0259tir v\u0259 kosmetika m\u0259hsullar\u0131 ixrac ed\u0259 bil\u0259r.<\/p>\n<p>\u201cBu prosesd\u0259 2014-c\u00fc ild\u0259 yarad\u0131lm\u0131\u015f Bolqar\u0131stan-Az\u0259rbaycan Ticar\u0259t v\u0259 S\u0259naye Palatas\u0131\u00a0m\u00fch\u00fcm rol oynamal\u0131d\u0131r. Bolqar\u0131stan Az\u0259rbaycanla n\u0259qliyyat sah\u0259sind\u0259 daha s\u0131x \u0259m\u0259kda\u015fl\u0131q etm\u0259k arzusundad\u0131r. Biz n\u0259qliyyat v\u0259 enerji d\u0259hlizl\u0259rind\u0259, h\u0259m\u00e7inin Bolqar\u0131stan vasit\u0259sil\u0259 Asiya il\u0259 Avropa aras\u0131nda r\u0259q\u0259msal kommunikasiyada maraql\u0131y\u0131q\u201d, &#8211; dey\u0259 s\u0259fir bildirib.<\/p>\n<p>Az\u0259rbaycandak\u0131 diplomatik missiyan\u0131n prioritetl\u0259ri<\/p>\n<p>\u201c\u0130lk n\u00f6vb\u0259d\u0259 onu deyim ki, \u00f6lk\u0259mi Az\u0259rbaycanda t\u0259msil etm\u0259k m\u0259nim \u00fc\u00e7\u00fcn \u015f\u0259r\u0259f v\u0259 imtiyazd\u0131r. \u00d6t\u0259n il \u00f6lk\u0259l\u0259rimiz diplomatik m\u00fcnasib\u0259tl\u0259rin qurulmas\u0131n\u0131n 30 illiyini qeyd etdil\u0259r. \u00d6lk\u0259l\u0259rimizi tarix\u0259n s\u0259mimi dostluq v\u0259 qar\u015f\u0131l\u0131ql\u0131 h\u00f6rm\u0259t ba\u011flay\u0131r v\u0259 bunu son ill\u0259rd\u0259 \u0259n y\u00fcks\u0259k s\u0259viyy\u0259d\u0259 f\u0259al siyasi dialoq da t\u0259sdiql\u0259yir. \u0130ki \u00f6lk\u0259 aras\u0131nda m\u00fcnasib\u0259tl\u0259r strateji s\u0259viyy\u0259y\u0259 qald\u0131r\u0131l\u0131b v\u0259 Bolqar\u0131stan Az\u0259rbaycan\u0131 m\u00fch\u00fcm v\u0259 etibarl\u0131, prioritet t\u0259r\u0259fda\u015f hesab edir. S\u0259fir kimi m\u0259n qar\u015f\u0131l\u0131ql\u0131 maraq do\u011furan b\u00fct\u00fcn sah\u0259l\u0259rd\u0259 praktiki v\u0259 s\u0259m\u0259r\u0259li \u0259m\u0259kda\u015fl\u0131\u011f\u0131 d\u0259rinl\u0259\u015fdirm\u0259y\u0259 \u00e7al\u0131\u015faca\u011fam\u201d, &#8211; dey\u0259 R.Stoyanov bildirib.<\/p>\n<p>Onun s\u00f6zl\u0259rin\u0259 g\u00f6r\u0259, \u015f\u00fcbh\u0259siz ki, ikit\u0259r\u0259fli m\u00fcnasib\u0259tl\u0259rin \u0259sas istiqam\u0259tl\u0259rind\u0259n biri energetikad\u0131r.<\/p>\n<p>\u201c\u0130ki \u00f6lk\u0259 aras\u0131nda imzalanm\u0131\u015f uzunm\u00fcdd\u0259tli m\u00fcqavil\u0259 \u00e7\u0259r\u00e7iv\u0259sind\u0259 Yunan\u0131stan-Bolqar\u0131stan interkonnektoru istismara verildikd\u0259n sonra \u00f6lk\u0259miz haz\u0131rda raz\u0131la\u015fd\u0131r\u0131lm\u0131\u015f Az\u0259rbaycan qaz\u0131n\u0131 tam h\u0259cmd\u0259 &#8211; ild\u0259 1 milyard kubmetr h\u0259cmind\u0259 al\u0131r. T\u0259bii ki, innovasiyalar, y\u00fcks\u0259k texnologiyalar, ticar\u0259t, investisiyalar, m\u0259d\u0259niyy\u0259t v\u0259 t\u0259hsil kimi \u00f6lk\u0259l\u0259rimizin inki\u015faf\u0131nda qar\u015f\u0131l\u0131ql\u0131 maraq do\u011furan dig\u0259r sah\u0259l\u0259r d\u0259 var ki, bunlar ikit\u0259r\u0259fli \u0259m\u0259kda\u015fl\u0131\u011f\u0131m\u0131z\u0131n daha da d\u0259rinl\u0259\u015fm\u0259si \u00fc\u00e7\u00fcn m\u00fch\u00fcm sah\u0259l\u0259rdir\u201d, &#8211; dey\u0259 s\u0259fir \u0259lav\u0259 edib.<\/p>\n","protected":false},"excerpt":{"rendered":"<p>\u201cAz\u0259rbaycan \u201cH\u0259mr\u0259ylik halqas\u0131\u201d vasit\u0259sil\u0259 qaz t\u0259dar\u00fck\u00fcn\u0259 ba\u015flayacaq\u201d. Bunu \u201cTrend\u201d\u0259 \u00f6z\u0259l m\u00fcsahib\u0259si zaman\u0131 Bolqar\u0131stan\u0131n Az\u0259rbaycandak\u0131 s\u0259firi Ruslan Stoyanov bildirib. \u201cKe\u00e7\u0259n il Bolqar\u0131stan qaz t\u0259chizat\u0131 m\u0259nb\u0259l\u0259rini \u015fax\u0259l\u0259ndirm\u0259y\u0259 nail olub. Rusiya t\u0259bii qaz\u0131n\u0131n \u00f6z \u0259razisind\u0259n tranzitin\u0259 imkan yaradan \u00f6lk\u0259d\u0259n Bolqar\u0131stan m\u00fcxt\u0259lif m\u0259nb\u0259l\u0259rd\u0259n qaz\u0131n aktiv distrib\u00fctoruna \u00e7evrilir. Dig\u0259r amill\u0259rl\u0259 yana\u015f\u0131, bu, T\u00fcrkiy\u0259nin mayel\u0259\u015fdirilmi\u015f t\u0259bii qaz (LNG) terminallar\u0131na \u00e7\u0131x\u0131\u015f haqq\u0131nda sazi\u015f, Yunan\u0131stanla sazi\u015fl\u0259r, h\u0259m\u00e7inin Serbiya da daxil olmaqla yeni qaz interkonnektorlar\u0131n tikintisi say\u0259sind\u0259 \u0259ld\u0259 edilib. Serbiya il\u0259 qaz ba\u011flant\u0131s\u0131n\u0131n tikintisin\u0259 2023-c\u00fc il fevral\u0131n 1-d\u0259 ba\u015flan\u0131l\u0131b. Az\u0259rbaycan Prezidenti\u00a0\u0130lham \u018fliyevin 2022-ci ilin oktyabr\u0131nda Sofiyaya r\u0259smi s\u0259f\u0259ri zaman\u0131&hellip;<\/p>\n","protected":false},"author":2,"featured_media":593257,"comment_status":"closed","ping_status":"closed","sticky":false,"template":"","format":"standard","meta":{"om_disable_all_campaigns":false,"_monsterinsights_skip_tracking":false,"_monsterinsights_sitenote_active":false,"_monsterinsights_sitenote_note":"","_monsterinsights_sitenote_category":0},"categories":[4],"tags":[],"aioseo_notices":[],"gutentor_comment":0,"rttpg_featured_image_url":{"full":["https:\/\/arantv.az\/wp-content\/uploads\/2023\/04\/FotoJet-39-1.jpg",620,413,false],"landscape":["https:\/\/arantv.az\/wp-content\/uploads\/2023\/04\/FotoJet-39-1.jpg",620,413,false],"portraits":["https:\/\/arantv.az\/wp-content\/uploads\/2023\/04\/FotoJet-39-1.jpg",620,413,false],"thumbnail":["https:\/\/arantv.az\/wp-content\/uploads\/2023\/04\/FotoJet-39-1-500x280.jpg",500,280,true],"medium":["https:\/\/arantv.az\/wp-content\/uploads\/2023\/04\/FotoJet-39-1-548x365.jpg",548,365,true],"large":["https:\/\/arantv.az\/wp-content\/uploads\/2023\/04\/FotoJet-39-1.jpg",620,413,false],"1536x1536":["https:\/\/arantv.az\/wp-content\/uploads\/2023\/04\/FotoJet-39-1.jpg",620,413,false],"2048x2048":["https:\/\/arantv.az\/wp-content\/uploads\/2023\/04\/FotoJet-39-1.jpg",620,413,false],"post-thumbnail":["https:\/\/arantv.az\/wp-content\/uploads\/2023\/04\/FotoJet-39-1-240x172.jpg",240,172,true],"advps-thumb-one":["https:\/\/arantv.az\/wp-content\/uploads\/2023\/04\/FotoJet-39-1.jpg",620,413,false]},"rttpg_author":{"display_name":"V\u00fcsal Rafiqo\u011flu","author_link":"https:\/\/arantv.az\/?author=2"},"rttpg_comment":0,"rttpg_category":"<a href=\"https:\/\/arantv.az\/?cat=4\" rel=\"category\">Siyas\u0259t<\/a>","rttpg_excerpt":"\u201cAz\u0259rbaycan \u201cH\u0259mr\u0259ylik halqas\u0131\u201d vasit\u0259sil\u0259 qaz t\u0259dar\u00fck\u00fcn\u0259 ba\u015flayacaq\u201d. Bunu \u201cTrend\u201d\u0259 \u00f6z\u0259l m\u00fcsahib\u0259si zaman\u0131 Bolqar\u0131stan\u0131n Az\u0259rbaycandak\u0131 s\u0259firi Ruslan Stoyanov bildirib. \u201cKe\u00e7\u0259n il Bolqar\u0131stan qaz t\u0259chizat\u0131 m\u0259nb\u0259l\u0259rini \u015fax\u0259l\u0259ndirm\u0259y\u0259 nail olub. Rusiya t\u0259bii qaz\u0131n\u0131n \u00f6z \u0259razisind\u0259n tranzitin\u0259 imkan yaradan \u00f6lk\u0259d\u0259n Bolqar\u0131stan m\u00fcxt\u0259lif m\u0259nb\u0259l\u0259rd\u0259n qaz\u0131n aktiv distrib\u00fctoruna \u00e7evrilir. Dig\u0259r amill\u0259rl\u0259 yana\u015f\u0131, bu, T\u00fcrkiy\u0259nin mayel\u0259\u015fdirilmi\u015f t\u0259bii qaz (LNG) terminallar\u0131na \u00e7\u0131x\u0131\u015f haqq\u0131nda&hellip;","_links":{"self":[{"href":"https:\/\/arantv.az\/index.php?rest_route=\/wp\/v2\/posts\/593256"}],"collection":[{"href":"https:\/\/arantv.az\/index.php?rest_route=\/wp\/v2\/posts"}],"about":[{"href":"https:\/\/arantv.az\/index.php?rest_route=\/wp\/v2\/types\/post"}],"author":[{"embeddable":true,"href":"https:\/\/arantv.az\/index.php?rest_route=\/wp\/v2\/users\/2"}],"replies":[{"embeddable":true,"href":"https:\/\/arantv.az\/index.php?rest_route=%2Fwp%2Fv2%2Fcomments&post=593256"}],"version-history":[{"count":0,"href":"https:\/\/arantv.az\/index.php?rest_route=\/wp\/v2\/posts\/593256\/revisions"}],"wp:featuredmedia":[{"embeddable":true,"href":"https:\/\/arantv.az\/index.php?rest_route=\/wp\/v2\/media\/593257"}],"wp:attachment":[{"href":"https:\/\/arantv.az\/index.php?rest_route=%2Fwp%2Fv2%2Fmedia&parent=593256"}],"wp:term":[{"taxonomy":"category","embeddable":true,"href":"https:\/\/arantv.az\/index.php?rest_route=%2Fwp%2Fv2%2Fcategories&post=593256"},{"taxonomy":"post_tag","embeddable":true,"href":"https:\/\/arantv.az\/index.php?rest_route=%2Fwp%2Fv2%2Ftags&post=593256"}],"curies":[{"name":"wp","href":"https:\/\/api.w.org\/{rel}","templated":true}]}}