{"id":593259,"date":"2023-04-25T10:58:13","date_gmt":"2023-04-25T06:58:13","guid":{"rendered":"https:\/\/arantv.az\/?p=593259"},"modified":"2023-04-25T10:58:13","modified_gmt":"2023-04-25T06:58:13","slug":"ilham-%c9%99liyev-israil-prezidentini-t%c9%99brik-edib","status":"publish","type":"post","link":"https:\/\/arantv.az\/?p=593259","title":{"rendered":"\u0130lham \u018fliyev \u0130srail prezidentini t\u0259brik edib"},"content":{"rendered":"<p>Prezident\u00a0<strong>\u0130lham \u018fliyev<\/strong>\u00a0\u0130srail D\u00f6vl\u0259tinin Prezidenti \u0130sxak Hersoqa t\u0259brik m\u0259ktubu \u00fcnvanlay\u0131b.<\/p>\n<p><a href=\"https:\/\/president.az\/az\/articles\/view\/59487\" target=\"_blank\" rel=\"noopener\"><strong>President.az<\/strong><\/a>-\u0131n m\u0259lumat\u0131na g\u00f6r\u0259, m\u0259ktubda deyilir:<\/p>\n<p>\u201cH\u00f6rm\u0259tli c\u0259nab Prezident, \u0130srail D\u00f6vl\u0259tinin m\u00fcst\u0259qilliyinin 75-ci ild\u00f6n\u00fcm\u00fc m\u00fcnasib\u0259til\u0259 Sizi v\u0259 Sizin siman\u0131zda b\u00fct\u00fcn xalq\u0131n\u0131z\u0131 \u00f6z ad\u0131mdan v\u0259 Az\u0259rbaycan xalq\u0131 ad\u0131ndan \u00fcr\u0259kd\u0259n t\u0259brik etm\u0259kd\u0259n v\u0259 \u0259n xo\u015f arzular\u0131m\u0131 \u00e7atd\u0131rmaqdan m\u0259mnunluq duyuram.<\/p>\n<p>\u00d6t\u0259n d\u00f6vr \u0259rzind\u0259 \u0130srail b\u00fct\u00fcn sah\u0259l\u0259rd\u0259 m\u00fch\u00fcm nailiyy\u0259tl\u0259r \u0259ld\u0259 edib v\u0259 d\u00fcnyan\u0131n \u0259n inki\u015faf etmi\u015f \u00f6lk\u0259l\u0259ri s\u0131ras\u0131nda yer al\u0131b.<\/p>\n<p>Az\u0259rbaycan-\u0130srail \u0259laq\u0259l\u0259rinin daim y\u00fcks\u0259l\u0259n x\u0259tl\u0259 inki\u015faf ed\u0259r\u0259k bug\u00fcnk\u00fc s\u0259viyy\u0259y\u0259 \u00e7atmas\u0131 m\u0259mnunluq do\u011furur. Bunun t\u0259m\u0259lind\u0259 xalqlar\u0131m\u0131z\u0131 birl\u0259\u015fdir\u0259n \u00e7ox\u0259srlik m\u00f6hk\u0259m dostluq v\u0259 qar\u015f\u0131l\u0131ql\u0131 r\u0259\u011fb\u0259t hissl\u0259ri dayan\u0131r.<\/p>\n<p>Bu g\u00fcn siyasi dialoqumuzun y\u00fcks\u0259k s\u0259viyy\u0259si iqtisadiyyat, energetika, y\u00fcks\u0259k texnologiyalar, t\u0259hsil, h\u0259rbi-texniki v\u0259 dig\u0259r sah\u0259l\u0259rd\u0259 qar\u015f\u0131l\u0131ql\u0131 f\u0259aliyy\u0259timizin geni\u015fl\u0259ndirilim\u0259si v\u0259 yeni m\u0259zmunla z\u0259nginl\u0259\u015fm\u0259si \u00fc\u00e7\u00fcn \u0259lveri\u015fli \u015f\u0259rait yarad\u0131r. Az\u0259rbaycan\u0131n \u0130sraild\u0259 Ticar\u0259t v\u0259 Turizm n\u00fcmay\u0259nd\u0259likl\u0259rinin a\u00e7\u0131lmas\u0131n\u0131n, bu il is\u0259 s\u0259firliyinin f\u0259aliyy\u0259t\u0259 ba\u015flamas\u0131n\u0131n d\u00f6vl\u0259tl\u0259raras\u0131 m\u00fcnasib\u0259tl\u0259rimizin daha da inki\u015faf\u0131na v\u00fcs\u0259t ver\u0259c\u0259yin\u0259 \u0259min\u0259m.<\/p>\n<p>\u0130nan\u0131ram ki, xalqlar\u0131m\u0131z\u0131n v\u0259 \u00f6lk\u0259l\u0259rimizin m\u0259nafel\u0259rin\u0259 uy\u011fun olaraq Az\u0259rbaycan-\u0130srail dostlu\u011fu v\u0259 \u0259m\u0259kda\u015fl\u0131\u011f\u0131n\u0131n b\u00f6y\u00fck potensial\u0131ndan daha dol\u011fun istifad\u0259 etm\u0259k \u00fc\u00e7\u00fcn qar\u015f\u0131l\u0131ql\u0131 s\u0259yl\u0259rimizi bundan sonra da u\u011furla davam etdir\u0259c\u0259yik.<\/p>\n<p>Tezlikl\u0259 Bak\u0131da g\u00f6r\u00fc\u015fm\u0259k \u00fcmidi il\u0259 Siz\u0259 m\u00f6hk\u0259m cansa\u011fl\u0131\u011f\u0131, xo\u015fb\u0259xtlik, i\u015fl\u0259rinizd\u0259 m\u00fcv\u0259ff\u0259qiyy\u0259tl\u0259r, dost \u0130srail xalq\u0131na daim \u0259min-amanl\u0131q v\u0259 firavanl\u0131q arzulay\u0131ram\u201d.<\/p>\n","protected":false},"excerpt":{"rendered":"<p>Prezident\u00a0\u0130lham \u018fliyev\u00a0\u0130srail D\u00f6vl\u0259tinin Prezidenti \u0130sxak Hersoqa t\u0259brik m\u0259ktubu \u00fcnvanlay\u0131b. President.az-\u0131n m\u0259lumat\u0131na g\u00f6r\u0259, m\u0259ktubda deyilir: \u201cH\u00f6rm\u0259tli c\u0259nab Prezident, \u0130srail D\u00f6vl\u0259tinin m\u00fcst\u0259qilliyinin 75-ci ild\u00f6n\u00fcm\u00fc m\u00fcnasib\u0259til\u0259 Sizi v\u0259 Sizin siman\u0131zda b\u00fct\u00fcn xalq\u0131n\u0131z\u0131 \u00f6z ad\u0131mdan v\u0259 Az\u0259rbaycan xalq\u0131 ad\u0131ndan \u00fcr\u0259kd\u0259n t\u0259brik etm\u0259kd\u0259n v\u0259 \u0259n xo\u015f arzular\u0131m\u0131 \u00e7atd\u0131rmaqdan m\u0259mnunluq duyuram. \u00d6t\u0259n d\u00f6vr \u0259rzind\u0259 \u0130srail b\u00fct\u00fcn sah\u0259l\u0259rd\u0259 m\u00fch\u00fcm nailiyy\u0259tl\u0259r \u0259ld\u0259 edib v\u0259 d\u00fcnyan\u0131n \u0259n inki\u015faf etmi\u015f \u00f6lk\u0259l\u0259ri s\u0131ras\u0131nda yer al\u0131b. Az\u0259rbaycan-\u0130srail \u0259laq\u0259l\u0259rinin daim y\u00fcks\u0259l\u0259n x\u0259tl\u0259 inki\u015faf ed\u0259r\u0259k bug\u00fcnk\u00fc s\u0259viyy\u0259y\u0259 \u00e7atmas\u0131 m\u0259mnunluq do\u011furur. Bunun t\u0259m\u0259lind\u0259 xalqlar\u0131m\u0131z\u0131 birl\u0259\u015fdir\u0259n \u00e7ox\u0259srlik m\u00f6hk\u0259m dostluq v\u0259 qar\u015f\u0131l\u0131ql\u0131 r\u0259\u011fb\u0259t hissl\u0259ri dayan\u0131r. Bu g\u00fcn&hellip;<\/p>\n","protected":false},"author":2,"featured_media":593260,"comment_status":"closed","ping_status":"closed","sticky":false,"template":"","format":"standard","meta":{"om_disable_all_campaigns":false,"_monsterinsights_skip_tracking":false,"_monsterinsights_sitenote_active":false,"_monsterinsights_sitenote_note":"","_monsterinsights_sitenote_category":0},"categories":[4],"tags":[],"aioseo_notices":[],"gutentor_comment":0,"rttpg_featured_image_url":{"full":["https:\/\/arantv.az\/wp-content\/uploads\/2023\/04\/140891325_10164425820405315_1342222326805839665_o-5.jpg",620,413,false],"landscape":["https:\/\/arantv.az\/wp-content\/uploads\/2023\/04\/140891325_10164425820405315_1342222326805839665_o-5.jpg",620,413,false],"portraits":["https:\/\/arantv.az\/wp-content\/uploads\/2023\/04\/140891325_10164425820405315_1342222326805839665_o-5.jpg",620,413,false],"thumbnail":["https:\/\/arantv.az\/wp-content\/uploads\/2023\/04\/140891325_10164425820405315_1342222326805839665_o-5-500x280.jpg",500,280,true],"medium":["https:\/\/arantv.az\/wp-content\/uploads\/2023\/04\/140891325_10164425820405315_1342222326805839665_o-5-548x365.jpg",548,365,true],"large":["https:\/\/arantv.az\/wp-content\/uploads\/2023\/04\/140891325_10164425820405315_1342222326805839665_o-5.jpg",620,413,false],"1536x1536":["https:\/\/arantv.az\/wp-content\/uploads\/2023\/04\/140891325_10164425820405315_1342222326805839665_o-5.jpg",620,413,false],"2048x2048":["https:\/\/arantv.az\/wp-content\/uploads\/2023\/04\/140891325_10164425820405315_1342222326805839665_o-5.jpg",620,413,false],"post-thumbnail":["https:\/\/arantv.az\/wp-content\/uploads\/2023\/04\/140891325_10164425820405315_1342222326805839665_o-5-240x172.jpg",240,172,true],"advps-thumb-one":["https:\/\/arantv.az\/wp-content\/uploads\/2023\/04\/140891325_10164425820405315_1342222326805839665_o-5.jpg",620,413,false]},"rttpg_author":{"display_name":"V\u00fcsal Rafiqo\u011flu","author_link":"https:\/\/arantv.az\/?author=2"},"rttpg_comment":0,"rttpg_category":"<a href=\"https:\/\/arantv.az\/?cat=4\" rel=\"category\">Siyas\u0259t<\/a>","rttpg_excerpt":"Prezident\u00a0\u0130lham \u018fliyev\u00a0\u0130srail D\u00f6vl\u0259tinin Prezidenti \u0130sxak Hersoqa t\u0259brik m\u0259ktubu \u00fcnvanlay\u0131b. President.az-\u0131n m\u0259lumat\u0131na g\u00f6r\u0259, m\u0259ktubda deyilir: \u201cH\u00f6rm\u0259tli c\u0259nab Prezident, \u0130srail D\u00f6vl\u0259tinin m\u00fcst\u0259qilliyinin 75-ci ild\u00f6n\u00fcm\u00fc m\u00fcnasib\u0259til\u0259 Sizi v\u0259 Sizin siman\u0131zda b\u00fct\u00fcn xalq\u0131n\u0131z\u0131 \u00f6z ad\u0131mdan v\u0259 Az\u0259rbaycan xalq\u0131 ad\u0131ndan \u00fcr\u0259kd\u0259n t\u0259brik etm\u0259kd\u0259n v\u0259 \u0259n xo\u015f arzular\u0131m\u0131 \u00e7atd\u0131rmaqdan m\u0259mnunluq duyuram. \u00d6t\u0259n d\u00f6vr \u0259rzind\u0259 \u0130srail b\u00fct\u00fcn sah\u0259l\u0259rd\u0259 m\u00fch\u00fcm nailiyy\u0259tl\u0259r \u0259ld\u0259 edib&hellip;","_links":{"self":[{"href":"https:\/\/arantv.az\/index.php?rest_route=\/wp\/v2\/posts\/593259"}],"collection":[{"href":"https:\/\/arantv.az\/index.php?rest_route=\/wp\/v2\/posts"}],"about":[{"href":"https:\/\/arantv.az\/index.php?rest_route=\/wp\/v2\/types\/post"}],"author":[{"embeddable":true,"href":"https:\/\/arantv.az\/index.php?rest_route=\/wp\/v2\/users\/2"}],"replies":[{"embeddable":true,"href":"https:\/\/arantv.az\/index.php?rest_route=%2Fwp%2Fv2%2Fcomments&post=593259"}],"version-history":[{"count":0,"href":"https:\/\/arantv.az\/index.php?rest_route=\/wp\/v2\/posts\/593259\/revisions"}],"wp:featuredmedia":[{"embeddable":true,"href":"https:\/\/arantv.az\/index.php?rest_route=\/wp\/v2\/media\/593260"}],"wp:attachment":[{"href":"https:\/\/arantv.az\/index.php?rest_route=%2Fwp%2Fv2%2Fmedia&parent=593259"}],"wp:term":[{"taxonomy":"category","embeddable":true,"href":"https:\/\/arantv.az\/index.php?rest_route=%2Fwp%2Fv2%2Fcategories&post=593259"},{"taxonomy":"post_tag","embeddable":true,"href":"https:\/\/arantv.az\/index.php?rest_route=%2Fwp%2Fv2%2Ftags&post=593259"}],"curies":[{"name":"wp","href":"https:\/\/api.w.org\/{rel}","templated":true}]}}