{"id":593265,"date":"2023-04-25T11:03:44","date_gmt":"2023-04-25T07:03:44","guid":{"rendered":"https:\/\/arantv.az\/?p=593265"},"modified":"2023-04-25T11:03:44","modified_gmt":"2023-04-25T07:03:44","slug":"ozb%c9%99kistanda-heyd%c9%99r-%c9%99liyevl%c9%99-bagli-beyn%c9%99lxalq-konfrans-keciril%c9%99c%c9%99k","status":"publish","type":"post","link":"https:\/\/arantv.az\/?p=593265","title":{"rendered":"\u00d6zb\u0259kistanda Heyd\u0259r \u018fliyevl\u0259 ba\u011fl\u0131 beyn\u0259lxalq konfrans ke\u00e7iril\u0259c\u0259k"},"content":{"rendered":"<p>\u00d6zb\u0259kistanda Ulu \u00d6nd\u0259r Heyd\u0259r \u018fliyevl\u0259 ba\u011fl\u0131 beyn\u0259lxalq konfrans ke\u00e7iril\u0259c\u0259k.<\/p>\n<p>Bu bar\u0259d\u0259\u00a0&#8220;\u0130ki sahil&#8221;\u0259 Milli M\u0259clisd\u0259n m\u0259lumat verilib.<\/p>\n<p>Bildirilib ki, Milli M\u0259clisin \u00d6zb\u0259kistanla parlamentl\u0259raras\u0131 \u0259laq\u0259l\u0259r \u00fczr\u0259 i\u015f\u00e7i qrupunun \u00fczvl\u0259ri Cavan\u015fir Pa\u015fazad\u0259, A\u011falar V\u0259liyev v\u0259 deputat Malik H\u0259s\u0259nov aprelin 26-da Da\u015fk\u0259nd \u015f\u0259h\u0259rin\u0259 s\u0259f\u0259r ed\u0259c\u0259kl\u0259r.<\/p>\n<p>Deputatlar \u201cHeyd\u0259r \u018fliyev \u0130li\u201d \u00e7\u0259r\u00e7iv\u0259sind\u0259 Da\u015fk\u0259nd D\u00fcnya \u0130qtisadiyyat\u0131 v\u0259 Diplomatiya Universitetind\u0259 t\u0259\u015fkil olunacaq \u201cHeyd\u0259r \u018fliyev m\u00fcst\u0259qil Az\u0259rbaycan\u0131n xilaskar\u0131, qurucusu, Az\u0259rbaycan-\u00d6zb\u0259kistan dostluq v\u0259 strateji \u0259m\u0259kda\u015fl\u0131\u011f\u0131n\u0131n \u0259sas\u00e7\u0131s\u0131\u201d adl\u0131 beyn\u0259lxalq konfransa qat\u0131lacaqlar.<\/p>\n<p>S\u0259f\u0259r \u00e7\u0259r\u00e7iv\u0259sind\u0259 deputatlardan C.Pa\u015fazad\u0259 Milli M\u0259clisin, A.V\u0259liyev T\u00fcrk D\u00f6vl\u0259tl\u0259ri Parlament Assambleyas\u0131n\u0131n (T\u00dcRKPA), M.H\u0259s\u0259nov is\u0259 MDB Parlament Assambleyas\u0131n\u0131n x\u0259tti il\u0259 \u00d6zb\u0259kistan\u0131n Konstitusiyas\u0131na \u0259lav\u0259 v\u0259 d\u0259yi\u015fiklikl\u0259rl\u0259 ba\u011fl\u0131 ke\u00e7iril\u0259c\u0259k \u00fcmumxalq referendumunu izl\u0259y\u0259c\u0259kl\u0259r.<\/p>\n<p>S\u0259f\u0259r may\u0131n 2-d\u0259 ba\u015fa \u00e7atacaq.<\/p>\n","protected":false},"excerpt":{"rendered":"<p>\u00d6zb\u0259kistanda Ulu \u00d6nd\u0259r Heyd\u0259r \u018fliyevl\u0259 ba\u011fl\u0131 beyn\u0259lxalq konfrans ke\u00e7iril\u0259c\u0259k. Bu bar\u0259d\u0259\u00a0&#8220;\u0130ki sahil&#8221;\u0259 Milli M\u0259clisd\u0259n m\u0259lumat verilib. Bildirilib ki, Milli M\u0259clisin \u00d6zb\u0259kistanla parlamentl\u0259raras\u0131 \u0259laq\u0259l\u0259r \u00fczr\u0259 i\u015f\u00e7i qrupunun \u00fczvl\u0259ri Cavan\u015fir Pa\u015fazad\u0259, A\u011falar V\u0259liyev v\u0259 deputat Malik H\u0259s\u0259nov aprelin 26-da Da\u015fk\u0259nd \u015f\u0259h\u0259rin\u0259 s\u0259f\u0259r ed\u0259c\u0259kl\u0259r. Deputatlar \u201cHeyd\u0259r \u018fliyev \u0130li\u201d \u00e7\u0259r\u00e7iv\u0259sind\u0259 Da\u015fk\u0259nd D\u00fcnya \u0130qtisadiyyat\u0131 v\u0259 Diplomatiya Universitetind\u0259 t\u0259\u015fkil olunacaq \u201cHeyd\u0259r \u018fliyev m\u00fcst\u0259qil Az\u0259rbaycan\u0131n xilaskar\u0131, qurucusu, Az\u0259rbaycan-\u00d6zb\u0259kistan dostluq v\u0259 strateji \u0259m\u0259kda\u015fl\u0131\u011f\u0131n\u0131n \u0259sas\u00e7\u0131s\u0131\u201d adl\u0131 beyn\u0259lxalq konfransa qat\u0131lacaqlar. S\u0259f\u0259r \u00e7\u0259r\u00e7iv\u0259sind\u0259 deputatlardan C.Pa\u015fazad\u0259 Milli M\u0259clisin, A.V\u0259liyev T\u00fcrk D\u00f6vl\u0259tl\u0259ri Parlament Assambleyas\u0131n\u0131n (T\u00dcRKPA), M.H\u0259s\u0259nov is\u0259 MDB Parlament Assambleyas\u0131n\u0131n x\u0259tti il\u0259 \u00d6zb\u0259kistan\u0131n&hellip;<\/p>\n","protected":false},"author":2,"featured_media":593266,"comment_status":"closed","ping_status":"closed","sticky":false,"template":"","format":"standard","meta":{"om_disable_all_campaigns":false,"_monsterinsights_skip_tracking":false,"_monsterinsights_sitenote_active":false,"_monsterinsights_sitenote_note":"","_monsterinsights_sitenote_category":0},"categories":[4],"tags":[],"aioseo_notices":[],"gutentor_comment":0,"rttpg_featured_image_url":{"full":["https:\/\/arantv.az\/wp-content\/uploads\/2023\/04\/671d8d05166194610934084365810227741-3.jpg",975,540,false],"landscape":["https:\/\/arantv.az\/wp-content\/uploads\/2023\/04\/671d8d05166194610934084365810227741-3.jpg",975,540,false],"portraits":["https:\/\/arantv.az\/wp-content\/uploads\/2023\/04\/671d8d05166194610934084365810227741-3.jpg",975,540,false],"thumbnail":["https:\/\/arantv.az\/wp-content\/uploads\/2023\/04\/671d8d05166194610934084365810227741-3-500x280.jpg",500,280,true],"medium":["https:\/\/arantv.az\/wp-content\/uploads\/2023\/04\/671d8d05166194610934084365810227741-3-660x365.jpg",660,365,true],"large":["https:\/\/arantv.az\/wp-content\/uploads\/2023\/04\/671d8d05166194610934084365810227741-3-840x465.jpg",640,354,true],"1536x1536":["https:\/\/arantv.az\/wp-content\/uploads\/2023\/04\/671d8d05166194610934084365810227741-3.jpg",975,540,false],"2048x2048":["https:\/\/arantv.az\/wp-content\/uploads\/2023\/04\/671d8d05166194610934084365810227741-3.jpg",975,540,false],"post-thumbnail":["https:\/\/arantv.az\/wp-content\/uploads\/2023\/04\/671d8d05166194610934084365810227741-3-240x172.jpg",240,172,true],"advps-thumb-one":["https:\/\/arantv.az\/wp-content\/uploads\/2023\/04\/671d8d05166194610934084365810227741-3.jpg",975,540,false]},"rttpg_author":{"display_name":"V\u00fcsal Rafiqo\u011flu","author_link":"https:\/\/arantv.az\/?author=2"},"rttpg_comment":0,"rttpg_category":"<a href=\"https:\/\/arantv.az\/?cat=4\" rel=\"category\">Siyas\u0259t<\/a>","rttpg_excerpt":"\u00d6zb\u0259kistanda Ulu \u00d6nd\u0259r Heyd\u0259r \u018fliyevl\u0259 ba\u011fl\u0131 beyn\u0259lxalq konfrans ke\u00e7iril\u0259c\u0259k. Bu bar\u0259d\u0259\u00a0&#8220;\u0130ki sahil&#8221;\u0259 Milli M\u0259clisd\u0259n m\u0259lumat verilib. Bildirilib ki, Milli M\u0259clisin \u00d6zb\u0259kistanla parlamentl\u0259raras\u0131 \u0259laq\u0259l\u0259r \u00fczr\u0259 i\u015f\u00e7i qrupunun \u00fczvl\u0259ri Cavan\u015fir Pa\u015fazad\u0259, A\u011falar V\u0259liyev v\u0259 deputat Malik H\u0259s\u0259nov aprelin 26-da Da\u015fk\u0259nd \u015f\u0259h\u0259rin\u0259 s\u0259f\u0259r ed\u0259c\u0259kl\u0259r. Deputatlar \u201cHeyd\u0259r \u018fliyev \u0130li\u201d \u00e7\u0259r\u00e7iv\u0259sind\u0259 Da\u015fk\u0259nd D\u00fcnya \u0130qtisadiyyat\u0131 v\u0259 Diplomatiya Universitetind\u0259 t\u0259\u015fkil olunacaq \u201cHeyd\u0259r&hellip;","_links":{"self":[{"href":"https:\/\/arantv.az\/index.php?rest_route=\/wp\/v2\/posts\/593265"}],"collection":[{"href":"https:\/\/arantv.az\/index.php?rest_route=\/wp\/v2\/posts"}],"about":[{"href":"https:\/\/arantv.az\/index.php?rest_route=\/wp\/v2\/types\/post"}],"author":[{"embeddable":true,"href":"https:\/\/arantv.az\/index.php?rest_route=\/wp\/v2\/users\/2"}],"replies":[{"embeddable":true,"href":"https:\/\/arantv.az\/index.php?rest_route=%2Fwp%2Fv2%2Fcomments&post=593265"}],"version-history":[{"count":0,"href":"https:\/\/arantv.az\/index.php?rest_route=\/wp\/v2\/posts\/593265\/revisions"}],"wp:featuredmedia":[{"embeddable":true,"href":"https:\/\/arantv.az\/index.php?rest_route=\/wp\/v2\/media\/593266"}],"wp:attachment":[{"href":"https:\/\/arantv.az\/index.php?rest_route=%2Fwp%2Fv2%2Fmedia&parent=593265"}],"wp:term":[{"taxonomy":"category","embeddable":true,"href":"https:\/\/arantv.az\/index.php?rest_route=%2Fwp%2Fv2%2Fcategories&post=593265"},{"taxonomy":"post_tag","embeddable":true,"href":"https:\/\/arantv.az\/index.php?rest_route=%2Fwp%2Fv2%2Ftags&post=593265"}],"curies":[{"name":"wp","href":"https:\/\/api.w.org\/{rel}","templated":true}]}}