{"id":593272,"date":"2023-04-25T11:14:47","date_gmt":"2023-04-25T07:14:47","guid":{"rendered":"https:\/\/arantv.az\/?p=593272"},"modified":"2023-04-25T11:14:47","modified_gmt":"2023-04-25T07:14:47","slug":"yuri-lesnici-h%c9%99m-huquq-h%c9%99m-d%c9%99-guc-az%c9%99rbaycanin-t%c9%99r%c9%99find%c9%99dir","status":"publish","type":"post","link":"https:\/\/arantv.az\/?p=593272","title":{"rendered":"Yuri Lesni\u00e7i: \u201cH\u0259m h\u00fcquq, h\u0259m d\u0259 g\u00fcc Az\u0259rbaycan\u0131n t\u0259r\u0259find\u0259dir\u201d"},"content":{"rendered":"<p>Suveren \u0259razimizd\u0259 s\u0259rh\u0259d-burax\u0131l\u0131\u015f m\u0259nt\u0259q\u0259sinin yarad\u0131lmas\u0131 \u00f6lk\u0259mizin suveren h\u00fcququdur. Bu bar\u0259d\u0259 \u00f6t\u0259n g\u00fcn Az\u0259rbaycan Xarici \u0130\u015fl\u0259r Nazirliyinin M\u0259tbuat Xidm\u0259tinin r\u0259hb\u0259ri Ayxan Hac\u0131zad\u0259 Fransa X\u0130N-in Bak\u0131n\u0131n La\u00e7\u0131n yolunun giri\u015find\u0259 s\u0259rh\u0259d-burax\u0131l\u0131\u015f m\u0259nt\u0259q\u0259sinin qura\u015fd\u0131r\u0131lmas\u0131n\u0131 pisl\u0259y\u0259n aqressiv b\u0259yanat\u0131na cavab olaraq bildirib.<\/p>\n<p>Yeri g\u0259lmi\u015fk\u0259n, beyn\u0259lxalq ekspertl\u0259r d\u0259 b\u0259yan edirl\u0259r ki, \u00f6z suveren \u0259razisind\u0259 s\u0259rh\u0259d-burax\u0131l\u0131\u015f m\u0259nt\u0259q\u0259si qura\u015fd\u0131rmaq ist\u0259nil\u0259n \u00f6lk\u0259nin beyn\u0259lxalq standartlarla t\u0259nziml\u0259n\u0259n qanuni haqq\u0131d\u0131r.<\/p>\n<p>Eyni fikri Oxu.Az-a m\u00fcsahib\u0259sind\u0259 Ukrayna T\u0259hlil v\u0259 Proqnozla\u015fd\u0131rma \u0130nstitutunun direktoru Yuri Lesni\u00e7i s\u0259sl\u0259ndirib:<\/p>\n<p>&#8211; Az\u0259rbaycan \u00f6z \u0259razil\u0259rini h\u0259rbi yolla v\u0259 m\u00fctt\u0259fiql\u0259rinin siyasi d\u0259st\u0259yi il\u0259 geri qaytara bildi. \u0130ndi is\u0259 s\u0259rh\u0259d-burax\u0131l\u0131\u015f m\u0259nt\u0259q\u0259si yarad\u0131l\u0131b v\u0259 bu ham\u0131n\u0131, x\u00fcsus\u0259n d\u0259 erm\u0259nip\u0259r\u0259st diplomatik m\u00f6vqe tutan frans\u0131zlar\u0131 v\u0259 dig\u0259rl\u0259rini narahat edib.<\/p>\n<p>Biz Ukraynada Rusiyan\u0131n i\u015ftirak\u0131 il\u0259 imzalanm\u0131\u015f s\u0259n\u0259dl\u0259r\u0259 etibar etmirik. Ruslar kiml\u0259ris\u0259 bar\u0131\u015fd\u0131rmaq v\u0259 ya qorumaq ist\u0259dikl\u0259rini s\u00f6yl\u0259y\u0259nd\u0259 m\u0259n onlara inanm\u0131ram. Biz Ukraynada bununla \u00fczl\u0259\u015fmi\u015fik, haz\u0131rda bizd\u0259 amans\u0131z m\u00fcharib\u0259 gedir. Sizin v\u0259ziyy\u0259tinizd\u0259 is\u0259 h\u0259tta m\u00fczakir\u0259 edil\u0259c\u0259k bir m\u0259s\u0259l\u0259 yoxdur: bu, Az\u0259rbaycan\u0131n suveren \u0259razisidir v\u0259 sizin s\u0259rh\u0259d\u00e7il\u0259r orada s\u0259rh\u0259d-burax\u0131l\u0131\u015f m\u0259nt\u0259q\u0259si qoyublar. He\u00e7 bir h\u00fcquq pozuntusu yoxdur, ola da bilm\u0259z. V\u0259 bu halda m\u0259n 10 noyabr 2020-ci ild\u0259 imzalanm\u0131\u015f \u00dc\u00e7t\u0259r\u0259fli B\u0259yanat\u0131n m\u00fcdd\u0259alar\u0131n\u0131 xat\u0131rlama\u011f\u0131 bel\u0259, faydas\u0131z g\u00f6r\u00fcr\u0259m.<\/p>\n<p>Bundan \u0259lav\u0259, b\u00fct\u00fcn m\u00fcqavil\u0259l\u0259r, raz\u0131la\u015fmalar h\u0259mi\u015f\u0259 birinin g\u00fcc\u00fc, ikincinin is\u0259 g\u00fccs\u00fczl\u00fcy\u00fcn\u00fc ehtiva edir. Ya da paritet \u0259saslar olur. Haz\u0131rda is\u0259 h\u0259m h\u00fcquq, h\u0259m d\u0259 g\u00fcc Az\u0259rbaycan\u0131n t\u0259r\u0259find\u0259dir. Bak\u0131 tez v\u0259 s\u0259m\u0259r\u0259li \u015f\u0259kild\u0259 \u00f6z \u0259razi b\u00fct\u00f6vl\u00fcy\u00fcn\u00fc b\u0259rpa etdi. Rusiya 2020-ci ild\u0259 t\u0259r\u0259fl\u0259ri dan\u0131\u015f\u0131qlar masas\u0131 arxas\u0131na \u0259yl\u0259\u015fdirm\u0259k m\u0259cburiyy\u0259tind\u0259 qalaraq bu \u201cyan\u011f\u0131n\u201d\u0131 t\u0259cili \u015f\u0259kild\u0259 s\u00f6nd\u00fcrm\u0259li oldu.<br \/>\nAz\u0259rbaycan indi \u00f6z g\u00fcc\u00fcn\u00fc hiss edir v\u0259 onu n\u00fcmayi\u015f etdirir. \u018fg\u0259r ba\u015fqas\u0131 aya\u011f\u0131n\u0131 s\u0259nin torpa\u011f\u0131na qoyubsa, dem\u0259li, s\u0259nin onu \u00e7\u0131xarma\u011fa haqq\u0131n var. H\u0259r \u015fey bu q\u0259d\u0259r sad\u0259dir. \u0130ndi k\u00fcl\u0259k Az\u0259rbaycan\u0131n yelk\u0259nl\u0259rini doldurur.<\/p>\n<p>La\u00e7\u0131n yolunda s\u0259rh\u0259d-burax\u0131l\u0131\u015f m\u0259nt\u0259q\u0259si qurmaqla Az\u0259rbaycan, \u0259n az\u0131, taktiki \u00fcst\u00fcnl\u00fck \u0259ld\u0259 etdi. Yoxlama m\u0259nt\u0259q\u0259sind\u0259 i\u015f rejiminin hans\u0131 formada t\u0259\u015fkil olunaca\u011f\u0131 is\u0259 art\u0131q x\u0131rda m\u0259s\u0259l\u0259dir. Burada, Ukraynada rus ordusu \u015f\u0259h\u0259rl\u0259ri yer \u00fcz\u00fcnd\u0259n silir, sizd\u0259 is\u0259 s\u0259rh\u0259d-burax\u0131l\u0131\u015f m\u0259nt\u0259q\u0259si qurulub v\u0259 at\u0259\u015f d\u0259 a\u00e7\u0131lmay\u0131b, amma kiml\u0259rs\u0259 bundan narahat olurlar.<\/p>\n<p>M\u0259n bir daha Ukraynan\u0131n m\u0259lum m\u00f6vqeyini ifad\u0259 ed\u0259c\u0259y\u0259m: bizim \u00fc\u00e7\u00fcn prioritet beyn\u0259lxalq h\u00fcquq v\u0259 \u0259razi b\u00fct\u00f6vl\u00fcy\u00fcd\u00fcr. Xank\u0259ndi tamamil\u0259 Az\u0259rbaycan\u0131n n\u0259zar\u0259ti alt\u0131nda olanda m\u0259n \u0259min\u0259m ki, Az\u0259rbaycan v\u0259t\u0259nda\u015fl\u0131\u011f\u0131n\u0131 q\u0259bul edib Az\u0259rbaycan qanunlar\u0131na \u0259m\u0259l ed\u0259c\u0259k b\u00fct\u00fcn erm\u0259ni mill\u0259tind\u0259n olan sakinl\u0259r \u0259min-amanl\u0131q v\u0259 firavanl\u0131q i\u00e7ind\u0259 ya\u015fayacaqlar.<\/p>\n<p>Bizd\u0259 Ukraynada da ox\u015far v\u0259ziyy\u0259tdir. Biz haz\u0131rda i\u015f\u011falda olan Kr\u0131m v\u0259 Donbasa qay\u0131danda da ox\u015far v\u0259ziyy\u0259t olacaq. Bu torpaqlardak\u0131 insanlar ya Ukrayna v\u0259t\u0259nda\u015fl\u0131\u011f\u0131n\u0131 al\u0131b Ukrayna qanunlar\u0131n\u0131 pozmayacaq, ya da \u0259mlaklar\u0131n\u0131 sataraq oran\u0131 t\u0259rk etm\u0259li olacaqlar. Burada ya\u015famaq ist\u0259yirs\u0259ns\u0259 &#8211; ya\u015fa, amma \u00f6lk\u0259 qanunvericiliyi \u00e7\u0259r\u00e7iv\u0259sind\u0259, ist\u0259mirs\u0259ns\u0259 &#8211; s\u0259ni he\u00e7 kim m\u0259cbur saxlam\u0131r. Az\u0259rbaycan &#8211; bu \u00f6lk\u0259nin v\u0259t\u0259nda\u015fl\u0131\u011f\u0131n\u0131 q\u0259bul ed\u0259c\u0259k erm\u0259ni \u0259halinin Xank\u0259ndid\u0259 rahat ya\u015famas\u0131na imkan yaratmaq iqtidar\u0131nda olan sivil \u00f6lk\u0259dir. Eyni zamanda, biz 2020-ci ild\u0259 (azad edilmi\u015f Az\u0259rbaycan rayonlar\u0131ndan &#8211; red.) ged\u0259n erm\u0259ni \u0259halinin evl\u0259ri nec\u0259 yand\u0131rd\u0131\u011f\u0131n\u0131n da \u015fahidi olmu\u015fuq.<\/p>\n","protected":false},"excerpt":{"rendered":"<p>Suveren \u0259razimizd\u0259 s\u0259rh\u0259d-burax\u0131l\u0131\u015f m\u0259nt\u0259q\u0259sinin yarad\u0131lmas\u0131 \u00f6lk\u0259mizin suveren h\u00fcququdur. Bu bar\u0259d\u0259 \u00f6t\u0259n g\u00fcn Az\u0259rbaycan Xarici \u0130\u015fl\u0259r Nazirliyinin M\u0259tbuat Xidm\u0259tinin r\u0259hb\u0259ri Ayxan Hac\u0131zad\u0259 Fransa X\u0130N-in Bak\u0131n\u0131n La\u00e7\u0131n yolunun giri\u015find\u0259 s\u0259rh\u0259d-burax\u0131l\u0131\u015f m\u0259nt\u0259q\u0259sinin qura\u015fd\u0131r\u0131lmas\u0131n\u0131 pisl\u0259y\u0259n aqressiv b\u0259yanat\u0131na cavab olaraq bildirib. Yeri g\u0259lmi\u015fk\u0259n, beyn\u0259lxalq ekspertl\u0259r d\u0259 b\u0259yan edirl\u0259r ki, \u00f6z suveren \u0259razisind\u0259 s\u0259rh\u0259d-burax\u0131l\u0131\u015f m\u0259nt\u0259q\u0259si qura\u015fd\u0131rmaq ist\u0259nil\u0259n \u00f6lk\u0259nin beyn\u0259lxalq standartlarla t\u0259nziml\u0259n\u0259n qanuni haqq\u0131d\u0131r. Eyni fikri Oxu.Az-a m\u00fcsahib\u0259sind\u0259 Ukrayna T\u0259hlil v\u0259 Proqnozla\u015fd\u0131rma \u0130nstitutunun direktoru Yuri Lesni\u00e7i s\u0259sl\u0259ndirib: &#8211; Az\u0259rbaycan \u00f6z \u0259razil\u0259rini h\u0259rbi yolla v\u0259 m\u00fctt\u0259fiql\u0259rinin siyasi d\u0259st\u0259yi il\u0259 geri qaytara bildi. \u0130ndi is\u0259 s\u0259rh\u0259d-burax\u0131l\u0131\u015f m\u0259nt\u0259q\u0259si yarad\u0131l\u0131b v\u0259&hellip;<\/p>\n","protected":false},"author":2,"featured_media":593273,"comment_status":"closed","ping_status":"closed","sticky":false,"template":"","format":"standard","meta":{"om_disable_all_campaigns":false,"_monsterinsights_skip_tracking":false,"_monsterinsights_sitenote_active":false,"_monsterinsights_sitenote_note":"","_monsterinsights_sitenote_category":0},"categories":[4],"tags":[],"aioseo_notices":[],"gutentor_comment":0,"rttpg_featured_image_url":{"full":["https:\/\/arantv.az\/wp-content\/uploads\/2023\/04\/340181869_964557471216455_1471485255444440009_n.jpg",620,413,false],"landscape":["https:\/\/arantv.az\/wp-content\/uploads\/2023\/04\/340181869_964557471216455_1471485255444440009_n.jpg",620,413,false],"portraits":["https:\/\/arantv.az\/wp-content\/uploads\/2023\/04\/340181869_964557471216455_1471485255444440009_n.jpg",620,413,false],"thumbnail":["https:\/\/arantv.az\/wp-content\/uploads\/2023\/04\/340181869_964557471216455_1471485255444440009_n-500x280.jpg",500,280,true],"medium":["https:\/\/arantv.az\/wp-content\/uploads\/2023\/04\/340181869_964557471216455_1471485255444440009_n-548x365.jpg",548,365,true],"large":["https:\/\/arantv.az\/wp-content\/uploads\/2023\/04\/340181869_964557471216455_1471485255444440009_n.jpg",620,413,false],"1536x1536":["https:\/\/arantv.az\/wp-content\/uploads\/2023\/04\/340181869_964557471216455_1471485255444440009_n.jpg",620,413,false],"2048x2048":["https:\/\/arantv.az\/wp-content\/uploads\/2023\/04\/340181869_964557471216455_1471485255444440009_n.jpg",620,413,false],"post-thumbnail":["https:\/\/arantv.az\/wp-content\/uploads\/2023\/04\/340181869_964557471216455_1471485255444440009_n-240x172.jpg",240,172,true],"advps-thumb-one":["https:\/\/arantv.az\/wp-content\/uploads\/2023\/04\/340181869_964557471216455_1471485255444440009_n.jpg",620,413,false]},"rttpg_author":{"display_name":"V\u00fcsal Rafiqo\u011flu","author_link":"https:\/\/arantv.az\/?author=2"},"rttpg_comment":0,"rttpg_category":"<a href=\"https:\/\/arantv.az\/?cat=4\" rel=\"category\">Siyas\u0259t<\/a>","rttpg_excerpt":"Suveren \u0259razimizd\u0259 s\u0259rh\u0259d-burax\u0131l\u0131\u015f m\u0259nt\u0259q\u0259sinin yarad\u0131lmas\u0131 \u00f6lk\u0259mizin suveren h\u00fcququdur. Bu bar\u0259d\u0259 \u00f6t\u0259n g\u00fcn Az\u0259rbaycan Xarici \u0130\u015fl\u0259r Nazirliyinin M\u0259tbuat Xidm\u0259tinin r\u0259hb\u0259ri Ayxan Hac\u0131zad\u0259 Fransa X\u0130N-in Bak\u0131n\u0131n La\u00e7\u0131n yolunun giri\u015find\u0259 s\u0259rh\u0259d-burax\u0131l\u0131\u015f m\u0259nt\u0259q\u0259sinin qura\u015fd\u0131r\u0131lmas\u0131n\u0131 pisl\u0259y\u0259n aqressiv b\u0259yanat\u0131na cavab olaraq bildirib. Yeri g\u0259lmi\u015fk\u0259n, beyn\u0259lxalq ekspertl\u0259r d\u0259 b\u0259yan edirl\u0259r ki, \u00f6z suveren \u0259razisind\u0259 s\u0259rh\u0259d-burax\u0131l\u0131\u015f m\u0259nt\u0259q\u0259si qura\u015fd\u0131rmaq ist\u0259nil\u0259n \u00f6lk\u0259nin beyn\u0259lxalq standartlarla t\u0259nziml\u0259n\u0259n&hellip;","_links":{"self":[{"href":"https:\/\/arantv.az\/index.php?rest_route=\/wp\/v2\/posts\/593272"}],"collection":[{"href":"https:\/\/arantv.az\/index.php?rest_route=\/wp\/v2\/posts"}],"about":[{"href":"https:\/\/arantv.az\/index.php?rest_route=\/wp\/v2\/types\/post"}],"author":[{"embeddable":true,"href":"https:\/\/arantv.az\/index.php?rest_route=\/wp\/v2\/users\/2"}],"replies":[{"embeddable":true,"href":"https:\/\/arantv.az\/index.php?rest_route=%2Fwp%2Fv2%2Fcomments&post=593272"}],"version-history":[{"count":0,"href":"https:\/\/arantv.az\/index.php?rest_route=\/wp\/v2\/posts\/593272\/revisions"}],"wp:featuredmedia":[{"embeddable":true,"href":"https:\/\/arantv.az\/index.php?rest_route=\/wp\/v2\/media\/593273"}],"wp:attachment":[{"href":"https:\/\/arantv.az\/index.php?rest_route=%2Fwp%2Fv2%2Fmedia&parent=593272"}],"wp:term":[{"taxonomy":"category","embeddable":true,"href":"https:\/\/arantv.az\/index.php?rest_route=%2Fwp%2Fv2%2Fcategories&post=593272"},{"taxonomy":"post_tag","embeddable":true,"href":"https:\/\/arantv.az\/index.php?rest_route=%2Fwp%2Fv2%2Ftags&post=593272"}],"curies":[{"name":"wp","href":"https:\/\/api.w.org\/{rel}","templated":true}]}}