{"id":593278,"date":"2023-04-25T11:16:03","date_gmt":"2023-04-25T07:16:03","guid":{"rendered":"https:\/\/arantv.az\/?p=593278"},"modified":"2023-04-25T11:16:03","modified_gmt":"2023-04-25T07:16:03","slug":"ac-d%c9%99-qizil-medal-qazanmis-gul%c9%99sci-q%c9%99l%c9%99b%c9%99mi-s%c9%99hidl%c9%99r%c9%99-v%c9%99-atama-h%c9%99sr-edir%c9%99m-video","status":"publish","type":"post","link":"https:\/\/arantv.az\/?p=593278","title":{"rendered":"A\u00c7-d\u0259 q\u0131z\u0131l medal qazanm\u0131\u015f g\u00fcl\u0259\u015f\u00e7i: \u201cQ\u0259l\u0259b\u0259mi \u015f\u0259hidl\u0259r\u0259 v\u0259 atama h\u0259sr edir\u0259m\u201d &#8211; V\u0130DEO"},"content":{"rendered":"<article class=\"news\">\n<div class=\"news-inner\">\n<p>\u201c\u0130lk t\u0259brik ed\u0259n anam oldu. M\u0259n bu q\u0259l\u0259b\u0259mi \u015f\u0259hidl\u0259rimiz\u0259 v\u0259 atama h\u0259sr edir\u0259m. Ruhlar\u0131 \u015fad olsun\u201d.<\/p>\n<p>\u201cReport\u201d x\u0259b\u0259r verir ki, bunu Avropa \u00e7empionat\u0131nda q\u0131z\u0131l medala layiq g\u00f6r\u00fclm\u00fc\u015f Az\u0259rbaycan\u0131n yunan-Roma g\u00fcl\u0259\u015f\u00e7isi \u00dclv\u00fc Q\u0259nizad\u0259 V\u0259t\u0259n\u0259 qay\u0131td\u0131qdan sonra jurnalistl\u0259r\u0259 a\u00e7\u0131qlamas\u0131nda bildirib.<\/p>\n<p>\u201cQar\u015f\u0131da d\u00fcnya \u00e7empionat\u0131 var. M\u0259qs\u0259d d\u00fcnya \u00e7empionlu\u011fudur. \u00dcmid edir\u0259m ki, bu biz\u0259 n\u0259sib olacaq. Bo\u015falmaq olmaz, h\u0259l\u0259 h\u0259r \u015fey ir\u0259lid\u0259dir. \u0130nan\u0131ram ki, n\u0259tic\u0259l\u0259rin ard\u0131 g\u0259l\u0259c\u0259k\u201d, &#8211; idman\u00e7\u0131 \u0259lav\u0259 edib.<\/p>\n<div><iframe loading=\"lazy\" title=\"YouTube video player\" src=\"https:\/\/www.youtube.com\/embed\/iKjPbuvvka0\" width=\"560\" height=\"315\" frameborder=\"0\" allowfullscreen=\"allowfullscreen\" data-mce-fragment=\"1\"><\/iframe><\/div>\n<\/div>\n<\/article>\n","protected":false},"excerpt":{"rendered":"<p>\u201c\u0130lk t\u0259brik ed\u0259n anam oldu. M\u0259n bu q\u0259l\u0259b\u0259mi \u015f\u0259hidl\u0259rimiz\u0259 v\u0259 atama h\u0259sr edir\u0259m. Ruhlar\u0131 \u015fad olsun\u201d. \u201cReport\u201d x\u0259b\u0259r verir ki, bunu Avropa \u00e7empionat\u0131nda q\u0131z\u0131l medala layiq g\u00f6r\u00fclm\u00fc\u015f Az\u0259rbaycan\u0131n yunan-Roma g\u00fcl\u0259\u015f\u00e7isi \u00dclv\u00fc Q\u0259nizad\u0259 V\u0259t\u0259n\u0259 qay\u0131td\u0131qdan sonra jurnalistl\u0259r\u0259 a\u00e7\u0131qlamas\u0131nda bildirib. \u201cQar\u015f\u0131da d\u00fcnya \u00e7empionat\u0131 var. M\u0259qs\u0259d d\u00fcnya \u00e7empionlu\u011fudur. \u00dcmid edir\u0259m ki, bu biz\u0259 n\u0259sib olacaq. Bo\u015falmaq olmaz, h\u0259l\u0259 h\u0259r \u015fey ir\u0259lid\u0259dir. \u0130nan\u0131ram ki, n\u0259tic\u0259l\u0259rin ard\u0131 g\u0259l\u0259c\u0259k\u201d, &#8211; idman\u00e7\u0131 \u0259lav\u0259 edib.<\/p>\n","protected":false},"author":2,"featured_media":593279,"comment_status":"closed","ping_status":"closed","sticky":false,"template":"","format":"standard","meta":{"om_disable_all_campaigns":false,"_monsterinsights_skip_tracking":false,"_monsterinsights_sitenote_active":false,"_monsterinsights_sitenote_note":"","_monsterinsights_sitenote_category":0},"categories":[6],"tags":[],"aioseo_notices":[],"gutentor_comment":0,"rttpg_featured_image_url":{"full":["https:\/\/arantv.az\/wp-content\/uploads\/2023\/04\/FotoJet-5-7.jpg",620,413,false],"landscape":["https:\/\/arantv.az\/wp-content\/uploads\/2023\/04\/FotoJet-5-7.jpg",620,413,false],"portraits":["https:\/\/arantv.az\/wp-content\/uploads\/2023\/04\/FotoJet-5-7.jpg",620,413,false],"thumbnail":["https:\/\/arantv.az\/wp-content\/uploads\/2023\/04\/FotoJet-5-7-500x280.jpg",500,280,true],"medium":["https:\/\/arantv.az\/wp-content\/uploads\/2023\/04\/FotoJet-5-7-548x365.jpg",548,365,true],"large":["https:\/\/arantv.az\/wp-content\/uploads\/2023\/04\/FotoJet-5-7.jpg",620,413,false],"1536x1536":["https:\/\/arantv.az\/wp-content\/uploads\/2023\/04\/FotoJet-5-7.jpg",620,413,false],"2048x2048":["https:\/\/arantv.az\/wp-content\/uploads\/2023\/04\/FotoJet-5-7.jpg",620,413,false],"post-thumbnail":["https:\/\/arantv.az\/wp-content\/uploads\/2023\/04\/FotoJet-5-7-240x172.jpg",240,172,true],"advps-thumb-one":["https:\/\/arantv.az\/wp-content\/uploads\/2023\/04\/FotoJet-5-7.jpg",620,413,false]},"rttpg_author":{"display_name":"V\u00fcsal Rafiqo\u011flu","author_link":"https:\/\/arantv.az\/?author=2"},"rttpg_comment":0,"rttpg_category":"<a href=\"https:\/\/arantv.az\/?cat=6\" rel=\"category\">\u0130dman<\/a>","rttpg_excerpt":"\u201c\u0130lk t\u0259brik ed\u0259n anam oldu. M\u0259n bu q\u0259l\u0259b\u0259mi \u015f\u0259hidl\u0259rimiz\u0259 v\u0259 atama h\u0259sr edir\u0259m. Ruhlar\u0131 \u015fad olsun\u201d. \u201cReport\u201d x\u0259b\u0259r verir ki, bunu Avropa \u00e7empionat\u0131nda q\u0131z\u0131l medala layiq g\u00f6r\u00fclm\u00fc\u015f Az\u0259rbaycan\u0131n yunan-Roma g\u00fcl\u0259\u015f\u00e7isi \u00dclv\u00fc Q\u0259nizad\u0259 V\u0259t\u0259n\u0259 qay\u0131td\u0131qdan sonra jurnalistl\u0259r\u0259 a\u00e7\u0131qlamas\u0131nda bildirib. \u201cQar\u015f\u0131da d\u00fcnya \u00e7empionat\u0131 var. M\u0259qs\u0259d d\u00fcnya \u00e7empionlu\u011fudur. \u00dcmid edir\u0259m ki, bu biz\u0259 n\u0259sib olacaq. Bo\u015falmaq olmaz, h\u0259l\u0259&hellip;","_links":{"self":[{"href":"https:\/\/arantv.az\/index.php?rest_route=\/wp\/v2\/posts\/593278"}],"collection":[{"href":"https:\/\/arantv.az\/index.php?rest_route=\/wp\/v2\/posts"}],"about":[{"href":"https:\/\/arantv.az\/index.php?rest_route=\/wp\/v2\/types\/post"}],"author":[{"embeddable":true,"href":"https:\/\/arantv.az\/index.php?rest_route=\/wp\/v2\/users\/2"}],"replies":[{"embeddable":true,"href":"https:\/\/arantv.az\/index.php?rest_route=%2Fwp%2Fv2%2Fcomments&post=593278"}],"version-history":[{"count":0,"href":"https:\/\/arantv.az\/index.php?rest_route=\/wp\/v2\/posts\/593278\/revisions"}],"wp:featuredmedia":[{"embeddable":true,"href":"https:\/\/arantv.az\/index.php?rest_route=\/wp\/v2\/media\/593279"}],"wp:attachment":[{"href":"https:\/\/arantv.az\/index.php?rest_route=%2Fwp%2Fv2%2Fmedia&parent=593278"}],"wp:term":[{"taxonomy":"category","embeddable":true,"href":"https:\/\/arantv.az\/index.php?rest_route=%2Fwp%2Fv2%2Fcategories&post=593278"},{"taxonomy":"post_tag","embeddable":true,"href":"https:\/\/arantv.az\/index.php?rest_route=%2Fwp%2Fv2%2Ftags&post=593278"}],"curies":[{"name":"wp","href":"https:\/\/api.w.org\/{rel}","templated":true}]}}