{"id":593293,"date":"2023-04-25T11:35:03","date_gmt":"2023-04-25T07:35:03","guid":{"rendered":"https:\/\/arantv.az\/?p=593293"},"modified":"2023-04-25T11:35:03","modified_gmt":"2023-04-25T07:35:03","slug":"nazir-su-qitligina-davamli-bitkil%c9%99rin-yetisdirilm%c9%99sin%c9%99-dair-arasdirmalar-genisl%c9%99ndiril%c9%99c%c9%99k","status":"publish","type":"post","link":"https:\/\/arantv.az\/?p=593293","title":{"rendered":"Nazir: \u201cSu q\u0131tl\u0131\u011f\u0131na davaml\u0131 bitkil\u0259rin yeti\u015fdirilm\u0259sin\u0259 dair ara\u015fd\u0131rmalar geni\u015fl\u0259ndiril\u0259c\u0259k\u201d"},"content":{"rendered":"<p>\u201cBir ne\u00e7\u0259 g\u00fcn \u0259vv\u0259l elmi-t\u0259dqiqat institutlar\u0131nda oldum, m\u00fct\u0259x\u0259ssisl\u0259rl\u0259 g\u00f6r\u00fc\u015fd\u00fck\u201d.<\/p>\n<p><b>ARANTV.AZ <\/b>x\u0259b\u0259r verir ki, bunu jurnalistl\u0259r\u0259 a\u00e7\u0131qlamas\u0131nda Az\u0259rbaycan\u0131n k\u0259nd t\u0259s\u0259rr\u00fcfat\u0131 naziri M\u0259cnun M\u0259mm\u0259dov su q\u0131tl\u0131\u011f\u0131n\u0131n h\u0259lli il\u0259 ba\u011fl\u0131 \u0259sas m\u0259qs\u0259dl\u0259ri a\u00e7\u0131qlayark\u0259n deyib.<\/p>\n<p>O bildirib ki, \u0259sas tap\u015f\u0131r\u0131q su q\u0131tl\u0131\u011f\u0131na davaml\u0131 bitkil\u0259rin yeti\u015fdirilm\u0259si istiqam\u0259tind\u0259 ara\u015fd\u0131rmalar\u0131n geni\u015fl\u0259ndirilm\u0259si istiqam\u0259tind\u0259 olub:<\/p>\n<p>\u201cSu Agentliyi il\u0259 birlikd\u0259 su q\u0131tl\u0131\u011f\u0131 il\u0259 ba\u011fl\u0131 komissiya\u00a0yarad\u0131l\u0131b. O \u00e7\u0259r\u00e7iv\u0259d\u0259 f\u0259aliyy\u0259timizi davam etdir\u0259c\u0259yik\u201d.<\/p>\n","protected":false},"excerpt":{"rendered":"<p>\u201cBir ne\u00e7\u0259 g\u00fcn \u0259vv\u0259l elmi-t\u0259dqiqat institutlar\u0131nda oldum, m\u00fct\u0259x\u0259ssisl\u0259rl\u0259 g\u00f6r\u00fc\u015fd\u00fck\u201d. ARANTV.AZ x\u0259b\u0259r verir ki, bunu jurnalistl\u0259r\u0259 a\u00e7\u0131qlamas\u0131nda Az\u0259rbaycan\u0131n k\u0259nd t\u0259s\u0259rr\u00fcfat\u0131 naziri M\u0259cnun M\u0259mm\u0259dov su q\u0131tl\u0131\u011f\u0131n\u0131n h\u0259lli il\u0259 ba\u011fl\u0131 \u0259sas m\u0259qs\u0259dl\u0259ri a\u00e7\u0131qlayark\u0259n deyib. O bildirib ki, \u0259sas tap\u015f\u0131r\u0131q su q\u0131tl\u0131\u011f\u0131na davaml\u0131 bitkil\u0259rin yeti\u015fdirilm\u0259si istiqam\u0259tind\u0259 ara\u015fd\u0131rmalar\u0131n geni\u015fl\u0259ndirilm\u0259si istiqam\u0259tind\u0259 olub: \u201cSu Agentliyi il\u0259 birlikd\u0259 su q\u0131tl\u0131\u011f\u0131 il\u0259 ba\u011fl\u0131 komissiya\u00a0yarad\u0131l\u0131b. O \u00e7\u0259r\u00e7iv\u0259d\u0259 f\u0259aliyy\u0259timizi davam etdir\u0259c\u0259yik\u201d.<\/p>\n","protected":false},"author":2,"featured_media":593294,"comment_status":"closed","ping_status":"closed","sticky":false,"template":"","format":"standard","meta":{"om_disable_all_campaigns":false,"_monsterinsights_skip_tracking":false,"_monsterinsights_sitenote_active":false,"_monsterinsights_sitenote_note":"","_monsterinsights_sitenote_category":0},"categories":[19],"tags":[],"aioseo_notices":[],"gutentor_comment":0,"rttpg_featured_image_url":{"full":["https:\/\/arantv.az\/wp-content\/uploads\/2023\/04\/FotoJet-2-2-1.jpg",620,413,false],"landscape":["https:\/\/arantv.az\/wp-content\/uploads\/2023\/04\/FotoJet-2-2-1.jpg",620,413,false],"portraits":["https:\/\/arantv.az\/wp-content\/uploads\/2023\/04\/FotoJet-2-2-1.jpg",620,413,false],"thumbnail":["https:\/\/arantv.az\/wp-content\/uploads\/2023\/04\/FotoJet-2-2-1-500x280.jpg",500,280,true],"medium":["https:\/\/arantv.az\/wp-content\/uploads\/2023\/04\/FotoJet-2-2-1-548x365.jpg",548,365,true],"large":["https:\/\/arantv.az\/wp-content\/uploads\/2023\/04\/FotoJet-2-2-1.jpg",620,413,false],"1536x1536":["https:\/\/arantv.az\/wp-content\/uploads\/2023\/04\/FotoJet-2-2-1.jpg",620,413,false],"2048x2048":["https:\/\/arantv.az\/wp-content\/uploads\/2023\/04\/FotoJet-2-2-1.jpg",620,413,false],"post-thumbnail":["https:\/\/arantv.az\/wp-content\/uploads\/2023\/04\/FotoJet-2-2-1-240x172.jpg",240,172,true],"advps-thumb-one":["https:\/\/arantv.az\/wp-content\/uploads\/2023\/04\/FotoJet-2-2-1.jpg",620,413,false]},"rttpg_author":{"display_name":"V\u00fcsal Rafiqo\u011flu","author_link":"https:\/\/arantv.az\/?author=2"},"rttpg_comment":0,"rttpg_category":"<a href=\"https:\/\/arantv.az\/?cat=19\" rel=\"category\">G\u00fcnd\u0259m<\/a>","rttpg_excerpt":"\u201cBir ne\u00e7\u0259 g\u00fcn \u0259vv\u0259l elmi-t\u0259dqiqat institutlar\u0131nda oldum, m\u00fct\u0259x\u0259ssisl\u0259rl\u0259 g\u00f6r\u00fc\u015fd\u00fck\u201d. ARANTV.AZ x\u0259b\u0259r verir ki, bunu jurnalistl\u0259r\u0259 a\u00e7\u0131qlamas\u0131nda Az\u0259rbaycan\u0131n k\u0259nd t\u0259s\u0259rr\u00fcfat\u0131 naziri M\u0259cnun M\u0259mm\u0259dov su q\u0131tl\u0131\u011f\u0131n\u0131n h\u0259lli il\u0259 ba\u011fl\u0131 \u0259sas m\u0259qs\u0259dl\u0259ri a\u00e7\u0131qlayark\u0259n deyib. O bildirib ki, \u0259sas tap\u015f\u0131r\u0131q su q\u0131tl\u0131\u011f\u0131na davaml\u0131 bitkil\u0259rin yeti\u015fdirilm\u0259si istiqam\u0259tind\u0259 ara\u015fd\u0131rmalar\u0131n geni\u015fl\u0259ndirilm\u0259si istiqam\u0259tind\u0259 olub: \u201cSu Agentliyi il\u0259 birlikd\u0259 su q\u0131tl\u0131\u011f\u0131 il\u0259 ba\u011fl\u0131 komissiya\u00a0yarad\u0131l\u0131b.&hellip;","_links":{"self":[{"href":"https:\/\/arantv.az\/index.php?rest_route=\/wp\/v2\/posts\/593293"}],"collection":[{"href":"https:\/\/arantv.az\/index.php?rest_route=\/wp\/v2\/posts"}],"about":[{"href":"https:\/\/arantv.az\/index.php?rest_route=\/wp\/v2\/types\/post"}],"author":[{"embeddable":true,"href":"https:\/\/arantv.az\/index.php?rest_route=\/wp\/v2\/users\/2"}],"replies":[{"embeddable":true,"href":"https:\/\/arantv.az\/index.php?rest_route=%2Fwp%2Fv2%2Fcomments&post=593293"}],"version-history":[{"count":0,"href":"https:\/\/arantv.az\/index.php?rest_route=\/wp\/v2\/posts\/593293\/revisions"}],"wp:featuredmedia":[{"embeddable":true,"href":"https:\/\/arantv.az\/index.php?rest_route=\/wp\/v2\/media\/593294"}],"wp:attachment":[{"href":"https:\/\/arantv.az\/index.php?rest_route=%2Fwp%2Fv2%2Fmedia&parent=593293"}],"wp:term":[{"taxonomy":"category","embeddable":true,"href":"https:\/\/arantv.az\/index.php?rest_route=%2Fwp%2Fv2%2Fcategories&post=593293"},{"taxonomy":"post_tag","embeddable":true,"href":"https:\/\/arantv.az\/index.php?rest_route=%2Fwp%2Fv2%2Ftags&post=593293"}],"curies":[{"name":"wp","href":"https:\/\/api.w.org\/{rel}","templated":true}]}}