{"id":593302,"date":"2023-04-25T11:38:00","date_gmt":"2023-04-25T07:38:00","guid":{"rendered":"https:\/\/arantv.az\/?p=593302"},"modified":"2023-04-25T11:38:00","modified_gmt":"2023-04-25T07:38:00","slug":"az%c9%99rbaycan-prezidenti-ilham-%c9%99liyev-bolqaristana-isguzar-s%c9%99f%c9%99r%c9%99-gedib-foto","status":"publish","type":"post","link":"https:\/\/arantv.az\/?p=593302","title":{"rendered":"Az\u0259rbaycan Prezidenti \u0130lham \u018fliyev Bolqar\u0131stana i\u015fg\u00fczar s\u0259f\u0259r\u0259 gedib &#8211; FOTO"},"content":{"rendered":"<p>Aprelin 25-d\u0259 Az\u0259rbaycan Respublikas\u0131n\u0131n Prezidenti\u00a0<strong>\u0130lham \u018fliyev<\/strong>\u00a0Bolqar\u0131stan Respublikas\u0131na i\u015fg\u00fczar s\u0259f\u0259r\u0259 gedib.<\/p>\n<p><a href=\"https:\/\/azertag.az\/xeber\/Azerbaycan_Prezidenti_Ilham_Aliyev_Bolqaristana_isguzar_sefere_gelib-2585816\" target=\"_blank\" rel=\"noopener\">AZ\u018fRTAC<\/a>\u00a0x\u0259b\u0259r verir ki, h\u0259r iki \u00f6lk\u0259nin D\u00f6vl\u0259t bayraqlar\u0131n\u0131n dal\u011faland\u0131\u011f\u0131 Sofiya \u015f\u0259h\u0259rinin hava liman\u0131nda Az\u0259rbaycan Prezidentinin \u015f\u0259r\u0259fin\u0259 f\u0259xri qarovul d\u0259st\u0259si d\u00fcz\u00fcl\u00fcb.<\/p>\n<p>Prezident \u0130lham \u018fliyevi Bolqar\u0131stan\u0131n Ba\u015f nazirinin iqtisadi siyas\u0259t \u00fczr\u0259 m\u00fcavini, n\u0259qliyyat v\u0259 kommunikasiya naziri Hristo Aleksiev, Prezidentin xarici \u0259laq\u0259l\u0259r \u00fczr\u0259 katibi Roussi \u0130vanov v\u0259 dig\u0259r r\u0259smi \u015f\u0259xsl\u0259r qar\u015f\u0131lay\u0131blar.<\/p>\n<p>&nbsp;<\/p>\n<div class=\"gallery\">\n<div class=\"gallery-i\"><img src=\"https:\/\/cdn.oxu.az\/uploads\/W1siZiIsIjIwMjMvMDQvMjUvMTEvMzUvMDcvYmRmMjM2ZTItZmUzMi00NzRkLThjZGEtZmE5ZTdhYzA3ZWYxLzE2ODI0MDc2MjU0MTY5MTQ4NjAxXzEwMDB4NjY5LmpwZyJdLFsicCIsImVuY29kZSIsImpwZyIsIi1xdWFsaXR5IDgwIl0sWyJwIiwidGh1bWIiLCI1OTB4NTkwXHUwMDNlIl1d?sha=5e02f1a618727351\" \/><\/p>\n<div class=\"gallery-i-caption\"><\/div>\n<\/div>\n<div class=\"gallery-i\"><img src=\"https:\/\/cdn.oxu.az\/uploads\/W1siZiIsIjIwMjMvMDQvMjUvMTEvMzUvMDcvOGQwODQ5YWYtY2FlMS00Y2I4LWFjOTYtM2I1NGRmMWE5YzdlLzE2ODI0MDc2MjU0NjY2ODQ3ODc1XzEwMDB4NjY5LmpwZyJdLFsicCIsImVuY29kZSIsImpwZyIsIi1xdWFsaXR5IDgwIl0sWyJwIiwidGh1bWIiLCI1OTB4NTkwXHUwMDNlIl1d?sha=87d458dd5ce71b4d\" \/><\/p>\n<div class=\"gallery-i-caption\"><\/div>\n<\/div>\n<div class=\"gallery-i\"><img src=\"https:\/\/cdn.oxu.az\/uploads\/W1siZiIsIjIwMjMvMDQvMjUvMTEvMzUvMDcvNjE0MTU2YmYtNDIyMi00OGIxLTkyNDgtZGUwMWNjMzQwMWY3LzE2ODI0MDc2MjUzNzEwNjI5NTE5XzEwMDB4NjY5LmpwZyJdLFsicCIsImVuY29kZSIsImpwZyIsIi1xdWFsaXR5IDgwIl0sWyJwIiwidGh1bWIiLCI1OTB4NTkwXHUwMDNlIl1d?sha=94d177e18fb33832\" \/><\/div>\n<\/div>\n","protected":false},"excerpt":{"rendered":"<p>Aprelin 25-d\u0259 Az\u0259rbaycan Respublikas\u0131n\u0131n Prezidenti\u00a0\u0130lham \u018fliyev\u00a0Bolqar\u0131stan Respublikas\u0131na i\u015fg\u00fczar s\u0259f\u0259r\u0259 gedib. AZ\u018fRTAC\u00a0x\u0259b\u0259r verir ki, h\u0259r iki \u00f6lk\u0259nin D\u00f6vl\u0259t bayraqlar\u0131n\u0131n dal\u011faland\u0131\u011f\u0131 Sofiya \u015f\u0259h\u0259rinin hava liman\u0131nda Az\u0259rbaycan Prezidentinin \u015f\u0259r\u0259fin\u0259 f\u0259xri qarovul d\u0259st\u0259si d\u00fcz\u00fcl\u00fcb. Prezident \u0130lham \u018fliyevi Bolqar\u0131stan\u0131n Ba\u015f nazirinin iqtisadi siyas\u0259t \u00fczr\u0259 m\u00fcavini, n\u0259qliyyat v\u0259 kommunikasiya naziri Hristo Aleksiev, Prezidentin xarici \u0259laq\u0259l\u0259r \u00fczr\u0259 katibi Roussi \u0130vanov v\u0259 dig\u0259r r\u0259smi \u015f\u0259xsl\u0259r qar\u015f\u0131lay\u0131blar. &nbsp;<\/p>\n","protected":false},"author":2,"featured_media":593303,"comment_status":"closed","ping_status":"closed","sticky":false,"template":"","format":"standard","meta":{"om_disable_all_campaigns":false,"_monsterinsights_skip_tracking":false,"_monsterinsights_sitenote_active":false,"_monsterinsights_sitenote_note":"","_monsterinsights_sitenote_category":0},"categories":[4],"tags":[],"aioseo_notices":[],"gutentor_comment":0,"rttpg_featured_image_url":{"full":["https:\/\/arantv.az\/wp-content\/uploads\/2023\/04\/16824076254906648491.jpg",620,413,false],"landscape":["https:\/\/arantv.az\/wp-content\/uploads\/2023\/04\/16824076254906648491.jpg",620,413,false],"portraits":["https:\/\/arantv.az\/wp-content\/uploads\/2023\/04\/16824076254906648491.jpg",620,413,false],"thumbnail":["https:\/\/arantv.az\/wp-content\/uploads\/2023\/04\/16824076254906648491-500x280.jpg",500,280,true],"medium":["https:\/\/arantv.az\/wp-content\/uploads\/2023\/04\/16824076254906648491-548x365.jpg",548,365,true],"large":["https:\/\/arantv.az\/wp-content\/uploads\/2023\/04\/16824076254906648491.jpg",620,413,false],"1536x1536":["https:\/\/arantv.az\/wp-content\/uploads\/2023\/04\/16824076254906648491.jpg",620,413,false],"2048x2048":["https:\/\/arantv.az\/wp-content\/uploads\/2023\/04\/16824076254906648491.jpg",620,413,false],"post-thumbnail":["https:\/\/arantv.az\/wp-content\/uploads\/2023\/04\/16824076254906648491-240x172.jpg",240,172,true],"advps-thumb-one":["https:\/\/arantv.az\/wp-content\/uploads\/2023\/04\/16824076254906648491.jpg",620,413,false]},"rttpg_author":{"display_name":"V\u00fcsal Rafiqo\u011flu","author_link":"https:\/\/arantv.az\/?author=2"},"rttpg_comment":0,"rttpg_category":"<a href=\"https:\/\/arantv.az\/?cat=4\" rel=\"category\">Siyas\u0259t<\/a>","rttpg_excerpt":"Aprelin 25-d\u0259 Az\u0259rbaycan Respublikas\u0131n\u0131n Prezidenti\u00a0\u0130lham \u018fliyev\u00a0Bolqar\u0131stan Respublikas\u0131na i\u015fg\u00fczar s\u0259f\u0259r\u0259 gedib. AZ\u018fRTAC\u00a0x\u0259b\u0259r verir ki, h\u0259r iki \u00f6lk\u0259nin D\u00f6vl\u0259t bayraqlar\u0131n\u0131n dal\u011faland\u0131\u011f\u0131 Sofiya \u015f\u0259h\u0259rinin hava liman\u0131nda Az\u0259rbaycan Prezidentinin \u015f\u0259r\u0259fin\u0259 f\u0259xri qarovul d\u0259st\u0259si d\u00fcz\u00fcl\u00fcb. Prezident \u0130lham \u018fliyevi Bolqar\u0131stan\u0131n Ba\u015f nazirinin iqtisadi siyas\u0259t \u00fczr\u0259 m\u00fcavini, n\u0259qliyyat v\u0259 kommunikasiya naziri Hristo Aleksiev, Prezidentin xarici \u0259laq\u0259l\u0259r \u00fczr\u0259 katibi Roussi \u0130vanov v\u0259 dig\u0259r&hellip;","_links":{"self":[{"href":"https:\/\/arantv.az\/index.php?rest_route=\/wp\/v2\/posts\/593302"}],"collection":[{"href":"https:\/\/arantv.az\/index.php?rest_route=\/wp\/v2\/posts"}],"about":[{"href":"https:\/\/arantv.az\/index.php?rest_route=\/wp\/v2\/types\/post"}],"author":[{"embeddable":true,"href":"https:\/\/arantv.az\/index.php?rest_route=\/wp\/v2\/users\/2"}],"replies":[{"embeddable":true,"href":"https:\/\/arantv.az\/index.php?rest_route=%2Fwp%2Fv2%2Fcomments&post=593302"}],"version-history":[{"count":0,"href":"https:\/\/arantv.az\/index.php?rest_route=\/wp\/v2\/posts\/593302\/revisions"}],"wp:featuredmedia":[{"embeddable":true,"href":"https:\/\/arantv.az\/index.php?rest_route=\/wp\/v2\/media\/593303"}],"wp:attachment":[{"href":"https:\/\/arantv.az\/index.php?rest_route=%2Fwp%2Fv2%2Fmedia&parent=593302"}],"wp:term":[{"taxonomy":"category","embeddable":true,"href":"https:\/\/arantv.az\/index.php?rest_route=%2Fwp%2Fv2%2Fcategories&post=593302"},{"taxonomy":"post_tag","embeddable":true,"href":"https:\/\/arantv.az\/index.php?rest_route=%2Fwp%2Fv2%2Ftags&post=593302"}],"curies":[{"name":"wp","href":"https:\/\/api.w.org\/{rel}","templated":true}]}}