{"id":593315,"date":"2023-04-25T11:42:20","date_gmt":"2023-04-25T07:42:20","guid":{"rendered":"https:\/\/arantv.az\/?p=593315"},"modified":"2023-04-25T11:42:20","modified_gmt":"2023-04-25T07:42:20","slug":"heyd%c9%99r-%c9%99liyev-v%c9%99-az%c9%99rbaycanda-sahibkarligin-inkisafi-movzusunda-konfrans-canli-yayim","status":"publish","type":"post","link":"https:\/\/arantv.az\/?p=593315","title":{"rendered":"\u201cHeyd\u0259r \u018fliyev v\u0259 Az\u0259rbaycanda sahibkarl\u0131\u011f\u0131n inki\u015faf\u0131\u201d m\u00f6vzusunda konfrans &#8211; CANLI YAYIM"},"content":{"rendered":"<article class=\"news\">\n<div class=\"news-inner\">\n<p>\u201cHeyd\u0259r \u018fliyev v\u0259 Az\u0259rbaycan sahibkarl\u0131\u011f\u0131n\u0131n inki\u015faf\u0131\u201d m\u00f6vzusunda konfrans ke\u00e7irilir.<\/p>\n<p><strong>ARANTV.AZ <\/strong>\u00a0x\u0259b\u0259r verir ki, konfransda\u00a0Az\u0259rbaycan Respublikas\u0131 Prezidentinin sosial-iqtisadi m\u0259s\u0259l\u0259l\u0259r \u00fczr\u0259 k\u00f6m\u0259k\u00e7isi Xalid \u018fh\u0259dov, Az\u0259rbaycan Respublikas\u0131n\u0131n iqtisadiyyat naziri Mikay\u0131l Cabbarov, Az\u0259rbaycan Respublikas\u0131n\u0131n \u0259m\u0259k v\u0259 \u0259halinin sosial m\u00fcdafi\u0259si nazir Sahil Babayev v\u0259 dig\u0259r m\u0259sul \u015f\u0259xsl\u0259r \u00e7\u0131x\u0131\u015f ed\u0259c\u0259k.<\/p>\n<p>\u018ftrafl\u0131 Baku TV-nin videosunu t\u0259qdim edirik:<\/p>\n<div><iframe loading=\"lazy\" title=\"YouTube video player\" src=\"https:\/\/www.youtube.com\/embed\/hbgZYE4K3dI\" width=\"560\" height=\"315\" frameborder=\"0\" allowfullscreen=\"allowfullscreen\" data-mce-fragment=\"1\"><\/iframe><\/div>\n<\/div>\n<\/article>\n","protected":false},"excerpt":{"rendered":"<p>\u201cHeyd\u0259r \u018fliyev v\u0259 Az\u0259rbaycan sahibkarl\u0131\u011f\u0131n\u0131n inki\u015faf\u0131\u201d m\u00f6vzusunda konfrans ke\u00e7irilir. ARANTV.AZ \u00a0x\u0259b\u0259r verir ki, konfransda\u00a0Az\u0259rbaycan Respublikas\u0131 Prezidentinin sosial-iqtisadi m\u0259s\u0259l\u0259l\u0259r \u00fczr\u0259 k\u00f6m\u0259k\u00e7isi Xalid \u018fh\u0259dov, Az\u0259rbaycan Respublikas\u0131n\u0131n iqtisadiyyat naziri Mikay\u0131l Cabbarov, Az\u0259rbaycan Respublikas\u0131n\u0131n \u0259m\u0259k v\u0259 \u0259halinin sosial m\u00fcdafi\u0259si nazir Sahil Babayev v\u0259 dig\u0259r m\u0259sul \u015f\u0259xsl\u0259r \u00e7\u0131x\u0131\u015f ed\u0259c\u0259k. \u018ftrafl\u0131 Baku TV-nin videosunu t\u0259qdim edirik:<\/p>\n","protected":false},"author":2,"featured_media":593316,"comment_status":"closed","ping_status":"closed","sticky":false,"template":"","format":"standard","meta":{"om_disable_all_campaigns":false,"_monsterinsights_skip_tracking":false,"_monsterinsights_sitenote_active":false,"_monsterinsights_sitenote_note":"","_monsterinsights_sitenote_category":0},"categories":[4],"tags":[],"aioseo_notices":[],"gutentor_comment":0,"rttpg_featured_image_url":{"full":["https:\/\/arantv.az\/wp-content\/uploads\/2023\/04\/WhatsApp-Image-2023-04-25-at-11.36.51.jpg",620,413,false],"landscape":["https:\/\/arantv.az\/wp-content\/uploads\/2023\/04\/WhatsApp-Image-2023-04-25-at-11.36.51.jpg",620,413,false],"portraits":["https:\/\/arantv.az\/wp-content\/uploads\/2023\/04\/WhatsApp-Image-2023-04-25-at-11.36.51.jpg",620,413,false],"thumbnail":["https:\/\/arantv.az\/wp-content\/uploads\/2023\/04\/WhatsApp-Image-2023-04-25-at-11.36.51-500x280.jpg",500,280,true],"medium":["https:\/\/arantv.az\/wp-content\/uploads\/2023\/04\/WhatsApp-Image-2023-04-25-at-11.36.51-548x365.jpg",548,365,true],"large":["https:\/\/arantv.az\/wp-content\/uploads\/2023\/04\/WhatsApp-Image-2023-04-25-at-11.36.51.jpg",620,413,false],"1536x1536":["https:\/\/arantv.az\/wp-content\/uploads\/2023\/04\/WhatsApp-Image-2023-04-25-at-11.36.51.jpg",620,413,false],"2048x2048":["https:\/\/arantv.az\/wp-content\/uploads\/2023\/04\/WhatsApp-Image-2023-04-25-at-11.36.51.jpg",620,413,false],"post-thumbnail":["https:\/\/arantv.az\/wp-content\/uploads\/2023\/04\/WhatsApp-Image-2023-04-25-at-11.36.51-240x172.jpg",240,172,true],"advps-thumb-one":["https:\/\/arantv.az\/wp-content\/uploads\/2023\/04\/WhatsApp-Image-2023-04-25-at-11.36.51.jpg",620,413,false]},"rttpg_author":{"display_name":"V\u00fcsal Rafiqo\u011flu","author_link":"https:\/\/arantv.az\/?author=2"},"rttpg_comment":0,"rttpg_category":"<a href=\"https:\/\/arantv.az\/?cat=4\" rel=\"category\">Siyas\u0259t<\/a>","rttpg_excerpt":"\u201cHeyd\u0259r \u018fliyev v\u0259 Az\u0259rbaycan sahibkarl\u0131\u011f\u0131n\u0131n inki\u015faf\u0131\u201d m\u00f6vzusunda konfrans ke\u00e7irilir. ARANTV.AZ \u00a0x\u0259b\u0259r verir ki, konfransda\u00a0Az\u0259rbaycan Respublikas\u0131 Prezidentinin sosial-iqtisadi m\u0259s\u0259l\u0259l\u0259r \u00fczr\u0259 k\u00f6m\u0259k\u00e7isi Xalid \u018fh\u0259dov, Az\u0259rbaycan Respublikas\u0131n\u0131n iqtisadiyyat naziri Mikay\u0131l Cabbarov, Az\u0259rbaycan Respublikas\u0131n\u0131n \u0259m\u0259k v\u0259 \u0259halinin sosial m\u00fcdafi\u0259si nazir Sahil Babayev v\u0259 dig\u0259r m\u0259sul \u015f\u0259xsl\u0259r \u00e7\u0131x\u0131\u015f ed\u0259c\u0259k. \u018ftrafl\u0131 Baku TV-nin videosunu t\u0259qdim edirik:","_links":{"self":[{"href":"https:\/\/arantv.az\/index.php?rest_route=\/wp\/v2\/posts\/593315"}],"collection":[{"href":"https:\/\/arantv.az\/index.php?rest_route=\/wp\/v2\/posts"}],"about":[{"href":"https:\/\/arantv.az\/index.php?rest_route=\/wp\/v2\/types\/post"}],"author":[{"embeddable":true,"href":"https:\/\/arantv.az\/index.php?rest_route=\/wp\/v2\/users\/2"}],"replies":[{"embeddable":true,"href":"https:\/\/arantv.az\/index.php?rest_route=%2Fwp%2Fv2%2Fcomments&post=593315"}],"version-history":[{"count":0,"href":"https:\/\/arantv.az\/index.php?rest_route=\/wp\/v2\/posts\/593315\/revisions"}],"wp:featuredmedia":[{"embeddable":true,"href":"https:\/\/arantv.az\/index.php?rest_route=\/wp\/v2\/media\/593316"}],"wp:attachment":[{"href":"https:\/\/arantv.az\/index.php?rest_route=%2Fwp%2Fv2%2Fmedia&parent=593315"}],"wp:term":[{"taxonomy":"category","embeddable":true,"href":"https:\/\/arantv.az\/index.php?rest_route=%2Fwp%2Fv2%2Fcategories&post=593315"},{"taxonomy":"post_tag","embeddable":true,"href":"https:\/\/arantv.az\/index.php?rest_route=%2Fwp%2Fv2%2Ftags&post=593315"}],"curies":[{"name":"wp","href":"https:\/\/api.w.org\/{rel}","templated":true}]}}