{"id":594019,"date":"2023-04-26T15:21:34","date_gmt":"2023-04-26T11:21:34","guid":{"rendered":"https:\/\/arantv.az\/?p=594019"},"modified":"2023-04-26T15:21:34","modified_gmt":"2023-04-26T11:21:34","slug":"mikayil-cabbarov-az%c9%99rbaycan-prezidentinin-t%c9%99brikl%c9%99rini-gul%c9%99scil%c9%99r%c9%99-catdirib-foto","status":"publish","type":"post","link":"https:\/\/arantv.az\/?p=594019","title":{"rendered":"Mikay\u0131l Cabbarov Az\u0259rbaycan Prezidentinin t\u0259brikl\u0259rini g\u00fcl\u0259\u015f\u00e7il\u0259r\u0259 \u00e7atd\u0131r\u0131b &#8211; FOTO"},"content":{"rendered":"<p>Zaqrebd\u0259 ke\u00e7irilmi\u015f g\u00fcl\u0259\u015f \u00fczr\u0259 Avropa \u00e7empionat\u0131nda \u0259ld\u0259 edilmi\u015f nailiyy\u0259tl\u0259r, qar\u015f\u0131dan g\u0259l\u0259n m\u00fch\u00fcm yar\u0131\u015flar, yeniyetm\u0259 v\u0259 g\u0259nc n\u0259slin sa\u011flam ruhda yeti\u015fm\u0259si v\u0259 onlar aras\u0131nda idman\u0131n t\u0259\u015fviqi, el\u0259c\u0259 d\u0259 regionlarda g\u00fcl\u0259\u015fin inki\u015faf\u0131 istiqam\u0259tind\u0259 g\u00f6r\u00fcl\u0259c\u0259k i\u015fl\u0259rl\u0259 ba\u011fl\u0131 m\u00fczakir\u0259l\u0259r apar\u0131l\u0131b.<\/p>\n<p>Xorvatiyan\u0131n Zaqreb \u015f\u0259h\u0259rind\u0259 ke\u00e7iril\u0259n g\u00fcl\u0259\u015f \u00fczr\u0259 Avropa \u00e7empionat\u0131nda idman\u00e7\u0131lar\u0131m\u0131z\u0131n u\u011furlu n\u0259tic\u0259l\u0259ri il\u0259 ba\u011fl\u0131 t\u0259dbir ke\u00e7irilib. T\u0259dbird\u0259 Az\u0259rbaycan G\u00fcl\u0259\u015f Federasiyas\u0131n\u0131n (AGF) r\u0259hb\u0259ri Mikay\u0131l Cabbarov qit\u0259 birinciliyind\u0259 qazan\u0131lm\u0131\u015f tarixi u\u011furlarla ba\u011fl\u0131 idman\u00e7\u0131lara Prezident\u00a0<strong>\u0130lham \u018fliyevin<\/strong>\u00a0t\u0259brikl\u0259rini \u00e7atd\u0131r\u0131b. Vur\u011fulan\u0131b ki, art\u0131q b\u00fct\u00fcn s\u0259rh\u0259dl\u0259rimiz boyunca Az\u0259rbaycan bayra\u011f\u0131 dal\u011falan\u0131r v\u0259 g\u00fcl\u0259\u015f\u00e7il\u0259rimiz Avropa \u00e7empionat\u0131nda qazand\u0131qlar\u0131 u\u011furlar\u0131 s\u0259rh\u0259dl\u0259rimizi qoruyan h\u0259rbi qulluq\u00e7ular\u0131m\u0131za, Ali Ba\u015f Komandana v\u0259 Az\u0259rbaycan xalq\u0131na h\u0259sr edir.<\/p>\n<p>Bildirilib ki, sentyabrda Serbiyada t\u0259\u015fkil edil\u0259c\u0259k g\u00fcl\u0259\u015f \u00fczr\u0259 d\u00fcnya \u00e7empionat\u0131 2024-c\u00fc ild\u0259 Parisd\u0259 ke\u00e7iril\u0259c\u0259k Yay Olimpiya Oyunlar\u0131na lisenziyalar qazand\u0131racaq v\u0259 bu bax\u0131mdan h\u0259min yar\u0131\u015f b\u00f6y\u00fck \u00f6n\u0259m k\u0259sb edir. D\u00fcnya \u00e7empionat\u0131nda u\u011furlu n\u0259tic\u0259l\u0259r \u0259ld\u0259 etm\u0259k \u00fc\u00e7\u00fcn Federasiya t\u0259r\u0259find\u0259n h\u0259r c\u00fcr \u015f\u0259rait yarad\u0131lacaq. Regionlar\u0131m\u0131zda da g\u00fcl\u0259\u015fin daha da inki\u015faf etdirilm\u0259si m\u00fch\u00fcm \u0259h\u0259miyy\u0259t k\u0259sb edir. Bununla yana\u015f\u0131, 2028-ci ild\u0259 Los-Ancelesd\u0259 ke\u00e7iril\u0259c\u0259k Yay Olimpiya Oyunlar\u0131na indid\u0259n haz\u0131rla\u015fmaq \u00fc\u00e7\u00fcn U-15 v\u0259 U-17 ya\u015f qruplar\u0131na x\u00fcsusi diqq\u0259t ayr\u0131lmas\u0131 da vacibdir.<\/p>\n<p>AGF-nin ba\u015f katibi N\u0259simi Musayev, milli komandalar\u0131n ba\u015f m\u0259\u015fq\u00e7il\u0259ri Xetaq Qazyumov, Semyon \u00c7terev, Aleksandr Tarakanov, apar\u0131c\u0131 g\u00fcl\u0259\u015f\u00e7il\u0259rimiz Eld\u0259niz \u018fzizli, \u018fliabbas Rzazad\u0259, Jal\u0259 \u018fliyeva, AGF \u0130craiyy\u0259 Komit\u0259sinin \u00fczvl\u0259ri Namiq Abdullayev v\u0259 F\u0259rid Mansurov \u00e7\u0131x\u0131\u015f ed\u0259r\u0259k qazan\u0131lan u\u011furlar v\u0259 h\u0259d\u0259fl\u0259rd\u0259n dan\u0131\u015f\u0131b, g\u00fcl\u0259\u015fin inki\u015faf\u0131 \u00fc\u00e7\u00fcn t\u0259klifl\u0259rini s\u0259sl\u0259ndiribl\u0259r.<\/p>\n<p>T\u0259dbird\u0259 yeniyetm\u0259 v\u0259 g\u0259nc n\u0259slin sa\u011flam ruhda yeti\u015fm\u0259si v\u0259 onlar aras\u0131nda idman\u0131n t\u0259\u015fviqi, el\u0259c\u0259 d\u0259 regionlarda g\u00fcl\u0259\u015fin inki\u015faf\u0131 istiqam\u0259tind\u0259 g\u00f6r\u00fcl\u0259c\u0259k i\u015fl\u0259rl\u0259 ba\u011fl\u0131 fikir m\u00fcbadil\u0259si apar\u0131l\u0131b.<\/p>\n<p>Qeyd ed\u0259k ki,\u00a0qit\u0259 birinciliyind\u0259 g\u00fcl\u0259\u015f\u00e7il\u0259rimiz 5 q\u0131z\u0131l, 6 g\u00fcm\u00fc\u015f v\u0259 3 b\u00fcr\u00fcnc olmaqla, \u00fcmumilikd\u0259 14 medal qazan\u0131blar. S\u0259rb\u0259st g\u00fcl\u0259\u015f \u00fczr\u0259 millimiz komanda hesab\u0131nda 1-ci, yunan-Roma g\u00fcl\u0259\u015fi \u00fczr\u0259 millimiz is\u0259 2-ci yeri tutub.<\/p>\n<p>&nbsp;<\/p>\n<div class=\"gallery\">\n<div class=\"gallery-i\"><img src=\"https:\/\/cdn.oxu.az\/uploads\/W1siZiIsIjIwMjMvMDQvMjYvMTUvMDUvMTUvNjQzMDE2NmQtMGRmZi00MDM5LWFmMDctMGFmNWYzYjQzMDA3LzIuanBnIl0sWyJwIiwiZW5jb2RlIiwianBnIiwiLXF1YWxpdHkgODAiXSxbInAiLCJ0aHVtYiIsIjU5MHg1OTBcdTAwM2UiXV0?sha=f88997a7e5a3d56f\" \/><\/p>\n<div class=\"gallery-i-caption\"><\/div>\n<\/div>\n<div class=\"gallery-i\"><img src=\"https:\/\/cdn.oxu.az\/uploads\/W1siZiIsIjIwMjMvMDQvMjYvMTUvMDUvMTYvN2M3ZWZmZDYtMTU3ZS00ODJhLTkwYjctMmJjYjhjODk3ZmVjLzMuSlBHIl0sWyJwIiwiZW5jb2RlIiwianBnIiwiLXF1YWxpdHkgODAiXSxbInAiLCJ0aHVtYiIsIjU5MHg1OTBcdTAwM2UiXV0?sha=1ca9508540a8ea7b\" \/><\/p>\n<div class=\"gallery-i-caption\"><\/div>\n<\/div>\n<div class=\"gallery-i\"><img src=\"https:\/\/cdn.oxu.az\/uploads\/W1siZiIsIjIwMjMvMDQvMjYvMTUvMDUvMTcvOGViN2FmMzgtMjM1My00YmYwLWJkM2EtOTNkNTYxZGFhNzc2LzE0LkpQRyJdLFsicCIsImVuY29kZSIsImpwZyIsIi1xdWFsaXR5IDgwIl0sWyJwIiwidGh1bWIiLCI1OTB4NTkwXHUwMDNlIl1d?sha=5a51f084505b76a8\" \/><\/p>\n<div class=\"gallery-i-caption\"><\/div>\n<\/div>\n<div class=\"gallery-i\"><img src=\"https:\/\/cdn.oxu.az\/uploads\/W1siZiIsIjIwMjMvMDQvMjYvMTUvMDUvNTIvYmUwOTlhMzAtZGY0My00NzNmLTgzMTAtNjdkMjc4NTFmNTFiLzEzLmpwZyJdLFsicCIsImVuY29kZSIsImpwZyIsIi1xdWFsaXR5IDgwIl0sWyJwIiwidGh1bWIiLCI1OTB4NTkwXHUwMDNlIl1d?sha=5eff2d33fafa7e87\" \/><\/p>\n<div class=\"gallery-i-caption\"><\/div>\n<\/div>\n<div class=\"gallery-i\"><img src=\"https:\/\/cdn.oxu.az\/uploads\/W1siZiIsIjIwMjMvMDQvMjYvMTUvMDYvNDAvNThkODQyZjMtZWQ5My00ZDFlLWI3ZjktYzljZDc4ZjgxZDdlLzExLkpQRyJdLFsicCIsImVuY29kZSIsImpwZyIsIi1xdWFsaXR5IDgwIl0sWyJwIiwidGh1bWIiLCI1OTB4NTkwXHUwMDNlIl1d?sha=425a2f3b552f6f87\" \/><\/p>\n<div class=\"gallery-i-caption\"><\/div>\n<\/div>\n<div class=\"gallery-i\"><img src=\"https:\/\/cdn.oxu.az\/uploads\/W1siZiIsIjIwMjMvMDQvMjYvMTUvMDYvNDAvYTYzNTcwOTQtNTNmYy00NmNlLTk1YzctYTZhNzUyZjJjZGI0LzEyLkpQRyJdLFsicCIsImVuY29kZSIsImpwZyIsIi1xdWFsaXR5IDgwIl0sWyJwIiwidGh1bWIiLCI1OTB4NTkwXHUwMDNlIl1d?sha=1aac2bb7aad3c17d\" \/><\/p>\n<div class=\"gallery-i-caption\"><\/div>\n<\/div>\n<div class=\"gallery-i\"><img src=\"https:\/\/cdn.oxu.az\/uploads\/W1siZiIsIjIwMjMvMDQvMjYvMTUvMDcvMDEvNDQ4YzliY2YtOWEyYy00ZWQwLTg1ZGMtM2NkOGFjZGYzZWI2LzQuanBnIl0sWyJwIiwiZW5jb2RlIiwianBnIiwiLXF1YWxpdHkgODAiXSxbInAiLCJ0aHVtYiIsIjU5MHg1OTBcdTAwM2UiXV0?sha=0d6b7bd7364196ff\" \/><\/p>\n<div class=\"gallery-i-caption\"><\/div>\n<\/div>\n<div class=\"gallery-i\"><img src=\"https:\/\/cdn.oxu.az\/uploads\/W1siZiIsIjIwMjMvMDQvMjYvMTUvMDcvMTMvMmMwMGRiZGItZmQ2Ny00ZTBhLTk3NWEtMGIxOGI5MjhjMzlhLzEwLkpQRyJdLFsicCIsImVuY29kZSIsImpwZyIsIi1xdWFsaXR5IDgwIl0sWyJwIiwidGh1bWIiLCI1OTB4NTkwXHUwMDNlIl1d?sha=3a741b9f6d2ce411\" \/><\/p>\n<div class=\"gallery-i-caption\"><\/div>\n<\/div>\n<div class=\"gallery-i\"><img src=\"https:\/\/cdn.oxu.az\/uploads\/W1siZiIsIjIwMjMvMDQvMjYvMTUvMDcvNDIvZmFiNmRiMWYtNWNmYy00YTk5LThmNDgtMDU0NmFkY2Y3NTAyLzUuanBnIl0sWyJwIiwiZW5jb2RlIiwianBnIiwiLXF1YWxpdHkgODAiXSxbInAiLCJ0aHVtYiIsIjU5MHg1OTBcdTAwM2UiXV0?sha=6c714c4b9c1aea83\" \/><\/p>\n<div class=\"gallery-i-caption\"><\/div>\n<\/div>\n<div class=\"gallery-i\"><img src=\"https:\/\/cdn.oxu.az\/uploads\/W1siZiIsIjIwMjMvMDQvMjYvMTUvMDcvNDQvODMwOWNlNzctN2EyYS00YjY2LTk5YTMtNzhhODE5YTJjNjcyLzkuSlBHIl0sWyJwIiwiZW5jb2RlIiwianBnIiwiLXF1YWxpdHkgODAiXSxbInAiLCJ0aHVtYiIsIjU5MHg1OTBcdTAwM2UiXV0?sha=172655d332906214\" \/><\/p>\n<div class=\"gallery-i-caption\"><\/div>\n<\/div>\n<div class=\"gallery-i\"><img src=\"https:\/\/cdn.oxu.az\/uploads\/W1siZiIsIjIwMjMvMDQvMjYvMTUvMDgvMTQvMGU5MmMxMDgtOTI2Yi00ODM1LWI3YjctODIwZmFmZDYwMGM5LzcuSlBHIl0sWyJwIiwiZW5jb2RlIiwianBnIiwiLXF1YWxpdHkgODAiXSxbInAiLCJ0aHVtYiIsIjU5MHg1OTBcdTAwM2UiXV0?sha=35250587d7ec9884\" \/><\/p>\n<div class=\"gallery-i-caption\"><\/div>\n<\/div>\n<div class=\"gallery-i\"><img src=\"https:\/\/cdn.oxu.az\/uploads\/W1siZiIsIjIwMjMvMDQvMjYvMTUvMDgvMTUvMzhkZGY2YTMtNjkwNS00MGU3LTg5ODItNWNjOWM1YzMzZjgxLzguanBnIl0sWyJwIiwiZW5jb2RlIiwianBnIiwiLXF1YWxpdHkgODAiXSxbInAiLCJ0aHVtYiIsIjU5MHg1OTBcdTAwM2UiXV0?sha=3bf3f1c0441e6dc1\" \/><\/div>\n<\/div>\n","protected":false},"excerpt":{"rendered":"<p>Zaqrebd\u0259 ke\u00e7irilmi\u015f g\u00fcl\u0259\u015f \u00fczr\u0259 Avropa \u00e7empionat\u0131nda \u0259ld\u0259 edilmi\u015f nailiyy\u0259tl\u0259r, qar\u015f\u0131dan g\u0259l\u0259n m\u00fch\u00fcm yar\u0131\u015flar, yeniyetm\u0259 v\u0259 g\u0259nc n\u0259slin sa\u011flam ruhda yeti\u015fm\u0259si v\u0259 onlar aras\u0131nda idman\u0131n t\u0259\u015fviqi, el\u0259c\u0259 d\u0259 regionlarda g\u00fcl\u0259\u015fin inki\u015faf\u0131 istiqam\u0259tind\u0259 g\u00f6r\u00fcl\u0259c\u0259k i\u015fl\u0259rl\u0259 ba\u011fl\u0131 m\u00fczakir\u0259l\u0259r apar\u0131l\u0131b. Xorvatiyan\u0131n Zaqreb \u015f\u0259h\u0259rind\u0259 ke\u00e7iril\u0259n g\u00fcl\u0259\u015f \u00fczr\u0259 Avropa \u00e7empionat\u0131nda idman\u00e7\u0131lar\u0131m\u0131z\u0131n u\u011furlu n\u0259tic\u0259l\u0259ri il\u0259 ba\u011fl\u0131 t\u0259dbir ke\u00e7irilib. T\u0259dbird\u0259 Az\u0259rbaycan G\u00fcl\u0259\u015f Federasiyas\u0131n\u0131n (AGF) r\u0259hb\u0259ri Mikay\u0131l Cabbarov qit\u0259 birinciliyind\u0259 qazan\u0131lm\u0131\u015f tarixi u\u011furlarla ba\u011fl\u0131 idman\u00e7\u0131lara Prezident\u00a0\u0130lham \u018fliyevin\u00a0t\u0259brikl\u0259rini \u00e7atd\u0131r\u0131b. Vur\u011fulan\u0131b ki, art\u0131q b\u00fct\u00fcn s\u0259rh\u0259dl\u0259rimiz boyunca Az\u0259rbaycan bayra\u011f\u0131 dal\u011falan\u0131r v\u0259 g\u00fcl\u0259\u015f\u00e7il\u0259rimiz Avropa \u00e7empionat\u0131nda qazand\u0131qlar\u0131 u\u011furlar\u0131 s\u0259rh\u0259dl\u0259rimizi qoruyan h\u0259rbi qulluq\u00e7ular\u0131m\u0131za, Ali Ba\u015f&hellip;<\/p>\n","protected":false},"author":2,"featured_media":594020,"comment_status":"closed","ping_status":"closed","sticky":false,"template":"","format":"standard","meta":{"om_disable_all_campaigns":false,"_monsterinsights_skip_tracking":false,"_monsterinsights_sitenote_active":false,"_monsterinsights_sitenote_note":"","_monsterinsights_sitenote_category":0},"categories":[6],"tags":[],"aioseo_notices":[],"gutentor_comment":0,"rttpg_featured_image_url":{"full":["https:\/\/arantv.az\/wp-content\/uploads\/2023\/04\/1-5.jpg",620,413,false],"landscape":["https:\/\/arantv.az\/wp-content\/uploads\/2023\/04\/1-5.jpg",620,413,false],"portraits":["https:\/\/arantv.az\/wp-content\/uploads\/2023\/04\/1-5.jpg",620,413,false],"thumbnail":["https:\/\/arantv.az\/wp-content\/uploads\/2023\/04\/1-5-500x280.jpg",500,280,true],"medium":["https:\/\/arantv.az\/wp-content\/uploads\/2023\/04\/1-5-548x365.jpg",548,365,true],"large":["https:\/\/arantv.az\/wp-content\/uploads\/2023\/04\/1-5.jpg",620,413,false],"1536x1536":["https:\/\/arantv.az\/wp-content\/uploads\/2023\/04\/1-5.jpg",620,413,false],"2048x2048":["https:\/\/arantv.az\/wp-content\/uploads\/2023\/04\/1-5.jpg",620,413,false],"post-thumbnail":["https:\/\/arantv.az\/wp-content\/uploads\/2023\/04\/1-5-240x172.jpg",240,172,true],"advps-thumb-one":["https:\/\/arantv.az\/wp-content\/uploads\/2023\/04\/1-5.jpg",620,413,false]},"rttpg_author":{"display_name":"V\u00fcsal Rafiqo\u011flu","author_link":"https:\/\/arantv.az\/?author=2"},"rttpg_comment":0,"rttpg_category":"<a href=\"https:\/\/arantv.az\/?cat=6\" rel=\"category\">\u0130dman<\/a>","rttpg_excerpt":"Zaqrebd\u0259 ke\u00e7irilmi\u015f g\u00fcl\u0259\u015f \u00fczr\u0259 Avropa \u00e7empionat\u0131nda \u0259ld\u0259 edilmi\u015f nailiyy\u0259tl\u0259r, qar\u015f\u0131dan g\u0259l\u0259n m\u00fch\u00fcm yar\u0131\u015flar, yeniyetm\u0259 v\u0259 g\u0259nc n\u0259slin sa\u011flam ruhda yeti\u015fm\u0259si v\u0259 onlar aras\u0131nda idman\u0131n t\u0259\u015fviqi, el\u0259c\u0259 d\u0259 regionlarda g\u00fcl\u0259\u015fin inki\u015faf\u0131 istiqam\u0259tind\u0259 g\u00f6r\u00fcl\u0259c\u0259k i\u015fl\u0259rl\u0259 ba\u011fl\u0131 m\u00fczakir\u0259l\u0259r apar\u0131l\u0131b. Xorvatiyan\u0131n Zaqreb \u015f\u0259h\u0259rind\u0259 ke\u00e7iril\u0259n g\u00fcl\u0259\u015f \u00fczr\u0259 Avropa \u00e7empionat\u0131nda idman\u00e7\u0131lar\u0131m\u0131z\u0131n u\u011furlu n\u0259tic\u0259l\u0259ri il\u0259 ba\u011fl\u0131 t\u0259dbir ke\u00e7irilib. T\u0259dbird\u0259 Az\u0259rbaycan G\u00fcl\u0259\u015f Federasiyas\u0131n\u0131n&hellip;","_links":{"self":[{"href":"https:\/\/arantv.az\/index.php?rest_route=\/wp\/v2\/posts\/594019"}],"collection":[{"href":"https:\/\/arantv.az\/index.php?rest_route=\/wp\/v2\/posts"}],"about":[{"href":"https:\/\/arantv.az\/index.php?rest_route=\/wp\/v2\/types\/post"}],"author":[{"embeddable":true,"href":"https:\/\/arantv.az\/index.php?rest_route=\/wp\/v2\/users\/2"}],"replies":[{"embeddable":true,"href":"https:\/\/arantv.az\/index.php?rest_route=%2Fwp%2Fv2%2Fcomments&post=594019"}],"version-history":[{"count":0,"href":"https:\/\/arantv.az\/index.php?rest_route=\/wp\/v2\/posts\/594019\/revisions"}],"wp:featuredmedia":[{"embeddable":true,"href":"https:\/\/arantv.az\/index.php?rest_route=\/wp\/v2\/media\/594020"}],"wp:attachment":[{"href":"https:\/\/arantv.az\/index.php?rest_route=%2Fwp%2Fv2%2Fmedia&parent=594019"}],"wp:term":[{"taxonomy":"category","embeddable":true,"href":"https:\/\/arantv.az\/index.php?rest_route=%2Fwp%2Fv2%2Fcategories&post=594019"},{"taxonomy":"post_tag","embeddable":true,"href":"https:\/\/arantv.az\/index.php?rest_route=%2Fwp%2Fv2%2Ftags&post=594019"}],"curies":[{"name":"wp","href":"https:\/\/api.w.org\/{rel}","templated":true}]}}