{"id":594665,"date":"2023-04-27T17:06:10","date_gmt":"2023-04-27T13:06:10","guid":{"rendered":"https:\/\/arantv.az\/?p=594665"},"modified":"2023-04-27T17:06:10","modified_gmt":"2023-04-27T13:06:10","slug":"sudanin-az%c9%99rbaycandaki-s%c9%99firliyi-olk%c9%99d%c9%99ki-son-durumu-aciqlayib","status":"publish","type":"post","link":"https:\/\/arantv.az\/?p=594665","title":{"rendered":"Sudan\u0131n Az\u0259rbaycandak\u0131 s\u0259firliyi \u00f6lk\u0259d\u0259ki son durumu a\u00e7\u0131qlay\u0131b"},"content":{"rendered":"<p>\u201cHaz\u0131rk\u0131 hadis\u0259l\u0259r aprelin 15-d\u0259n paytaxt Xartumda v\u0259 bir s\u0131ra dig\u0259r \u015f\u0259h\u0259rl\u0259rd\u0259 \u00fcsyan\u00e7\u0131 q\u00fcvv\u0259l\u0259rin hakimiyy\u0259ti zorla \u0259l\u0259 ke\u00e7irm\u0259k m\u0259qs\u0259dil\u0259 ordu komandanl\u0131\u011f\u0131na v\u0259 paytaxtdak\u0131 bir s\u0131ra strateji obyektl\u0259r\u0259 t\u0259\u015fkil etdiyi h\u00fccumdan sonra Sudan Silahl\u0131 Q\u00fcvv\u0259l\u0259rin\u0259 qar\u015f\u0131 \u00c7evik D\u0259st\u0259k Q\u00fcvv\u0259l\u0259rinin \u00fcsyan\u0131 n\u0259tic\u0259sind\u0259 ba\u015f verib\u201d.<\/p>\n<p>\u201cReport\u201dun x\u0259b\u0259rin\u0259 g\u00f6r\u0259, bu fikirl\u0259ri Sudan\u0131n Az\u0259rbaycandak\u0131 s\u0259firliyinin m\u00fcv\u0259qq\u0259ti i\u015fl\u0259r v\u0259kili Mustafa Abdel Halim bildirib.<\/p>\n<p>Onun s\u00f6zl\u0259rin\u0259 g\u00f6r\u0259, Silahl\u0131 Q\u00fcvv\u0259l\u0259r \u00fcsyan\u00e7\u0131lar\u0131 ard\u0131c\u0131l m\u0259\u011flubiyy\u0259t\u0259 u\u011fradaraq, onlar\u0131n canl\u0131 q\u00fcvv\u0259 v\u0259 texnika bax\u0131m\u0131ndan a\u011f\u0131r itkil\u0259r verm\u0259sin\u0259 nail olublar ki, bu da \u00e7oxlu sayda insan\u0131 t\u0259slim olma\u011fa v\u0259 ya paytaxtla qon\u015fu \u0259yal\u0259tl\u0259r\u0259 qa\u00e7ma\u011fa m\u0259cbur edib:<\/p>\n<p>\u201c\u00c7evik D\u0259st\u0259k Q\u00fcvv\u0259l\u0259rinin \u00fcsyan\u0131 n\u0259tic\u0259sind\u0259 Suveren Ke\u00e7id \u015euras\u0131n\u0131n S\u0259dri &#8211; Silahl\u0131 Q\u00fcvv\u0259l\u0259rin Ali Ba\u015f Komandan\u0131 \u00c7evik D\u0259st\u0259k Q\u00fcvv\u0259l\u0259rinin burax\u0131lmas\u0131 haqq\u0131nda q\u0259rar q\u0259bul edib v\u0259 o, bunu d\u00f6vl\u0259t\u0259 qar\u015f\u0131 \u00fcsyankar q\u00fcvv\u0259 kimi q\u0259l\u0259m\u0259 verm\u0259y\u0259 \u00e7a\u011f\u0131r\u0131b. Zati-alil\u0259ri silah\u0131 yer\u0259 qoyub k\u00f6n\u00fcll\u00fc olaraq Silahl\u0131 Q\u00fcvv\u0259l\u0259r\u0259 t\u0259slim olan h\u0259min q\u00fcvv\u0259l\u0259rin \u0259m\u0259kda\u015flar\u0131n\u0131 \u0259fv edib v\u0259 onlar bildiri\u015f verildiyi g\u00fcnd\u0259n Sudan ordusuna yerl\u0259\u015fdiril\u0259c\u0259kl\u0259r. Qeyd ed\u0259k ki, Silahl\u0131 Q\u00fcvv\u0259l\u0259r t\u0259r\u0259find\u0259n m\u00fclki \u0259hali aras\u0131nda itkil\u0259rin, \u015f\u0259xsi v\u0259 ictimai \u0259mlak\u0131n minimuma endirilm\u0259sin\u0259 y\u00f6n\u0259lmi\u015f d\u00f6y\u00fc\u015f strategiyas\u0131 h\u0259yata ke\u00e7irilib, bu t\u0259dbirl\u0259r b\u0259zi h\u00f6kum\u0259t instansiyalar\u0131nda \u00fcsyan\u00e7\u0131 q\u00fcvv\u0259l\u0259rin varl\u0131\u011f\u0131na son qoymaq \u00fc\u00e7\u00fcn m\u00fc\u0259yy\u0259n zaman almal\u0131 olsa da. Biz q\u0259ti sur\u0259td\u0259 \u00fcsyan\u00e7\u0131 q\u00fcvv\u0259l\u0259rin beyn\u0259lxalq v\u0259 humanitar h\u00fcququn pozulmas\u0131 hesab olunan, Sudanda akkredit\u0259 olunmu\u015f diplomatik n\u00fcmay\u0259nd\u0259likl\u0259rin, s\u0259firl\u0259rin v\u0259 diplomatlar\u0131n q\u0259rargahlar\u0131n\u0131 h\u0259d\u0259f\u0259 alaraq t\u00f6r\u0259tdiyi cinay\u0259tkar davran\u0131\u015f\u0131n\u0131 q\u0259ti \u015f\u0259kild\u0259 pisl\u0259yirik\u201d.<\/p>\n<p>Diplomat vur\u011fulay\u0131b ki, Sudan Silahl\u0131 Q\u00fcvv\u0259l\u0259ri m\u00fclki \u015f\u0259xsl\u0259rin m\u00fcdafi\u0259sini, beyn\u0259lxalq humanitar h\u00fcquqa h\u00f6rm\u0259ti v\u0259 g\u00fcnahs\u0131z v\u0259t\u0259nda\u015flar\u0131 qar\u0259t edib \u00f6ld\u00fcr\u0259n silahl\u0131 qeyri-qanuni polis kimi tan\u0131nan q\u00fcvv\u0259l\u0259rin \u00fcsyan\u0131n\u0131 gerid\u0259 qoymu\u015f kritik humanitar v\u0259ziyy\u0259ti n\u0259z\u0259r\u0259 alaraq \u00e7\u0259r\u015f\u0259nb\u0259 ax\u015fam\u0131, aprelin 25-d\u0259n ba\u015flayaraq 72 saatl\u0131q at\u0259\u015fk\u0259si t\u0259sdiql\u0259m\u0259k \u00fc\u00e7\u00fcn S\u0259udiyy\u0259 \u018fr\u0259bistan\u0131-AB\u015e vasit\u0259\u00e7iliyi t\u0259l\u0259bin\u0259 cavab verib. \u00dcsyan\u00e7\u0131 \u00c7evik D\u0259st\u0259k Q\u00fcvv\u0259l\u0259rinin t\u00f6r\u0259tdiyi kobud pozuntular\u0131 &#8211; elektrik enerjisi v\u0259 su stansiyalar\u0131n\u0131 da\u011f\u0131tma\u011fa c\u0259hd etm\u0259sil\u0259 yana\u015f\u0131, t\u0259hl\u00fck\u0259siz m\u00fclki insanlar\u0131 qorxudan v\u0259 onlar\u0131 canl\u0131 qalxan kimi istifad\u0259 ed\u0259n, beyn\u0259lxalq qanunlar\u0131 a\u00e7\u0131q \u015f\u0259kild\u0259 pozaraq x\u0259st\u0259xanalar\u0131 v\u0259 tibbi xidm\u0259t m\u0259rk\u0259zl\u0259rini h\u0259d\u0259f\u0259 alan h\u0259r\u0259k\u0259tl\u0259rini d\u0259 qeyd etm\u0259k laz\u0131md\u0131r.<\/p>\n<p>O deyib ki, Sudan h\u00f6kum\u0259ti dost v\u0259 qarda\u015f \u00f6lk\u0259l\u0259ri, beyn\u0259lxalq v\u0259 regional t\u0259\u015fkilatlar\u0131 \u00fcsyan\u00e7\u0131 q\u00fcvv\u0259l\u0259ri \u015f\u0259h\u0259rl\u0259rd\u0259 v\u0259 ya\u015fay\u0131\u015f m\u0259nt\u0259q\u0259l\u0259rind\u0259 yerl\u0259\u015fdikl\u0259rin\u0259 v\u0259 d\u00f6y\u00fc\u015fl\u0259ri davam etdirdikl\u0259rin\u0259 g\u00f6r\u0259 q\u0131nama\u011fa \u00e7a\u011f\u0131r\u0131r. \u00c7\u00fcnki bu, m\u00fclki \u015f\u0259xsl\u0259ri, qad\u0131nlar\u0131 v\u0259 u\u015faqlar\u0131 risk alt\u0131nda qoyur. Sudan h\u00f6kum\u0259ti t\u0259sdiql\u0259yir ki, t\u0259hl\u00fck\u0259sizlik v\u0259ziyy\u0259ti n\u0259z\u0259r\u0259\u00e7arpacaq d\u0259r\u0259c\u0259d\u0259 sabitdir v\u0259 Silahl\u0131 Q\u00fcvv\u0259l\u0259r ya\u015fay\u0131\u015f m\u0259nt\u0259q\u0259l\u0259rin\u0259 ziyan vurmamaq \u00fc\u00e7\u00fcn paytaxt Xartumun t\u0259hl\u00fck\u0259sizliyinin t\u0259minat\u0131n\u0131 geni\u015fl\u0259ndirm\u0259y\u0259 davam edir. H\u0259m\u00e7inin, Sudan h\u00f6kum\u0259ti ba\u015f ver\u0259nl\u0259ri sudanl\u0131lar\u0131n \u00f6zl\u0259rinin birg\u0259 s\u0259yl\u0259ri il\u0259 h\u0259ll etm\u0259k qabiliyy\u0259tin\u0259 malik olmas\u0131na \u0259minliyini vur\u011fulay\u0131r.<\/p>\n<p>\u201cSuveren Ke\u00e7id \u015euras\u0131n\u0131n S\u0259dri &#8211; Silahl\u0131 Q\u00fcvv\u0259l\u0259rin Ali Ba\u015f Komandan\u0131n\u0131n \u00fcnvan\u0131na bir s\u0131ra \u00f6lk\u0259l\u0259rin r\u0259hb\u0259rl\u0259ri t\u0259r\u0259find\u0259n birg\u0259 yard\u0131m v\u0259 t\u0259hl\u00fck\u0259sizliyin t\u0259min edilm\u0259si v\u0259 bir s\u0131ra diplomatik n\u00fcmay\u0259nd\u0259likl\u0259rin \u00f6lk\u0259d\u0259n \u00e7\u0131xar\u0131lmas\u0131 xahi\u015fi il\u0259 z\u0259ngl\u0259r edilib. Qeyri-qanuni silahl\u0131 birl\u0259\u015fm\u0259l\u0259rin \u0259m\u0259liyyata mane olmaq c\u0259hdl\u0259rin\u0259 baxmayaraq, Sudan Silahl\u0131 Q\u00fcvv\u0259l\u0259ri evakuasiyan\u0131 h\u0259yata ke\u00e7irib.<\/p>\n<p>BMT T\u0259hl\u00fck\u0259sizlik \u015euras\u0131 aprelin 25-d\u0259 Sudandak\u0131 m\u00f6vcud v\u0259ziyy\u0259tl\u0259 ba\u011fl\u0131 t\u0259cili iclas ke\u00e7irib \u015euran\u0131n Sudandak\u0131 v\u0259ziyy\u0259tl\u0259 ba\u011fl\u0131 brifinql\u0259rini dinl\u0259di, BMT-nin g\u00f6st\u0259rdiyi s\u0259yl\u0259ri y\u00fcks\u0259k qiym\u0259tl\u0259ndirdi. Sudan h\u00f6kum\u0259tinin v\u0259 Silahl\u0131 Q\u00fcvv\u0259l\u0259rinin Xartumdak\u0131 xarici v\u0259t\u0259nda\u015flar\u0131n v\u0259 diplomatik n\u00fcmay\u0259nd\u0259likl\u0259rin v\u0259 beyn\u0259lxalq t\u0259\u015fkilatlar\u0131n i\u015f\u00e7il\u0259rinin t\u0259xliy\u0259si \u00fc\u00e7\u00fcn qay\u011f\u0131 v\u0259 s\u0131\u011forta bax\u0131m\u0131ndan g\u00f6st\u0259rdiyi s\u0259yl\u0259ri t\u0259qdir etdi\u201d, &#8211; diplomat bildirib.<\/p>\n","protected":false},"excerpt":{"rendered":"<p>\u201cHaz\u0131rk\u0131 hadis\u0259l\u0259r aprelin 15-d\u0259n paytaxt Xartumda v\u0259 bir s\u0131ra dig\u0259r \u015f\u0259h\u0259rl\u0259rd\u0259 \u00fcsyan\u00e7\u0131 q\u00fcvv\u0259l\u0259rin hakimiyy\u0259ti zorla \u0259l\u0259 ke\u00e7irm\u0259k m\u0259qs\u0259dil\u0259 ordu komandanl\u0131\u011f\u0131na v\u0259 paytaxtdak\u0131 bir s\u0131ra strateji obyektl\u0259r\u0259 t\u0259\u015fkil etdiyi h\u00fccumdan sonra Sudan Silahl\u0131 Q\u00fcvv\u0259l\u0259rin\u0259 qar\u015f\u0131 \u00c7evik D\u0259st\u0259k Q\u00fcvv\u0259l\u0259rinin \u00fcsyan\u0131 n\u0259tic\u0259sind\u0259 ba\u015f verib\u201d. \u201cReport\u201dun x\u0259b\u0259rin\u0259 g\u00f6r\u0259, bu fikirl\u0259ri Sudan\u0131n Az\u0259rbaycandak\u0131 s\u0259firliyinin m\u00fcv\u0259qq\u0259ti i\u015fl\u0259r v\u0259kili Mustafa Abdel Halim bildirib. Onun s\u00f6zl\u0259rin\u0259 g\u00f6r\u0259, Silahl\u0131 Q\u00fcvv\u0259l\u0259r \u00fcsyan\u00e7\u0131lar\u0131 ard\u0131c\u0131l m\u0259\u011flubiyy\u0259t\u0259 u\u011fradaraq, onlar\u0131n canl\u0131 q\u00fcvv\u0259 v\u0259 texnika bax\u0131m\u0131ndan a\u011f\u0131r itkil\u0259r verm\u0259sin\u0259 nail olublar ki, bu da \u00e7oxlu sayda insan\u0131 t\u0259slim olma\u011fa v\u0259 ya paytaxtla qon\u015fu \u0259yal\u0259tl\u0259r\u0259 qa\u00e7ma\u011fa&hellip;<\/p>\n","protected":false},"author":2,"featured_media":594666,"comment_status":"closed","ping_status":"closed","sticky":false,"template":"","format":"standard","meta":{"om_disable_all_campaigns":false,"_monsterinsights_skip_tracking":false,"_monsterinsights_sitenote_active":false,"_monsterinsights_sitenote_note":"","_monsterinsights_sitenote_category":0},"categories":[4],"tags":[],"aioseo_notices":[],"gutentor_comment":0,"rttpg_featured_image_url":{"full":["https:\/\/arantv.az\/wp-content\/uploads\/2023\/04\/d84d5414-bbff-3ec9-8fd6-d85a10432f03_850.jpg",620,413,false],"landscape":["https:\/\/arantv.az\/wp-content\/uploads\/2023\/04\/d84d5414-bbff-3ec9-8fd6-d85a10432f03_850.jpg",620,413,false],"portraits":["https:\/\/arantv.az\/wp-content\/uploads\/2023\/04\/d84d5414-bbff-3ec9-8fd6-d85a10432f03_850.jpg",620,413,false],"thumbnail":["https:\/\/arantv.az\/wp-content\/uploads\/2023\/04\/d84d5414-bbff-3ec9-8fd6-d85a10432f03_850-500x280.jpg",500,280,true],"medium":["https:\/\/arantv.az\/wp-content\/uploads\/2023\/04\/d84d5414-bbff-3ec9-8fd6-d85a10432f03_850-548x365.jpg",548,365,true],"large":["https:\/\/arantv.az\/wp-content\/uploads\/2023\/04\/d84d5414-bbff-3ec9-8fd6-d85a10432f03_850.jpg",620,413,false],"1536x1536":["https:\/\/arantv.az\/wp-content\/uploads\/2023\/04\/d84d5414-bbff-3ec9-8fd6-d85a10432f03_850.jpg",620,413,false],"2048x2048":["https:\/\/arantv.az\/wp-content\/uploads\/2023\/04\/d84d5414-bbff-3ec9-8fd6-d85a10432f03_850.jpg",620,413,false],"post-thumbnail":["https:\/\/arantv.az\/wp-content\/uploads\/2023\/04\/d84d5414-bbff-3ec9-8fd6-d85a10432f03_850-240x172.jpg",240,172,true],"advps-thumb-one":["https:\/\/arantv.az\/wp-content\/uploads\/2023\/04\/d84d5414-bbff-3ec9-8fd6-d85a10432f03_850.jpg",620,413,false]},"rttpg_author":{"display_name":"V\u00fcsal Rafiqo\u011flu","author_link":"https:\/\/arantv.az\/?author=2"},"rttpg_comment":0,"rttpg_category":"<a href=\"https:\/\/arantv.az\/?cat=4\" rel=\"category\">Siyas\u0259t<\/a>","rttpg_excerpt":"\u201cHaz\u0131rk\u0131 hadis\u0259l\u0259r aprelin 15-d\u0259n paytaxt Xartumda v\u0259 bir s\u0131ra dig\u0259r \u015f\u0259h\u0259rl\u0259rd\u0259 \u00fcsyan\u00e7\u0131 q\u00fcvv\u0259l\u0259rin hakimiyy\u0259ti zorla \u0259l\u0259 ke\u00e7irm\u0259k m\u0259qs\u0259dil\u0259 ordu komandanl\u0131\u011f\u0131na v\u0259 paytaxtdak\u0131 bir s\u0131ra strateji obyektl\u0259r\u0259 t\u0259\u015fkil etdiyi h\u00fccumdan sonra Sudan Silahl\u0131 Q\u00fcvv\u0259l\u0259rin\u0259 qar\u015f\u0131 \u00c7evik D\u0259st\u0259k Q\u00fcvv\u0259l\u0259rinin \u00fcsyan\u0131 n\u0259tic\u0259sind\u0259 ba\u015f verib\u201d. \u201cReport\u201dun x\u0259b\u0259rin\u0259 g\u00f6r\u0259, bu fikirl\u0259ri Sudan\u0131n Az\u0259rbaycandak\u0131 s\u0259firliyinin m\u00fcv\u0259qq\u0259ti i\u015fl\u0259r v\u0259kili Mustafa Abdel Halim&hellip;","_links":{"self":[{"href":"https:\/\/arantv.az\/index.php?rest_route=\/wp\/v2\/posts\/594665"}],"collection":[{"href":"https:\/\/arantv.az\/index.php?rest_route=\/wp\/v2\/posts"}],"about":[{"href":"https:\/\/arantv.az\/index.php?rest_route=\/wp\/v2\/types\/post"}],"author":[{"embeddable":true,"href":"https:\/\/arantv.az\/index.php?rest_route=\/wp\/v2\/users\/2"}],"replies":[{"embeddable":true,"href":"https:\/\/arantv.az\/index.php?rest_route=%2Fwp%2Fv2%2Fcomments&post=594665"}],"version-history":[{"count":0,"href":"https:\/\/arantv.az\/index.php?rest_route=\/wp\/v2\/posts\/594665\/revisions"}],"wp:featuredmedia":[{"embeddable":true,"href":"https:\/\/arantv.az\/index.php?rest_route=\/wp\/v2\/media\/594666"}],"wp:attachment":[{"href":"https:\/\/arantv.az\/index.php?rest_route=%2Fwp%2Fv2%2Fmedia&parent=594665"}],"wp:term":[{"taxonomy":"category","embeddable":true,"href":"https:\/\/arantv.az\/index.php?rest_route=%2Fwp%2Fv2%2Fcategories&post=594665"},{"taxonomy":"post_tag","embeddable":true,"href":"https:\/\/arantv.az\/index.php?rest_route=%2Fwp%2Fv2%2Ftags&post=594665"}],"curies":[{"name":"wp","href":"https:\/\/api.w.org\/{rel}","templated":true}]}}