{"id":594668,"date":"2023-04-27T17:07:55","date_gmt":"2023-04-27T13:07:55","guid":{"rendered":"https:\/\/arantv.az\/?p=594668"},"modified":"2023-04-27T17:07:55","modified_gmt":"2023-04-27T13:07:55","slug":"avropa-ittifaqi-il%c9%99-d%c9%99rinl%c9%99s%c9%99n-%c9%99m%c9%99kdasliq-az%c9%99rbaycanin-yeni-geostrateji-statusunu-quvv%c9%99tl%c9%99ndirir","status":"publish","type":"post","link":"https:\/\/arantv.az\/?p=594668","title":{"rendered":"Avropa \u0130ttifaq\u0131 il\u0259 d\u0259rinl\u0259\u015f\u0259n \u0259m\u0259kda\u015fl\u0131q  Az\u0259rbaycan\u0131n yeni geostrateji statusunu q\u00fcvv\u0259tl\u0259ndirir"},"content":{"rendered":"<div class=\"x11i5rnm xat24cr x1mh8g0r x1vvkbs xtlvy1s x126k92a\">\n<div dir=\"auto\">Az\u0259rbaycan Respublikas\u0131 m\u00fcst\u0259qillik \u0259ld\u0259 etdikd\u0259n sonra s\u0259m\u0259r\u0259li, \u00e7oxvektorlu xarici siyas\u0259t h\u0259yata ke\u00e7irir. Prezident \u0130lham \u018fliyevin r\u0259hb\u0259rliyi il\u0259 h\u0259yata ke\u00e7iril\u0259n praqmatik v\u0259 \u00e7oxvektorlu xarici siyas\u0259t n\u0259tic\u0259sind\u0259 Az\u0259rbaycan m\u00fcasir beyn\u0259lxalq m\u00fcnasib\u0259tl\u0259r sisteminin g\u00fccl\u00fc v\u0259 n\u00fcfuzlu simas\u0131na \u00e7evrilmi\u015fdir. \u00d6lk\u0259mizin regional v\u0259 beyn\u0259lxalq t\u0259\u015fkilatlarla \u00e7ox\u015fax\u0259li s\u0259m\u0259r\u0259li \u0259laq\u0259l\u0259rinin inki\u015faf\u0131, \u0259m\u0259kda\u015fl\u0131\u011f\u0131n\u0131n d\u0259rinl\u0259\u015fdirilm\u0259si v\u0259 geni\u015fl\u0259ndirilm\u0259si istiqam\u0259tind\u0259 m\u00fch\u00fcm add\u0131mlar at\u0131l\u0131r. M\u0259d\u0259ni v\u0259 ictimai diplomatiya Az\u0259rbaycan Respublikas\u0131n\u0131n xarici siyas\u0259t i\u015finin \u0259sas istiqam\u0259tidir. Bu bax\u0131mdan Avropa \u0130ttifaq\u0131 Az\u0259rbaycan\u0131n \u0259n b\u00f6y\u00fck ticar\u0259t t\u0259r\u0259fda\u015f\u0131, \u0259n b\u00f6y\u00fck ixrac v\u0259 idxal bazar\u0131d\u0131r v\u0259 \u00f6lk\u0259nin \u0259n b\u00f6y\u00fck s\u0259rmay\u0259dar\u0131d\u0131r. Avropa enerji t\u0259hl\u00fck\u0259sizliyinin g\u00fccl\u0259ndirilm\u0259sin\u0259 t\u0259hdid v\u0259 riskl\u0259rin aradan qald\u0131r\u0131lmas\u0131 bax\u0131m\u0131ndan regiondak\u0131 \u00f6lk\u0259l\u0259rin suverenliyi, \u0259razi b\u00fct\u00f6vl\u00fcy\u00fc v\u0259 beyn\u0259lxalq s\u0259viyy\u0259d\u0259 tan\u0131nm\u0131\u015f s\u0259rh\u0259dl\u0259rinin toxunulmazl\u0131\u011f\u0131n\u0131n t\u0259min edilm\u0259si h\u0259r iki t\u0259r\u0259f aras\u0131ndak\u0131 m\u00fcnasib\u0259tl\u0259rin \u0259sas\u0131n\u0131 t\u0259\u015fkil edir. Geosiyasi v\u0259ziyy\u0259t Az\u0259rbaycan h\u00f6k\u00fcm\u0259tini strateji \u0259m\u0259kda\u015fl\u0131\u011fa t\u0259\u015fviq edir. Az\u0259rbaycan\u0131n xarici siyas\u0259tind\u0259 Avropa \u0130ttifaq\u0131 \u00f6lk\u0259l\u0259ri il\u0259 t\u0259r\u0259fda\u015fl\u0131q m\u00fcnasib\u0259tl\u0259ri, o c\u00fcml\u0259d\u0259n ticar\u0259t, enerji, n\u0259qliyyat, s\u0259rmay\u0259l\u0259r, m\u00fcnasib\u0259tl\u0259rin h\u00fcquqi \u0259sas\u0131n\u0131 t\u0259\u015fkil ed\u0259c\u0259k yeni sazi\u015fin i\u015fl\u0259nib haz\u0131rlanmas\u0131 t\u0259r\u0259fda\u015fl\u0131q prioritetl\u0259rinin \u0259sas\u0131n\u0131 t\u0259\u015fkil edir.<\/div>\n<div dir=\"auto\">25 aprel 2023-c\u00fc il tarixd\u0259 Bolqar\u0131stan, Rum\u0131niya, Macar\u0131stan, Slovakiyan\u0131n \u00f6t\u00fcr\u00fcc\u00fc sistem operatorlar\u0131 v\u0259 SOCAR aras\u0131nda imzalanm\u0131\u015f anla\u015fma memarandumu bel\u0259 add\u0131mlardan biridir. Enerji resurslar\u0131n\u0131n daha da \u015fax\u0259l\u0259ndirilm\u0259si, o c\u00fcml\u0259d\u0259n enerji t\u0259hl\u00fck\u0259sizliyinin g\u00fccl\u0259ndirilm\u0259si istiqam\u0259tind\u0259 imzalanm\u0131\u015f Memorandum x\u00fcsusi \u0259h\u0259miyy\u0259t k\u0259sb edir. Memorandum Az\u0259rbaycandan Avropaya \u0259lav\u0259 qaz\u0131n t\u0259dar\u00fck\u00fc \u00fc\u00e7\u00fcn 4 \u00f6t\u00fcr\u00fcc\u00fc sistem operatoru il\u0259 SOCAR aras\u0131nda \u0259m\u0259kda\u015fl\u0131\u011f\u0131n istiqam\u0259tl\u0259rini m\u00fc\u0259yy\u0259nl\u0259\u015fdirir v\u0259 Avropan\u0131n enerji t\u0259hl\u00fck\u0259sizliyinin t\u0259min olunmas\u0131nda \u0259h\u0259miyy\u0259tli add\u0131md\u0131r. Memorandumun imzalanmas\u0131 layih\u0259d\u0259 i\u015ftirak ed\u0259n \u00f6lk\u0259l\u0259r aras\u0131nda u\u011furlu v\u0259 s\u0131x \u0259m\u0259kda\u015fl\u0131\u011f\u0131n qurulmas\u0131n\u0131n g\u00f6st\u0259ricisidir. \u00d6lk\u0259l\u0259r aras\u0131nda \u0259laq\u0259l\u0259rin g\u00fccl\u0259ndirilm\u0259si regionda v\u0259 d\u00fcnyada Az\u0259rbaycan\u0131n b\u00f6y\u00fck d\u00f6vl\u0259tl\u0259rl\u0259, n\u00fcfuzlu beyn\u0259lxalq t\u0259\u015fkilatlarla qar\u015f\u0131l\u0131ql\u0131 faydal\u0131 \u0259m\u0259kda\u015fl\u0131\u011f\u0131n\u0131 s\u00fcr\u0259tl\u0259ndirir. Bu g\u00fcn Az\u0259rbaycan-Bolqar\u0131stan \u0259laq\u0259l\u0259ri y\u00fcks\u0259l\u0259n x\u0259tl\u0259 inki\u015faf edir v\u0259 buna t\u0259kan ver\u0259n diplomatik yax\u0131nla\u015fma 1995-ci ild\u0259 \u00fcmummilli lider Heyd\u0259r \u018fliyevin Bolqar\u0131stan Respublikas\u0131n\u0131n Prezidenti Jelyu Jelevin d\u0259v\u0259ti il\u0259 Sofiyaya r\u0259smi s\u0259f\u0259ri il\u0259 ba\u015flam\u0131\u015fd\u0131r. Az\u0259rbaycan Prezidenti \u0130lham \u018fliyevin cari ilin 25 aprel tarixind\u0259 Bolqar\u0131stan Prezidenti Rumen Radevin r\u0259smi d\u0259v\u0259ti \u0259sas\u0131nda Sofiyaya s\u0259f\u0259ri qar\u015f\u0131l\u0131ql\u0131 maraq do\u011furan sah\u0259l\u0259rd\u0259 \u0259m\u0259kda\u015fl\u0131\u011f\u0131 g\u00fccl\u0259ndirm\u0259y\u0259 t\u00f6hf\u0259 ver\u0259c\u0259kdir. Anla\u015fma Memorandumunun imza\u00adlanmas\u0131 Bolqar\u0131stanla Az\u0259rbaycan aras\u0131nda etibarl\u0131, uzunm\u00fcdd\u0259tli strateji \u0259m\u0259kda\u015fl\u0131qdan x\u0259b\u0259r verir. Memorandumun imzalanmas\u0131 m\u0259rasimind\u0259 Az\u0259rbaycan Prezidenti \u0130lham \u018fliyev bildirib ki, Avropa \u0130ttifaq\u0131 \u00f6lk\u0259l\u0259rinin \u00fc\u00e7d\u0259 biri Az\u0259rbaycan\u0131n strateji t\u0259r\u0259fda\u015f\u0131d\u0131r.<\/div>\n<div dir=\"auto\">D\u00f6vl\u0259t ba\u015f\u00e7\u0131s\u0131n\u0131n s\u00f6zl\u0259rin\u0259 g\u00f6r\u0259, bu g\u00fcn Sofiyada imzalanan Anla\u015fma Memorandumu il\u0259 Az\u0259rbaycan Avropa \u00f6lk\u0259l\u0259rin\u0259 daha \u00e7ox qaz ixrac ed\u0259c\u0259k ki, bu da ittifaq\u0131n enerji t\u0259hl\u00fck\u0259sizliyinin g\u00fccl\u0259ndirilm\u0259sin\u0259 xidm\u0259t ed\u0259c\u0259kdir. Enerji t\u0259hl\u00fck\u0259sizliyinin t\u0259minat\u0131 \u00fc\u00e7\u00fcn yeni t\u0259chizat\u00e7\u0131lar\u0131n t\u0259\u015fkili Az\u0259rbaycan\u0131n layih\u0259d\u0259ki \u00f6n\u0259mini \u0259ks etdirir. Az\u0259rbaycandan Avropa \u0130ttifaq\u0131na t\u0259bii qaz\u0131n t\u0259chiz edilm\u0259sinin yeni mar\u015frutunun formala\u015fmas\u0131 y\u00fcks\u0259k h\u0259mr\u0259yliyin v\u0259 strateji t\u0259r\u0259fda\u015fl\u0131\u011f\u0131n t\u0259min edilm\u0259sind\u0259 Az\u0259rbaycan Respublikas\u0131 Prezidentinin s\u0259yl\u0259rini g\u00f6z \u00f6n\u00fcn\u0259 qoyur. Bu istiqam\u0259td\u0259 g\u00f6r\u00fcl\u0259n b\u00fct\u00fcn i\u015fl\u0259r \u00f6lk\u0259mizin iqtisadi q\u00fcdr\u0259tinin g\u00fccl\u0259nm\u0259sin\u0259 z\u0259min yarad\u0131r.<\/div>\n<\/div>\n<div class=\"x11i5rnm xat24cr x1mh8g0r x1vvkbs xtlvy1s x126k92a\">\n<div dir=\"auto\">T\u00fcrkan \u015eadlinskaya &#8211; B\u0259rd\u0259 Heyd\u0259r \u018fliyev M\u0259rk\u0259zinin elmi i\u015f\u00e7isi<\/div>\n<\/div>\n","protected":false},"excerpt":{"rendered":"<p>Az\u0259rbaycan Respublikas\u0131 m\u00fcst\u0259qillik \u0259ld\u0259 etdikd\u0259n sonra s\u0259m\u0259r\u0259li, \u00e7oxvektorlu xarici siyas\u0259t h\u0259yata ke\u00e7irir. Prezident \u0130lham \u018fliyevin r\u0259hb\u0259rliyi il\u0259 h\u0259yata ke\u00e7iril\u0259n praqmatik v\u0259 \u00e7oxvektorlu xarici siyas\u0259t n\u0259tic\u0259sind\u0259 Az\u0259rbaycan m\u00fcasir beyn\u0259lxalq m\u00fcnasib\u0259tl\u0259r sisteminin g\u00fccl\u00fc v\u0259 n\u00fcfuzlu simas\u0131na \u00e7evrilmi\u015fdir. \u00d6lk\u0259mizin regional v\u0259 beyn\u0259lxalq t\u0259\u015fkilatlarla \u00e7ox\u015fax\u0259li s\u0259m\u0259r\u0259li \u0259laq\u0259l\u0259rinin inki\u015faf\u0131, \u0259m\u0259kda\u015fl\u0131\u011f\u0131n\u0131n d\u0259rinl\u0259\u015fdirilm\u0259si v\u0259 geni\u015fl\u0259ndirilm\u0259si istiqam\u0259tind\u0259 m\u00fch\u00fcm add\u0131mlar at\u0131l\u0131r. M\u0259d\u0259ni v\u0259 ictimai diplomatiya Az\u0259rbaycan Respublikas\u0131n\u0131n xarici siyas\u0259t i\u015finin \u0259sas istiqam\u0259tidir. Bu bax\u0131mdan Avropa \u0130ttifaq\u0131 Az\u0259rbaycan\u0131n \u0259n b\u00f6y\u00fck ticar\u0259t t\u0259r\u0259fda\u015f\u0131, \u0259n b\u00f6y\u00fck ixrac v\u0259 idxal bazar\u0131d\u0131r v\u0259 \u00f6lk\u0259nin \u0259n b\u00f6y\u00fck s\u0259rmay\u0259dar\u0131d\u0131r. Avropa enerji t\u0259hl\u00fck\u0259sizliyinin g\u00fccl\u0259ndirilm\u0259sin\u0259 t\u0259hdid v\u0259 riskl\u0259rin&hellip;<\/p>\n","protected":false},"author":2,"featured_media":594669,"comment_status":"closed","ping_status":"closed","sticky":false,"template":"","format":"standard","meta":{"om_disable_all_campaigns":false,"_monsterinsights_skip_tracking":false,"_monsterinsights_sitenote_active":false,"_monsterinsights_sitenote_note":"","_monsterinsights_sitenote_category":0},"categories":[2],"tags":[],"aioseo_notices":[],"gutentor_comment":0,"rttpg_featured_image_url":{"full":["https:\/\/arantv.az\/wp-content\/uploads\/2023\/04\/343638659_768411858203871_2042902834362339316_n.jpg",960,652,false],"landscape":["https:\/\/arantv.az\/wp-content\/uploads\/2023\/04\/343638659_768411858203871_2042902834362339316_n.jpg",960,652,false],"portraits":["https:\/\/arantv.az\/wp-content\/uploads\/2023\/04\/343638659_768411858203871_2042902834362339316_n.jpg",960,652,false],"thumbnail":["https:\/\/arantv.az\/wp-content\/uploads\/2023\/04\/343638659_768411858203871_2042902834362339316_n-500x280.jpg",500,280,true],"medium":["https:\/\/arantv.az\/wp-content\/uploads\/2023\/04\/343638659_768411858203871_2042902834362339316_n-537x365.jpg",537,365,true],"large":["https:\/\/arantv.az\/wp-content\/uploads\/2023\/04\/343638659_768411858203871_2042902834362339316_n-840x571.jpg",640,435,true],"1536x1536":["https:\/\/arantv.az\/wp-content\/uploads\/2023\/04\/343638659_768411858203871_2042902834362339316_n.jpg",960,652,false],"2048x2048":["https:\/\/arantv.az\/wp-content\/uploads\/2023\/04\/343638659_768411858203871_2042902834362339316_n.jpg",960,652,false],"post-thumbnail":["https:\/\/arantv.az\/wp-content\/uploads\/2023\/04\/343638659_768411858203871_2042902834362339316_n-240x172.jpg",240,172,true],"advps-thumb-one":["https:\/\/arantv.az\/wp-content\/uploads\/2023\/04\/343638659_768411858203871_2042902834362339316_n-960x620.jpg",960,620,true]},"rttpg_author":{"display_name":"V\u00fcsal Rafiqo\u011flu","author_link":"https:\/\/arantv.az\/?author=2"},"rttpg_comment":0,"rttpg_category":"<a href=\"https:\/\/arantv.az\/?cat=2\" rel=\"category\">Region X\u0259b\u0259rl\u0259ri<\/a>","rttpg_excerpt":"Az\u0259rbaycan Respublikas\u0131 m\u00fcst\u0259qillik \u0259ld\u0259 etdikd\u0259n sonra s\u0259m\u0259r\u0259li, \u00e7oxvektorlu xarici siyas\u0259t h\u0259yata ke\u00e7irir. Prezident \u0130lham \u018fliyevin r\u0259hb\u0259rliyi il\u0259 h\u0259yata ke\u00e7iril\u0259n praqmatik v\u0259 \u00e7oxvektorlu xarici siyas\u0259t n\u0259tic\u0259sind\u0259 Az\u0259rbaycan m\u00fcasir beyn\u0259lxalq m\u00fcnasib\u0259tl\u0259r sisteminin g\u00fccl\u00fc v\u0259 n\u00fcfuzlu simas\u0131na \u00e7evrilmi\u015fdir. \u00d6lk\u0259mizin regional v\u0259 beyn\u0259lxalq t\u0259\u015fkilatlarla \u00e7ox\u015fax\u0259li s\u0259m\u0259r\u0259li \u0259laq\u0259l\u0259rinin inki\u015faf\u0131, \u0259m\u0259kda\u015fl\u0131\u011f\u0131n\u0131n d\u0259rinl\u0259\u015fdirilm\u0259si v\u0259 geni\u015fl\u0259ndirilm\u0259si istiqam\u0259tind\u0259 m\u00fch\u00fcm add\u0131mlar at\u0131l\u0131r. M\u0259d\u0259ni v\u0259 ictimai&hellip;","_links":{"self":[{"href":"https:\/\/arantv.az\/index.php?rest_route=\/wp\/v2\/posts\/594668"}],"collection":[{"href":"https:\/\/arantv.az\/index.php?rest_route=\/wp\/v2\/posts"}],"about":[{"href":"https:\/\/arantv.az\/index.php?rest_route=\/wp\/v2\/types\/post"}],"author":[{"embeddable":true,"href":"https:\/\/arantv.az\/index.php?rest_route=\/wp\/v2\/users\/2"}],"replies":[{"embeddable":true,"href":"https:\/\/arantv.az\/index.php?rest_route=%2Fwp%2Fv2%2Fcomments&post=594668"}],"version-history":[{"count":0,"href":"https:\/\/arantv.az\/index.php?rest_route=\/wp\/v2\/posts\/594668\/revisions"}],"wp:featuredmedia":[{"embeddable":true,"href":"https:\/\/arantv.az\/index.php?rest_route=\/wp\/v2\/media\/594669"}],"wp:attachment":[{"href":"https:\/\/arantv.az\/index.php?rest_route=%2Fwp%2Fv2%2Fmedia&parent=594668"}],"wp:term":[{"taxonomy":"category","embeddable":true,"href":"https:\/\/arantv.az\/index.php?rest_route=%2Fwp%2Fv2%2Fcategories&post=594668"},{"taxonomy":"post_tag","embeddable":true,"href":"https:\/\/arantv.az\/index.php?rest_route=%2Fwp%2Fv2%2Ftags&post=594668"}],"curies":[{"name":"wp","href":"https:\/\/api.w.org\/{rel}","templated":true}]}}