{"id":594688,"date":"2023-04-27T21:50:43","date_gmt":"2023-04-27T17:50:43","guid":{"rendered":"https:\/\/arantv.az\/?p=594688"},"modified":"2023-04-27T21:50:43","modified_gmt":"2023-04-27T17:50:43","slug":"z%c9%99rif%c9%99-%c9%99liyeva-xatir%c9%99l%c9%99rd%c9%99-video","status":"publish","type":"post","link":"https:\/\/arantv.az\/?p=594688","title":{"rendered":"Z\u0259rif\u0259 \u018fliyeva xatir\u0259l\u0259rd\u0259 &#8211; V\u0130DEO"},"content":{"rendered":"<article class=\"news\">\n<div class=\"news-inner\">\n<p>G\u00f6rk\u0259mli oftalmoloq-alim, akademik Z\u0259rif\u0259 \u018fliyeva 28 aprel 1923-c\u00fc ild\u0259 Nax\u00e7\u0131van Muxtar Respublikas\u0131nda anadan olub.<\/p>\n<p>O, 1947-ci ild\u0259 N.N\u0259rimanov ad\u0131na Az\u0259rbaycan D\u00f6vl\u0259t Tibb \u0130nstitutunu bitirib.<\/p>\n<p>Az\u0259rbaycan Elmi-T\u0259dqiqat Oftalmologiya \u0130nstitutunda elmi i\u015f\u00e7i, 1969-cu ild\u0259n is\u0259 \u018f.\u018fliyev ad\u0131na Az\u0259rbaycan H\u0259kiml\u0259ri T\u0259kmill\u0259\u015fdirm\u0259 \u0130nstitutunda g\u00f6z x\u0259st\u0259likl\u0259ri kafedras\u0131n\u0131n dosenti, professor, g\u00f6rm\u0259 orqanlar\u0131n\u0131n pe\u015f\u0259 patologiyas\u0131 laboratoriyas\u0131n\u0131n m\u00fcdiri, oftalmologiya kafedras\u0131n\u0131n m\u00fcdiri (1982-1985) v\u0259zif\u0259l\u0259rind\u0259 \u00e7al\u0131\u015f\u0131b.<\/p>\n<p>Z.\u018fliyevan\u0131n Az\u0259rbaycanda oftalmologiya elminin inki\u015faf\u0131nda m\u00fcst\u0259sna xidm\u0259tl\u0259ri var.<\/p>\n<p>Qeyd ed\u0259k ki, Z\u0259rif\u0259 \u018fliyeva \u00fcmummilli lider Heyd\u0259r \u018fliyevin h\u0259yat yolda\u015f\u0131, Prezident\u00a0<strong>\u0130lham \u018fliyev<\/strong>in anas\u0131d\u0131r.<\/p>\n<p>O, 1985-ci il aprelin 15-d\u0259 Moskva \u015f\u0259h\u0259rind\u0259 v\u0259fat edib.<\/p>\n<p>Baku TV-nin\u00a0akademik Z\u0259rif\u0259 \u018fliyeva bar\u0259d\u0259 haz\u0131rlad\u0131\u011f\u0131 s\u00fcjeti t\u0259qdim edirik:<\/p>\n<div><iframe loading=\"lazy\" title=\"YouTube video player\" src=\"https:\/\/www.youtube.com\/embed\/4AYjvXjWLEs\" width=\"560\" height=\"315\" frameborder=\"0\" allowfullscreen=\"allowfullscreen\" data-mce-fragment=\"1\"><\/iframe><\/div>\n<\/div>\n<\/article>\n","protected":false},"excerpt":{"rendered":"<p>G\u00f6rk\u0259mli oftalmoloq-alim, akademik Z\u0259rif\u0259 \u018fliyeva 28 aprel 1923-c\u00fc ild\u0259 Nax\u00e7\u0131van Muxtar Respublikas\u0131nda anadan olub. O, 1947-ci ild\u0259 N.N\u0259rimanov ad\u0131na Az\u0259rbaycan D\u00f6vl\u0259t Tibb \u0130nstitutunu bitirib. Az\u0259rbaycan Elmi-T\u0259dqiqat Oftalmologiya \u0130nstitutunda elmi i\u015f\u00e7i, 1969-cu ild\u0259n is\u0259 \u018f.\u018fliyev ad\u0131na Az\u0259rbaycan H\u0259kiml\u0259ri T\u0259kmill\u0259\u015fdirm\u0259 \u0130nstitutunda g\u00f6z x\u0259st\u0259likl\u0259ri kafedras\u0131n\u0131n dosenti, professor, g\u00f6rm\u0259 orqanlar\u0131n\u0131n pe\u015f\u0259 patologiyas\u0131 laboratoriyas\u0131n\u0131n m\u00fcdiri, oftalmologiya kafedras\u0131n\u0131n m\u00fcdiri (1982-1985) v\u0259zif\u0259l\u0259rind\u0259 \u00e7al\u0131\u015f\u0131b. Z.\u018fliyevan\u0131n Az\u0259rbaycanda oftalmologiya elminin inki\u015faf\u0131nda m\u00fcst\u0259sna xidm\u0259tl\u0259ri var. Qeyd ed\u0259k ki, Z\u0259rif\u0259 \u018fliyeva \u00fcmummilli lider Heyd\u0259r \u018fliyevin h\u0259yat yolda\u015f\u0131, Prezident\u00a0\u0130lham \u018fliyevin anas\u0131d\u0131r. O, 1985-ci il aprelin 15-d\u0259 Moskva \u015f\u0259h\u0259rind\u0259 v\u0259fat edib. Baku TV-nin\u00a0akademik Z\u0259rif\u0259&hellip;<\/p>\n","protected":false},"author":2,"featured_media":594694,"comment_status":"closed","ping_status":"closed","sticky":false,"template":"","format":"standard","meta":{"om_disable_all_campaigns":false,"_monsterinsights_skip_tracking":false,"_monsterinsights_sitenote_active":false,"_monsterinsights_sitenote_note":"","_monsterinsights_sitenote_category":0},"categories":[4],"tags":[],"aioseo_notices":[],"gutentor_comment":0,"rttpg_featured_image_url":{"full":["https:\/\/arantv.az\/wp-content\/uploads\/2023\/04\/93049830_697047917773651_1267404536486559744_n.jpg",620,413,false],"landscape":["https:\/\/arantv.az\/wp-content\/uploads\/2023\/04\/93049830_697047917773651_1267404536486559744_n.jpg",620,413,false],"portraits":["https:\/\/arantv.az\/wp-content\/uploads\/2023\/04\/93049830_697047917773651_1267404536486559744_n.jpg",620,413,false],"thumbnail":["https:\/\/arantv.az\/wp-content\/uploads\/2023\/04\/93049830_697047917773651_1267404536486559744_n-500x280.jpg",500,280,true],"medium":["https:\/\/arantv.az\/wp-content\/uploads\/2023\/04\/93049830_697047917773651_1267404536486559744_n-548x365.jpg",548,365,true],"large":["https:\/\/arantv.az\/wp-content\/uploads\/2023\/04\/93049830_697047917773651_1267404536486559744_n.jpg",620,413,false],"1536x1536":["https:\/\/arantv.az\/wp-content\/uploads\/2023\/04\/93049830_697047917773651_1267404536486559744_n.jpg",620,413,false],"2048x2048":["https:\/\/arantv.az\/wp-content\/uploads\/2023\/04\/93049830_697047917773651_1267404536486559744_n.jpg",620,413,false],"post-thumbnail":["https:\/\/arantv.az\/wp-content\/uploads\/2023\/04\/93049830_697047917773651_1267404536486559744_n-240x172.jpg",240,172,true],"advps-thumb-one":["https:\/\/arantv.az\/wp-content\/uploads\/2023\/04\/93049830_697047917773651_1267404536486559744_n.jpg",620,413,false]},"rttpg_author":{"display_name":"V\u00fcsal Rafiqo\u011flu","author_link":"https:\/\/arantv.az\/?author=2"},"rttpg_comment":0,"rttpg_category":"<a href=\"https:\/\/arantv.az\/?cat=4\" rel=\"category\">Siyas\u0259t<\/a>","rttpg_excerpt":"G\u00f6rk\u0259mli oftalmoloq-alim, akademik Z\u0259rif\u0259 \u018fliyeva 28 aprel 1923-c\u00fc ild\u0259 Nax\u00e7\u0131van Muxtar Respublikas\u0131nda anadan olub. O, 1947-ci ild\u0259 N.N\u0259rimanov ad\u0131na Az\u0259rbaycan D\u00f6vl\u0259t Tibb \u0130nstitutunu bitirib. Az\u0259rbaycan Elmi-T\u0259dqiqat Oftalmologiya \u0130nstitutunda elmi i\u015f\u00e7i, 1969-cu ild\u0259n is\u0259 \u018f.\u018fliyev ad\u0131na Az\u0259rbaycan H\u0259kiml\u0259ri T\u0259kmill\u0259\u015fdirm\u0259 \u0130nstitutunda g\u00f6z x\u0259st\u0259likl\u0259ri kafedras\u0131n\u0131n dosenti, professor, g\u00f6rm\u0259 orqanlar\u0131n\u0131n pe\u015f\u0259 patologiyas\u0131 laboratoriyas\u0131n\u0131n m\u00fcdiri, oftalmologiya kafedras\u0131n\u0131n m\u00fcdiri (1982-1985) v\u0259zif\u0259l\u0259rind\u0259&hellip;","_links":{"self":[{"href":"https:\/\/arantv.az\/index.php?rest_route=\/wp\/v2\/posts\/594688"}],"collection":[{"href":"https:\/\/arantv.az\/index.php?rest_route=\/wp\/v2\/posts"}],"about":[{"href":"https:\/\/arantv.az\/index.php?rest_route=\/wp\/v2\/types\/post"}],"author":[{"embeddable":true,"href":"https:\/\/arantv.az\/index.php?rest_route=\/wp\/v2\/users\/2"}],"replies":[{"embeddable":true,"href":"https:\/\/arantv.az\/index.php?rest_route=%2Fwp%2Fv2%2Fcomments&post=594688"}],"version-history":[{"count":0,"href":"https:\/\/arantv.az\/index.php?rest_route=\/wp\/v2\/posts\/594688\/revisions"}],"wp:featuredmedia":[{"embeddable":true,"href":"https:\/\/arantv.az\/index.php?rest_route=\/wp\/v2\/media\/594694"}],"wp:attachment":[{"href":"https:\/\/arantv.az\/index.php?rest_route=%2Fwp%2Fv2%2Fmedia&parent=594688"}],"wp:term":[{"taxonomy":"category","embeddable":true,"href":"https:\/\/arantv.az\/index.php?rest_route=%2Fwp%2Fv2%2Fcategories&post=594688"},{"taxonomy":"post_tag","embeddable":true,"href":"https:\/\/arantv.az\/index.php?rest_route=%2Fwp%2Fv2%2Ftags&post=594688"}],"curies":[{"name":"wp","href":"https:\/\/api.w.org\/{rel}","templated":true}]}}