{"id":594704,"date":"2023-04-27T21:53:49","date_gmt":"2023-04-27T17:53:49","guid":{"rendered":"https:\/\/arantv.az\/?p=594704"},"modified":"2023-04-27T21:53:49","modified_gmt":"2023-04-27T17:53:49","slug":"z%c9%99rif%c9%99-%c9%99liyevanin-doguldugu-k%c9%99ndd%c9%99n-reportaj-video","status":"publish","type":"post","link":"https:\/\/arantv.az\/?p=594704","title":{"rendered":"Z\u0259rif\u0259 \u018fliyevan\u0131n do\u011fuldu\u011fu k\u0259ndd\u0259n reportaj &#8211; V\u0130DEO"},"content":{"rendered":"<article class=\"news\">\n<div class=\"news-inner\">\n<p>Bu il g\u00f6rk\u0259mli alim, oftalmoloq Z\u0259rif\u0259 \u018fliyevan\u0131n anadan olmas\u0131n\u0131n 100 illiyi tamam olur.<\/p>\n<p>O, 1923-c\u00fc il aprelin 28-d\u0259 h\u0259kim \u018fziz \u018fliyev v\u0259 Leyla \u018fliyevan\u0131n ail\u0259sind\u0259 d\u00fcnyaya g\u00f6z a\u00e7\u0131b. Nax\u00e7\u0131van Muxtar Respublikas\u0131n\u0131n K\u0259ng\u0259rli rayonunun \u015eahtaxt\u0131 k\u0259ndi Z\u0259rif\u0259 xan\u0131m\u0131n do\u011fuldu\u011fu, b\u00f6y\u00fcy\u00fcb boya-ba\u015fa \u00e7atd\u0131\u011f\u0131 k\u0259nddir.<\/p>\n<p>K\u0259ndd\u0259 g\u00f6rk\u0259mli alimin ad\u0131n\u0131 da\u015f\u0131yan m\u0259kt\u0259b d\u0259 var. T\u0259hsil m\u00fc\u0259ssis\u0259si 2005-ci ild\u0259 Prezident\u00a0<strong>\u0130lham \u018fliyev<\/strong>in i\u015ftirak\u0131 il\u0259 istifad\u0259y\u0259 verilib.<\/p>\n<p>100 il bundan \u00f6nc\u0259 bu k\u0259ndd\u0259 d\u00fcnyaya g\u00f6z a\u00e7an akademik Z\u0259rif\u0259 \u018fliyeva Az\u0259rbaycan tibb elmin\u0259 yenilikl\u0259r g\u0259tirib. O, s\u0259hiyy\u0259 sah\u0259sind\u0259 d\u0259y\u0259rli t\u00f6hf\u0259l\u0259ri olan alim, mehriban h\u0259yat yolda\u015f\u0131 v\u0259 qay\u011f\u0131ke\u015f ana kimi q\u0259lbl\u0259rd\u0259 ya\u015fay\u0131r.<\/p>\n<p>\u018ftrafl\u0131 Baku TV-nin videosunu t\u0259qdim edirik:<\/p>\n<div><iframe loading=\"lazy\" title=\"YouTube video player\" src=\"https:\/\/www.youtube.com\/embed\/NZ8xFtu4wMI\" width=\"560\" height=\"315\" frameborder=\"0\" allowfullscreen=\"allowfullscreen\" data-mce-fragment=\"1\"><\/iframe><\/div>\n<\/div>\n<\/article>\n","protected":false},"excerpt":{"rendered":"<p>Bu il g\u00f6rk\u0259mli alim, oftalmoloq Z\u0259rif\u0259 \u018fliyevan\u0131n anadan olmas\u0131n\u0131n 100 illiyi tamam olur. O, 1923-c\u00fc il aprelin 28-d\u0259 h\u0259kim \u018fziz \u018fliyev v\u0259 Leyla \u018fliyevan\u0131n ail\u0259sind\u0259 d\u00fcnyaya g\u00f6z a\u00e7\u0131b. Nax\u00e7\u0131van Muxtar Respublikas\u0131n\u0131n K\u0259ng\u0259rli rayonunun \u015eahtaxt\u0131 k\u0259ndi Z\u0259rif\u0259 xan\u0131m\u0131n do\u011fuldu\u011fu, b\u00f6y\u00fcy\u00fcb boya-ba\u015fa \u00e7atd\u0131\u011f\u0131 k\u0259nddir. K\u0259ndd\u0259 g\u00f6rk\u0259mli alimin ad\u0131n\u0131 da\u015f\u0131yan m\u0259kt\u0259b d\u0259 var. T\u0259hsil m\u00fc\u0259ssis\u0259si 2005-ci ild\u0259 Prezident\u00a0\u0130lham \u018fliyevin i\u015ftirak\u0131 il\u0259 istifad\u0259y\u0259 verilib. 100 il bundan \u00f6nc\u0259 bu k\u0259ndd\u0259 d\u00fcnyaya g\u00f6z a\u00e7an akademik Z\u0259rif\u0259 \u018fliyeva Az\u0259rbaycan tibb elmin\u0259 yenilikl\u0259r g\u0259tirib. O, s\u0259hiyy\u0259 sah\u0259sind\u0259 d\u0259y\u0259rli t\u00f6hf\u0259l\u0259ri olan alim, mehriban h\u0259yat yolda\u015f\u0131 v\u0259 qay\u011f\u0131ke\u015f ana&hellip;<\/p>\n","protected":false},"author":2,"featured_media":594710,"comment_status":"closed","ping_status":"closed","sticky":false,"template":"","format":"standard","meta":{"om_disable_all_campaigns":false,"_monsterinsights_skip_tracking":false,"_monsterinsights_sitenote_active":false,"_monsterinsights_sitenote_note":"","_monsterinsights_sitenote_category":0},"categories":[4],"tags":[],"aioseo_notices":[],"gutentor_comment":0,"rttpg_featured_image_url":{"full":["https:\/\/arantv.az\/wp-content\/uploads\/2023\/04\/ZERA\u00b0.jpg",620,413,false],"landscape":["https:\/\/arantv.az\/wp-content\/uploads\/2023\/04\/ZERA\u00b0.jpg",620,413,false],"portraits":["https:\/\/arantv.az\/wp-content\/uploads\/2023\/04\/ZERA\u00b0.jpg",620,413,false],"thumbnail":["https:\/\/arantv.az\/wp-content\/uploads\/2023\/04\/ZERA\u00b0-500x280.jpg",500,280,true],"medium":["https:\/\/arantv.az\/wp-content\/uploads\/2023\/04\/ZERA\u00b0-548x365.jpg",548,365,true],"large":["https:\/\/arantv.az\/wp-content\/uploads\/2023\/04\/ZERA\u00b0.jpg",620,413,false],"1536x1536":["https:\/\/arantv.az\/wp-content\/uploads\/2023\/04\/ZERA\u00b0.jpg",620,413,false],"2048x2048":["https:\/\/arantv.az\/wp-content\/uploads\/2023\/04\/ZERA\u00b0.jpg",620,413,false],"post-thumbnail":["https:\/\/arantv.az\/wp-content\/uploads\/2023\/04\/ZERA\u00b0-240x172.jpg",240,172,true],"advps-thumb-one":["https:\/\/arantv.az\/wp-content\/uploads\/2023\/04\/ZERA\u00b0.jpg",620,413,false]},"rttpg_author":{"display_name":"V\u00fcsal Rafiqo\u011flu","author_link":"https:\/\/arantv.az\/?author=2"},"rttpg_comment":0,"rttpg_category":"<a href=\"https:\/\/arantv.az\/?cat=4\" rel=\"category\">Siyas\u0259t<\/a>","rttpg_excerpt":"Bu il g\u00f6rk\u0259mli alim, oftalmoloq Z\u0259rif\u0259 \u018fliyevan\u0131n anadan olmas\u0131n\u0131n 100 illiyi tamam olur. O, 1923-c\u00fc il aprelin 28-d\u0259 h\u0259kim \u018fziz \u018fliyev v\u0259 Leyla \u018fliyevan\u0131n ail\u0259sind\u0259 d\u00fcnyaya g\u00f6z a\u00e7\u0131b. Nax\u00e7\u0131van Muxtar Respublikas\u0131n\u0131n K\u0259ng\u0259rli rayonunun \u015eahtaxt\u0131 k\u0259ndi Z\u0259rif\u0259 xan\u0131m\u0131n do\u011fuldu\u011fu, b\u00f6y\u00fcy\u00fcb boya-ba\u015fa \u00e7atd\u0131\u011f\u0131 k\u0259nddir. K\u0259ndd\u0259 g\u00f6rk\u0259mli alimin ad\u0131n\u0131 da\u015f\u0131yan m\u0259kt\u0259b d\u0259 var. T\u0259hsil m\u00fc\u0259ssis\u0259si 2005-ci ild\u0259 Prezident\u00a0\u0130lham&hellip;","_links":{"self":[{"href":"https:\/\/arantv.az\/index.php?rest_route=\/wp\/v2\/posts\/594704"}],"collection":[{"href":"https:\/\/arantv.az\/index.php?rest_route=\/wp\/v2\/posts"}],"about":[{"href":"https:\/\/arantv.az\/index.php?rest_route=\/wp\/v2\/types\/post"}],"author":[{"embeddable":true,"href":"https:\/\/arantv.az\/index.php?rest_route=\/wp\/v2\/users\/2"}],"replies":[{"embeddable":true,"href":"https:\/\/arantv.az\/index.php?rest_route=%2Fwp%2Fv2%2Fcomments&post=594704"}],"version-history":[{"count":0,"href":"https:\/\/arantv.az\/index.php?rest_route=\/wp\/v2\/posts\/594704\/revisions"}],"wp:featuredmedia":[{"embeddable":true,"href":"https:\/\/arantv.az\/index.php?rest_route=\/wp\/v2\/media\/594710"}],"wp:attachment":[{"href":"https:\/\/arantv.az\/index.php?rest_route=%2Fwp%2Fv2%2Fmedia&parent=594704"}],"wp:term":[{"taxonomy":"category","embeddable":true,"href":"https:\/\/arantv.az\/index.php?rest_route=%2Fwp%2Fv2%2Fcategories&post=594704"},{"taxonomy":"post_tag","embeddable":true,"href":"https:\/\/arantv.az\/index.php?rest_route=%2Fwp%2Fv2%2Ftags&post=594704"}],"curies":[{"name":"wp","href":"https:\/\/api.w.org\/{rel}","templated":true}]}}