{"id":594709,"date":"2023-04-27T21:54:40","date_gmt":"2023-04-27T17:54:40","guid":{"rendered":"https:\/\/arantv.az\/?p=594709"},"modified":"2023-04-27T21:54:40","modified_gmt":"2023-04-27T17:54:40","slug":"turkiy%c9%99li-idmanci-nuray-gungor-az%c9%99rbaycana-qarsi-olan-horm%c9%99tsizlik-biz%c9%99-d%c9%99-edilmis-sayilir-video","status":"publish","type":"post","link":"https:\/\/arantv.az\/?p=594709","title":{"rendered":"T\u00fcrkiy\u0259li idman\u00e7\u0131 Nuray G\u00fcng\u00f6r: \u201cAz\u0259rbaycana qar\u015f\u0131 olan h\u00f6rm\u0259tsizlik biz\u0259 d\u0259 edilmi\u015f say\u0131l\u0131r\u201d &#8211; V\u0130DEO"},"content":{"rendered":"<p>\u201cErm\u0259nistanda iki d\u00f6vl\u0259t, bir mill\u0259tin g\u00fcc\u00fcn\u00fc g\u00f6st\u0259rdim\u201d.<\/p>\n<p><strong>ARANTV.AZ <\/strong>x\u0259b\u0259r verir ki, bunu Erm\u0259nistan\u0131n paytaxt\u0131 \u0130r\u0259vanda ke\u00e7iril\u0259n a\u011f\u0131rl\u0131qqald\u0131rma \u00fczr\u0259 Avropa \u00e7empionat\u0131n\u0131n qalibi olan T\u00fcrkiy\u0259 millisinin \u00fczv\u00fc Nuray G\u00fcng\u00f6r Bak\u0131dak\u0131 qar\u015f\u0131lama m\u0259rasimind\u0259 jurnalistl\u0259r\u0259 a\u00e7\u0131qlamas\u0131nda deyib.<\/p>\n<p>O, t\u0259mt\u0259raql\u0131 qar\u015f\u0131lanmaya g\u00f6r\u0259 t\u0259\u015f\u0259kk\u00fcr\u00fcn\u00fc bildirib: \u201cBu bir daha Az\u0259rbaycan v\u0259 T\u00fcrkiy\u0259 qarda\u015fl\u0131\u011f\u0131n\u0131 ortaya qoyur. Orada Az\u0259rbaycana qar\u015f\u0131 olan h\u00f6rm\u0259tsizlik biz\u0259 d\u0259 edilmi\u015f say\u0131l\u0131r. Az\u0259rbaycan y\u0131\u011fmas\u0131 h\u0259min hadis\u0259d\u0259n sonra yar\u0131\u015f\u0131 t\u0259rk etm\u0259li oldu. Dedim ki, onlar yoxdurlarsa, biz var\u0131q. \u018fn g\u00f6z\u0259l cavab\u0131m\u0131z d\u00f6vl\u0259t himnimizin s\u0259sl\u0259nm\u0259si oldu. Bunun ayr\u0131 q\u00fcruru var. Medallar\u0131m\u0131 Az\u0259rbaycan xalq\u0131na \u0259rm\u0259\u011fan edir\u0259m\u201d.<\/p>\n<div><iframe loading=\"lazy\" title=\"YouTube video player\" src=\"https:\/\/www.youtube.com\/embed\/zFRufFb6ZEk\" width=\"560\" height=\"315\" frameborder=\"0\" allowfullscreen=\"allowfullscreen\" data-mce-fragment=\"1\"><\/iframe><\/div>\n","protected":false},"excerpt":{"rendered":"<p>\u201cErm\u0259nistanda iki d\u00f6vl\u0259t, bir mill\u0259tin g\u00fcc\u00fcn\u00fc g\u00f6st\u0259rdim\u201d. ARANTV.AZ x\u0259b\u0259r verir ki, bunu Erm\u0259nistan\u0131n paytaxt\u0131 \u0130r\u0259vanda ke\u00e7iril\u0259n a\u011f\u0131rl\u0131qqald\u0131rma \u00fczr\u0259 Avropa \u00e7empionat\u0131n\u0131n qalibi olan T\u00fcrkiy\u0259 millisinin \u00fczv\u00fc Nuray G\u00fcng\u00f6r Bak\u0131dak\u0131 qar\u015f\u0131lama m\u0259rasimind\u0259 jurnalistl\u0259r\u0259 a\u00e7\u0131qlamas\u0131nda deyib. O, t\u0259mt\u0259raql\u0131 qar\u015f\u0131lanmaya g\u00f6r\u0259 t\u0259\u015f\u0259kk\u00fcr\u00fcn\u00fc bildirib: \u201cBu bir daha Az\u0259rbaycan v\u0259 T\u00fcrkiy\u0259 qarda\u015fl\u0131\u011f\u0131n\u0131 ortaya qoyur. Orada Az\u0259rbaycana qar\u015f\u0131 olan h\u00f6rm\u0259tsizlik biz\u0259 d\u0259 edilmi\u015f say\u0131l\u0131r. Az\u0259rbaycan y\u0131\u011fmas\u0131 h\u0259min hadis\u0259d\u0259n sonra yar\u0131\u015f\u0131 t\u0259rk etm\u0259li oldu. Dedim ki, onlar yoxdurlarsa, biz var\u0131q. \u018fn g\u00f6z\u0259l cavab\u0131m\u0131z d\u00f6vl\u0259t himnimizin s\u0259sl\u0259nm\u0259si oldu. Bunun ayr\u0131 q\u00fcruru var. Medallar\u0131m\u0131 Az\u0259rbaycan xalq\u0131na \u0259rm\u0259\u011fan edir\u0259m\u201d.<\/p>\n","protected":false},"author":2,"featured_media":594715,"comment_status":"closed","ping_status":"closed","sticky":false,"template":"","format":"standard","meta":{"om_disable_all_campaigns":false,"_monsterinsights_skip_tracking":false,"_monsterinsights_sitenote_active":false,"_monsterinsights_sitenote_note":"","_monsterinsights_sitenote_category":0},"categories":[6],"tags":[],"aioseo_notices":[],"gutentor_comment":0,"rttpg_featured_image_url":{"full":["https:\/\/arantv.az\/wp-content\/uploads\/2023\/04\/DcP1bg04W14hsSs6AjD39NHR48m8GjFmFICmzh4b.jpg",620,413,false],"landscape":["https:\/\/arantv.az\/wp-content\/uploads\/2023\/04\/DcP1bg04W14hsSs6AjD39NHR48m8GjFmFICmzh4b.jpg",620,413,false],"portraits":["https:\/\/arantv.az\/wp-content\/uploads\/2023\/04\/DcP1bg04W14hsSs6AjD39NHR48m8GjFmFICmzh4b.jpg",620,413,false],"thumbnail":["https:\/\/arantv.az\/wp-content\/uploads\/2023\/04\/DcP1bg04W14hsSs6AjD39NHR48m8GjFmFICmzh4b-500x280.jpg",500,280,true],"medium":["https:\/\/arantv.az\/wp-content\/uploads\/2023\/04\/DcP1bg04W14hsSs6AjD39NHR48m8GjFmFICmzh4b-548x365.jpg",548,365,true],"large":["https:\/\/arantv.az\/wp-content\/uploads\/2023\/04\/DcP1bg04W14hsSs6AjD39NHR48m8GjFmFICmzh4b.jpg",620,413,false],"1536x1536":["https:\/\/arantv.az\/wp-content\/uploads\/2023\/04\/DcP1bg04W14hsSs6AjD39NHR48m8GjFmFICmzh4b.jpg",620,413,false],"2048x2048":["https:\/\/arantv.az\/wp-content\/uploads\/2023\/04\/DcP1bg04W14hsSs6AjD39NHR48m8GjFmFICmzh4b.jpg",620,413,false],"post-thumbnail":["https:\/\/arantv.az\/wp-content\/uploads\/2023\/04\/DcP1bg04W14hsSs6AjD39NHR48m8GjFmFICmzh4b-240x172.jpg",240,172,true],"advps-thumb-one":["https:\/\/arantv.az\/wp-content\/uploads\/2023\/04\/DcP1bg04W14hsSs6AjD39NHR48m8GjFmFICmzh4b.jpg",620,413,false]},"rttpg_author":{"display_name":"V\u00fcsal Rafiqo\u011flu","author_link":"https:\/\/arantv.az\/?author=2"},"rttpg_comment":0,"rttpg_category":"<a href=\"https:\/\/arantv.az\/?cat=6\" rel=\"category\">\u0130dman<\/a>","rttpg_excerpt":"\u201cErm\u0259nistanda iki d\u00f6vl\u0259t, bir mill\u0259tin g\u00fcc\u00fcn\u00fc g\u00f6st\u0259rdim\u201d. ARANTV.AZ x\u0259b\u0259r verir ki, bunu Erm\u0259nistan\u0131n paytaxt\u0131 \u0130r\u0259vanda ke\u00e7iril\u0259n a\u011f\u0131rl\u0131qqald\u0131rma \u00fczr\u0259 Avropa \u00e7empionat\u0131n\u0131n qalibi olan T\u00fcrkiy\u0259 millisinin \u00fczv\u00fc Nuray G\u00fcng\u00f6r Bak\u0131dak\u0131 qar\u015f\u0131lama m\u0259rasimind\u0259 jurnalistl\u0259r\u0259 a\u00e7\u0131qlamas\u0131nda deyib. O, t\u0259mt\u0259raql\u0131 qar\u015f\u0131lanmaya g\u00f6r\u0259 t\u0259\u015f\u0259kk\u00fcr\u00fcn\u00fc bildirib: \u201cBu bir daha Az\u0259rbaycan v\u0259 T\u00fcrkiy\u0259 qarda\u015fl\u0131\u011f\u0131n\u0131 ortaya qoyur. Orada Az\u0259rbaycana qar\u015f\u0131 olan h\u00f6rm\u0259tsizlik biz\u0259 d\u0259&hellip;","_links":{"self":[{"href":"https:\/\/arantv.az\/index.php?rest_route=\/wp\/v2\/posts\/594709"}],"collection":[{"href":"https:\/\/arantv.az\/index.php?rest_route=\/wp\/v2\/posts"}],"about":[{"href":"https:\/\/arantv.az\/index.php?rest_route=\/wp\/v2\/types\/post"}],"author":[{"embeddable":true,"href":"https:\/\/arantv.az\/index.php?rest_route=\/wp\/v2\/users\/2"}],"replies":[{"embeddable":true,"href":"https:\/\/arantv.az\/index.php?rest_route=%2Fwp%2Fv2%2Fcomments&post=594709"}],"version-history":[{"count":0,"href":"https:\/\/arantv.az\/index.php?rest_route=\/wp\/v2\/posts\/594709\/revisions"}],"wp:featuredmedia":[{"embeddable":true,"href":"https:\/\/arantv.az\/index.php?rest_route=\/wp\/v2\/media\/594715"}],"wp:attachment":[{"href":"https:\/\/arantv.az\/index.php?rest_route=%2Fwp%2Fv2%2Fmedia&parent=594709"}],"wp:term":[{"taxonomy":"category","embeddable":true,"href":"https:\/\/arantv.az\/index.php?rest_route=%2Fwp%2Fv2%2Fcategories&post=594709"},{"taxonomy":"post_tag","embeddable":true,"href":"https:\/\/arantv.az\/index.php?rest_route=%2Fwp%2Fv2%2Ftags&post=594709"}],"curies":[{"name":"wp","href":"https:\/\/api.w.org\/{rel}","templated":true}]}}