{"id":594718,"date":"2023-04-27T21:56:06","date_gmt":"2023-04-27T17:56:06","guid":{"rendered":"https:\/\/arantv.az\/?p=594718"},"modified":"2023-04-27T21:56:06","modified_gmt":"2023-04-27T17:56:06","slug":"korotcenko-heyd%c9%99r-%c9%99liyevin-hakimiyy%c9%99ti-dovru-az%c9%99rbaycanin-inkisafina-guclu-t%c9%99kan-verib","status":"publish","type":"post","link":"https:\/\/arantv.az\/?p=594718","title":{"rendered":"Korot\u00e7enko: \u201cHeyd\u0259r \u018fliyevin hakimiyy\u0259ti d\u00f6vr\u00fc Az\u0259rbaycan\u0131n inki\u015faf\u0131na g\u00fccl\u00fc t\u0259kan verib\u201d"},"content":{"rendered":"<p>\u201cHeyd\u0259r \u018fliyevin hakimiyy\u0259ti d\u00f6vr\u00fc Az\u0259rbaycan\u0131n ilk n\u00f6vb\u0259d\u0259 iqtisadi sah\u0259d\u0259 inki\u015faf\u0131na g\u00fccl\u00fc t\u0259kan verib\u201d.<\/p>\n<p>\u201cReport\u201d x\u0259b\u0259r verir ki, bunu h\u0259rbi ekspert, \u201cMilli m\u00fcdafi\u0259\u201d jurnal\u0131n\u0131n ba\u015f redaktoru \u0130qor Korot\u00e7enko Moskvada ke\u00e7iril\u0259n \u201cHeyd\u0259r \u018fliyev: SSR\u0130 v\u0259 Rusiyan\u0131n inki\u015faf\u0131nda onun rolu\u201d m\u00f6vzusunda d\u0259yirmi masada \u00e7\u0131x\u0131\u015f\u0131 zaman\u0131 deyib.<\/p>\n<p>Ekspert qeyd edib ki, Bak\u0131 h\u0259r zaman beyn\u0259lxalq \u015f\u0259h\u0259r kimi tan\u0131n\u0131b.<\/p>\n<p>Onun s\u00f6zl\u0259rin\u0259 g\u00f6r\u0259, SSR\u0130-nin texnoloji sah\u0259d\u0259 inki\u015faf\u0131na dair b\u00fct\u00fcn \u00fcmidl\u0259r m\u0259hz Heyd\u0259r \u018fliyevl\u0259 ba\u011fl\u0131 idi.<\/p>\n<p>\u201cHeyd\u0259r \u018fliyev Az\u0259rbaycan \u00fc\u00e7\u00fcn \u0259n vacib, kritik bir d\u00f6vrd\u0259 hakimiyy\u0259t\u0259 qay\u0131daraq \u00f6lk\u0259ni xilas edib. O, a\u011fl\u0131 v\u0259 \u015f\u0259xsi keyfiyy\u0259tl\u0259ri il\u0259 SSR\u0130-nin siyasi Olimpin\u0259 y\u00fcks\u0259lmi\u015f g\u00f6rk\u0259mli d\u00f6vl\u0259t xadimidir\u201d, &#8211; \u0130.Korot\u00e7enko vur\u011fulay\u0131b.<\/p>\n<p>O qeyd edib ki, bu g\u00fcn Az\u0259rbaycan Prezidenti\u00a0<strong>\u0130lham \u018fliyev\u00a0<\/strong>\u00fcmummilli lider Heyd\u0259r \u018fliyevin yolunu l\u0259yaq\u0259tl\u0259 davam etdirir.<\/p>\n","protected":false},"excerpt":{"rendered":"<p>\u201cHeyd\u0259r \u018fliyevin hakimiyy\u0259ti d\u00f6vr\u00fc Az\u0259rbaycan\u0131n ilk n\u00f6vb\u0259d\u0259 iqtisadi sah\u0259d\u0259 inki\u015faf\u0131na g\u00fccl\u00fc t\u0259kan verib\u201d. \u201cReport\u201d x\u0259b\u0259r verir ki, bunu h\u0259rbi ekspert, \u201cMilli m\u00fcdafi\u0259\u201d jurnal\u0131n\u0131n ba\u015f redaktoru \u0130qor Korot\u00e7enko Moskvada ke\u00e7iril\u0259n \u201cHeyd\u0259r \u018fliyev: SSR\u0130 v\u0259 Rusiyan\u0131n inki\u015faf\u0131nda onun rolu\u201d m\u00f6vzusunda d\u0259yirmi masada \u00e7\u0131x\u0131\u015f\u0131 zaman\u0131 deyib. Ekspert qeyd edib ki, Bak\u0131 h\u0259r zaman beyn\u0259lxalq \u015f\u0259h\u0259r kimi tan\u0131n\u0131b. Onun s\u00f6zl\u0259rin\u0259 g\u00f6r\u0259, SSR\u0130-nin texnoloji sah\u0259d\u0259 inki\u015faf\u0131na dair b\u00fct\u00fcn \u00fcmidl\u0259r m\u0259hz Heyd\u0259r \u018fliyevl\u0259 ba\u011fl\u0131 idi. \u201cHeyd\u0259r \u018fliyev Az\u0259rbaycan \u00fc\u00e7\u00fcn \u0259n vacib, kritik bir d\u00f6vrd\u0259 hakimiyy\u0259t\u0259 qay\u0131daraq \u00f6lk\u0259ni xilas edib. O, a\u011fl\u0131 v\u0259 \u015f\u0259xsi keyfiyy\u0259tl\u0259ri il\u0259 SSR\u0130-nin&hellip;<\/p>\n","protected":false},"author":2,"featured_media":594722,"comment_status":"closed","ping_status":"closed","sticky":false,"template":"","format":"standard","meta":{"om_disable_all_campaigns":false,"_monsterinsights_skip_tracking":false,"_monsterinsights_sitenote_active":false,"_monsterinsights_sitenote_note":"","_monsterinsights_sitenote_category":0},"categories":[4],"tags":[],"aioseo_notices":[],"gutentor_comment":0,"rttpg_featured_image_url":{"full":["https:\/\/arantv.az\/wp-content\/uploads\/2023\/04\/7e36a053-2e05-35dd-8cd9-63da6a2d6da0_850.jpg",620,413,false],"landscape":["https:\/\/arantv.az\/wp-content\/uploads\/2023\/04\/7e36a053-2e05-35dd-8cd9-63da6a2d6da0_850.jpg",620,413,false],"portraits":["https:\/\/arantv.az\/wp-content\/uploads\/2023\/04\/7e36a053-2e05-35dd-8cd9-63da6a2d6da0_850.jpg",620,413,false],"thumbnail":["https:\/\/arantv.az\/wp-content\/uploads\/2023\/04\/7e36a053-2e05-35dd-8cd9-63da6a2d6da0_850-500x280.jpg",500,280,true],"medium":["https:\/\/arantv.az\/wp-content\/uploads\/2023\/04\/7e36a053-2e05-35dd-8cd9-63da6a2d6da0_850-548x365.jpg",548,365,true],"large":["https:\/\/arantv.az\/wp-content\/uploads\/2023\/04\/7e36a053-2e05-35dd-8cd9-63da6a2d6da0_850.jpg",620,413,false],"1536x1536":["https:\/\/arantv.az\/wp-content\/uploads\/2023\/04\/7e36a053-2e05-35dd-8cd9-63da6a2d6da0_850.jpg",620,413,false],"2048x2048":["https:\/\/arantv.az\/wp-content\/uploads\/2023\/04\/7e36a053-2e05-35dd-8cd9-63da6a2d6da0_850.jpg",620,413,false],"post-thumbnail":["https:\/\/arantv.az\/wp-content\/uploads\/2023\/04\/7e36a053-2e05-35dd-8cd9-63da6a2d6da0_850-240x172.jpg",240,172,true],"advps-thumb-one":["https:\/\/arantv.az\/wp-content\/uploads\/2023\/04\/7e36a053-2e05-35dd-8cd9-63da6a2d6da0_850.jpg",620,413,false]},"rttpg_author":{"display_name":"V\u00fcsal Rafiqo\u011flu","author_link":"https:\/\/arantv.az\/?author=2"},"rttpg_comment":0,"rttpg_category":"<a href=\"https:\/\/arantv.az\/?cat=4\" rel=\"category\">Siyas\u0259t<\/a>","rttpg_excerpt":"\u201cHeyd\u0259r \u018fliyevin hakimiyy\u0259ti d\u00f6vr\u00fc Az\u0259rbaycan\u0131n ilk n\u00f6vb\u0259d\u0259 iqtisadi sah\u0259d\u0259 inki\u015faf\u0131na g\u00fccl\u00fc t\u0259kan verib\u201d. \u201cReport\u201d x\u0259b\u0259r verir ki, bunu h\u0259rbi ekspert, \u201cMilli m\u00fcdafi\u0259\u201d jurnal\u0131n\u0131n ba\u015f redaktoru \u0130qor Korot\u00e7enko Moskvada ke\u00e7iril\u0259n \u201cHeyd\u0259r \u018fliyev: SSR\u0130 v\u0259 Rusiyan\u0131n inki\u015faf\u0131nda onun rolu\u201d m\u00f6vzusunda d\u0259yirmi masada \u00e7\u0131x\u0131\u015f\u0131 zaman\u0131 deyib. Ekspert qeyd edib ki, Bak\u0131 h\u0259r zaman beyn\u0259lxalq \u015f\u0259h\u0259r kimi tan\u0131n\u0131b. Onun&hellip;","_links":{"self":[{"href":"https:\/\/arantv.az\/index.php?rest_route=\/wp\/v2\/posts\/594718"}],"collection":[{"href":"https:\/\/arantv.az\/index.php?rest_route=\/wp\/v2\/posts"}],"about":[{"href":"https:\/\/arantv.az\/index.php?rest_route=\/wp\/v2\/types\/post"}],"author":[{"embeddable":true,"href":"https:\/\/arantv.az\/index.php?rest_route=\/wp\/v2\/users\/2"}],"replies":[{"embeddable":true,"href":"https:\/\/arantv.az\/index.php?rest_route=%2Fwp%2Fv2%2Fcomments&post=594718"}],"version-history":[{"count":0,"href":"https:\/\/arantv.az\/index.php?rest_route=\/wp\/v2\/posts\/594718\/revisions"}],"wp:featuredmedia":[{"embeddable":true,"href":"https:\/\/arantv.az\/index.php?rest_route=\/wp\/v2\/media\/594722"}],"wp:attachment":[{"href":"https:\/\/arantv.az\/index.php?rest_route=%2Fwp%2Fv2%2Fmedia&parent=594718"}],"wp:term":[{"taxonomy":"category","embeddable":true,"href":"https:\/\/arantv.az\/index.php?rest_route=%2Fwp%2Fv2%2Fcategories&post=594718"},{"taxonomy":"post_tag","embeddable":true,"href":"https:\/\/arantv.az\/index.php?rest_route=%2Fwp%2Fv2%2Ftags&post=594718"}],"curies":[{"name":"wp","href":"https:\/\/api.w.org\/{rel}","templated":true}]}}