{"id":594721,"date":"2023-04-27T21:56:44","date_gmt":"2023-04-27T17:56:44","guid":{"rendered":"https:\/\/arantv.az\/?p=594721"},"modified":"2023-04-27T21:56:44","modified_gmt":"2023-04-27T17:56:44","slug":"vardanyan-mubariz%c9%99-ucun-terror-d%c9%99st%c9%99si-yaradir-video","status":"publish","type":"post","link":"https:\/\/arantv.az\/?p=594721","title":{"rendered":"Vardanyan m\u00fcbariz\u0259 \u00fc\u00e7\u00fcn terror d\u0259st\u0259si yarad\u0131r &#8211; V\u0130DEO"},"content":{"rendered":"<article class=\"news\">\n<div class=\"news-inner\">\n<p>Baku TV-d\u0259\u00a0yay\u0131mlanan \u201cQaraba\u011f xronikas\u0131\u201d verili\u015finin yeni burax\u0131l\u0131\u015f\u0131 efir\u0259 gedib.<\/p>\n<p>Verili\u015fin apar\u0131c\u0131s\u0131, h\u0259rbi m\u00fcxbir F\u0259rdin \u0130sazad\u0259\u00a0Vardanyan m\u00fcbariz\u0259 \u00fc\u00e7\u00fcn terror d\u0259st\u0259si yaradmas\u0131 bar\u0259d\u0259 dan\u0131\u015f\u0131b.<\/p>\n<p>O qeyd edib ki, Ruben Vardanyan\u00a0Az\u0259rbaycan\u0131n La\u00e7\u0131n yolunun Erm\u0259nistanla birl\u0259\u015f\u0259n s\u0131f\u0131r n\u00f6qt\u0259sind\u0259 qurdu\u011fu s\u0259rh\u0259d-burax\u0131l\u0131\u015f m\u0259nt\u0259q\u0259si il\u0259 ba\u011fl\u0131 yayd\u0131\u011f\u0131 b\u0259yanat\u0131n ard\u0131ndan beyn\u0259lxalq axtar\u0131\u015fa verilm\u0259lidir.<\/p>\n<p>\u018ftrafl\u0131 verili\u015fi t\u0259qdim edirik:<\/p>\n<div><iframe loading=\"lazy\" title=\"YouTube video player\" src=\"https:\/\/www.youtube.com\/embed\/y_v0666r-3w\" width=\"560\" height=\"315\" frameborder=\"0\" allowfullscreen=\"allowfullscreen\" data-mce-fragment=\"1\"><\/iframe><\/div>\n<\/div>\n<\/article>\n","protected":false},"excerpt":{"rendered":"<p>Baku TV-d\u0259\u00a0yay\u0131mlanan \u201cQaraba\u011f xronikas\u0131\u201d verili\u015finin yeni burax\u0131l\u0131\u015f\u0131 efir\u0259 gedib. Verili\u015fin apar\u0131c\u0131s\u0131, h\u0259rbi m\u00fcxbir F\u0259rdin \u0130sazad\u0259\u00a0Vardanyan m\u00fcbariz\u0259 \u00fc\u00e7\u00fcn terror d\u0259st\u0259si yaradmas\u0131 bar\u0259d\u0259 dan\u0131\u015f\u0131b. O qeyd edib ki, Ruben Vardanyan\u00a0Az\u0259rbaycan\u0131n La\u00e7\u0131n yolunun Erm\u0259nistanla birl\u0259\u015f\u0259n s\u0131f\u0131r n\u00f6qt\u0259sind\u0259 qurdu\u011fu s\u0259rh\u0259d-burax\u0131l\u0131\u015f m\u0259nt\u0259q\u0259si il\u0259 ba\u011fl\u0131 yayd\u0131\u011f\u0131 b\u0259yanat\u0131n ard\u0131ndan beyn\u0259lxalq axtar\u0131\u015fa verilm\u0259lidir. \u018ftrafl\u0131 verili\u015fi t\u0259qdim edirik:<\/p>\n","protected":false},"author":2,"featured_media":594725,"comment_status":"closed","ping_status":"closed","sticky":false,"template":"","format":"standard","meta":{"om_disable_all_campaigns":false,"_monsterinsights_skip_tracking":false,"_monsterinsights_sitenote_active":false,"_monsterinsights_sitenote_note":"","_monsterinsights_sitenote_category":0},"categories":[4],"tags":[],"aioseo_notices":[],"gutentor_comment":0,"rttpg_featured_image_url":{"full":["https:\/\/arantv.az\/wp-content\/uploads\/2023\/04\/h4d56f4hd.jpg",620,413,false],"landscape":["https:\/\/arantv.az\/wp-content\/uploads\/2023\/04\/h4d56f4hd.jpg",620,413,false],"portraits":["https:\/\/arantv.az\/wp-content\/uploads\/2023\/04\/h4d56f4hd.jpg",620,413,false],"thumbnail":["https:\/\/arantv.az\/wp-content\/uploads\/2023\/04\/h4d56f4hd-500x280.jpg",500,280,true],"medium":["https:\/\/arantv.az\/wp-content\/uploads\/2023\/04\/h4d56f4hd-548x365.jpg",548,365,true],"large":["https:\/\/arantv.az\/wp-content\/uploads\/2023\/04\/h4d56f4hd.jpg",620,413,false],"1536x1536":["https:\/\/arantv.az\/wp-content\/uploads\/2023\/04\/h4d56f4hd.jpg",620,413,false],"2048x2048":["https:\/\/arantv.az\/wp-content\/uploads\/2023\/04\/h4d56f4hd.jpg",620,413,false],"post-thumbnail":["https:\/\/arantv.az\/wp-content\/uploads\/2023\/04\/h4d56f4hd-240x172.jpg",240,172,true],"advps-thumb-one":["https:\/\/arantv.az\/wp-content\/uploads\/2023\/04\/h4d56f4hd.jpg",620,413,false]},"rttpg_author":{"display_name":"V\u00fcsal Rafiqo\u011flu","author_link":"https:\/\/arantv.az\/?author=2"},"rttpg_comment":0,"rttpg_category":"<a href=\"https:\/\/arantv.az\/?cat=4\" rel=\"category\">Siyas\u0259t<\/a>","rttpg_excerpt":"Baku TV-d\u0259\u00a0yay\u0131mlanan \u201cQaraba\u011f xronikas\u0131\u201d verili\u015finin yeni burax\u0131l\u0131\u015f\u0131 efir\u0259 gedib. Verili\u015fin apar\u0131c\u0131s\u0131, h\u0259rbi m\u00fcxbir F\u0259rdin \u0130sazad\u0259\u00a0Vardanyan m\u00fcbariz\u0259 \u00fc\u00e7\u00fcn terror d\u0259st\u0259si yaradmas\u0131 bar\u0259d\u0259 dan\u0131\u015f\u0131b. O qeyd edib ki, Ruben Vardanyan\u00a0Az\u0259rbaycan\u0131n La\u00e7\u0131n yolunun Erm\u0259nistanla birl\u0259\u015f\u0259n s\u0131f\u0131r n\u00f6qt\u0259sind\u0259 qurdu\u011fu s\u0259rh\u0259d-burax\u0131l\u0131\u015f m\u0259nt\u0259q\u0259si il\u0259 ba\u011fl\u0131 yayd\u0131\u011f\u0131 b\u0259yanat\u0131n ard\u0131ndan beyn\u0259lxalq axtar\u0131\u015fa verilm\u0259lidir. \u018ftrafl\u0131 verili\u015fi t\u0259qdim edirik:","_links":{"self":[{"href":"https:\/\/arantv.az\/index.php?rest_route=\/wp\/v2\/posts\/594721"}],"collection":[{"href":"https:\/\/arantv.az\/index.php?rest_route=\/wp\/v2\/posts"}],"about":[{"href":"https:\/\/arantv.az\/index.php?rest_route=\/wp\/v2\/types\/post"}],"author":[{"embeddable":true,"href":"https:\/\/arantv.az\/index.php?rest_route=\/wp\/v2\/users\/2"}],"replies":[{"embeddable":true,"href":"https:\/\/arantv.az\/index.php?rest_route=%2Fwp%2Fv2%2Fcomments&post=594721"}],"version-history":[{"count":0,"href":"https:\/\/arantv.az\/index.php?rest_route=\/wp\/v2\/posts\/594721\/revisions"}],"wp:featuredmedia":[{"embeddable":true,"href":"https:\/\/arantv.az\/index.php?rest_route=\/wp\/v2\/media\/594725"}],"wp:attachment":[{"href":"https:\/\/arantv.az\/index.php?rest_route=%2Fwp%2Fv2%2Fmedia&parent=594721"}],"wp:term":[{"taxonomy":"category","embeddable":true,"href":"https:\/\/arantv.az\/index.php?rest_route=%2Fwp%2Fv2%2Fcategories&post=594721"},{"taxonomy":"post_tag","embeddable":true,"href":"https:\/\/arantv.az\/index.php?rest_route=%2Fwp%2Fv2%2Ftags&post=594721"}],"curies":[{"name":"wp","href":"https:\/\/api.w.org\/{rel}","templated":true}]}}