{"id":594724,"date":"2023-04-27T21:57:27","date_gmt":"2023-04-27T17:57:27","guid":{"rendered":"https:\/\/arantv.az\/?p=594724"},"modified":"2023-04-27T21:57:27","modified_gmt":"2023-04-27T17:57:27","slug":"az%c9%99rbaycanla-serbiya-strateji-t%c9%99r%c9%99fdasliga-%c9%99saslanan-%c9%99laq%c9%99l%c9%99rin-g%c9%99l%c9%99c%c9%99k-istiqam%c9%99tl%c9%99rini-muzakir%c9%99-edib","status":"publish","type":"post","link":"https:\/\/arantv.az\/?p=594724","title":{"rendered":"Az\u0259rbaycanla Serbiya strateji t\u0259r\u0259fda\u015fl\u0131\u011fa \u0259saslanan \u0259laq\u0259l\u0259rin g\u0259l\u0259c\u0259k istiqam\u0259tl\u0259rini m\u00fczakir\u0259 edib"},"content":{"rendered":"<p>\u018fm\u0259k v\u0259 \u0259halinin sosial m\u00fcdafi\u0259si naziri, Az\u0259rbaycanla Serbiya aras\u0131nda ticar\u0259t v\u0259 iqtisadi \u0259m\u0259kda\u015fl\u0131q \u00fczr\u0259 H\u00f6kum\u0259tl\u0259raras\u0131 Komissiyan\u0131n Az\u0259rbaycan t\u0259r\u0259find\u0259n h\u0259ms\u0259dri Sahil Babayevin ba\u015f\u00e7\u0131l\u0131q etdiyi n\u00fcmay\u0259nd\u0259 hey\u0259ti Komissiyan\u0131n n\u00f6vb\u0259ti iclas\u0131nda i\u015ftirak etm\u0259k \u00fc\u00e7\u00fcn Serbiyada s\u0259f\u0259rd\u0259dir.<\/p>\n<p>Bu bar\u0259d\u0259 \u018f\u018fMSN-d\u0259n m\u0259lumat verilib.<\/p>\n<p>Az\u0259rbaycan n\u00fcmay\u0259nd\u0259 hey\u0259ti Serbiyan\u0131n paytaxt\u0131 Belqrad \u015f\u0259h\u0259rind\u0259ki \u201cTa\u015fmaydan\u201d park\u0131na g\u0259l\u0259r\u0259k, \u00dcmummilli Lider Heyd\u0259r \u018fliyevin abid\u0259si \u00f6n\u00fcn\u0259 g\u00fcl d\u0259st\u0259l\u0259ri qoyub, xatir\u0259sini ehtiramla an\u0131blar.<\/p>\n<p>S\u0259f\u0259r \u00e7\u0259r\u00e7iv\u0259sind\u0259 Sahil Babayevl\u0259 Serbiyan\u0131n iqtisadiyyat naziri Rade Basta v\u0259 nazir Novitsa Ton\u00e7ev, daxili v\u0259 xarici ticar\u0259t naziri Tomislav Momirovi\u00e7, ail\u0259 rifah\u0131 v\u0259 demoqrafiya naziri Dariya Kisi\u00e7 v\u0259 \u0259m\u0259k, m\u0259\u015f\u011fulluq, veteran v\u0259 sosial m\u0259s\u0259l\u0259l\u0259r naziri, Az\u0259rbaycanla Serbiya aras\u0131nda ticar\u0259t v\u0259 iqtisadi \u0259m\u0259kda\u015fl\u0131q \u00fczr\u0259 H\u00f6kum\u0259tl\u0259raras\u0131 Komissiyan\u0131n Serbiya t\u0259r\u0259find\u0259n h\u0259ms\u0259dri Nikola Selakovi\u00e7 aras\u0131nda g\u00f6r\u00fc\u015fl\u0259r ke\u00e7irilib.<\/p>\n<p>G\u00f6r\u00fc\u015fl\u0259rd\u0259 Az\u0259rbaycan v\u0259 Serbiyan\u0131n d\u00f6vl\u0259t ba\u015f\u00e7\u0131lar\u0131n\u0131n siyasi irad\u0259si v\u0259 s\u0259yl\u0259ri il\u0259 iki \u00f6lk\u0259nin \u0259laq\u0259l\u0259rinin strateji t\u0259r\u0259fda\u015fl\u0131q s\u0259viyy\u0259sin\u0259 y\u00fcks\u0259ldiyi vur\u011fulan\u0131b. \u00d6lk\u0259l\u0259rimiz aras\u0131nda ticar\u0259t d\u00f6vriyy\u0259sinin artmaqda davam etdiyi, \u00f6t\u0259n d\u00f6vrd\u0259 imzalanan \u0259m\u0259kda\u015fl\u0131q s\u0259n\u0259dl\u0259rinin \u0259laq\u0259l\u0259rin y\u00fcks\u0259l\u0259n x\u0259tl\u0259 inki\u015faf\u0131na xidm\u0259t etdiyi bildirilib.<\/p>\n<p>H\u00f6kum\u0259tl\u0259raras\u0131 Komissiyan\u0131n n\u00f6vb\u0259ti 7-ci iclas\u0131n\u0131n g\u00fcnd\u0259liyi m\u00fczakir\u0259 olunub. Serbiyan\u0131n Qara d\u0259niz sualt\u0131 elektrik v\u0259 r\u0259q\u0259msal qo\u015fulma layih\u0259sin\u0259 c\u0259lb edilm\u0259si, ikit\u0259r\u0259fli v\u0259 tranzit y\u00fck ax\u0131n\u0131n\u0131n art\u0131r\u0131lmas\u0131, qar\u015f\u0131l\u0131ql\u0131 investisiyalar\u0131n t\u0259\u015fviqi, yeni layih\u0259l\u0259r \u0259sas\u0131nda \u0259m\u0259kda\u015fl\u0131\u011f\u0131n geni\u015fl\u0259ndirilm\u0259si m\u0259s\u0259l\u0259l\u0259rin\u0259 dair fikir m\u00fcbadil\u0259l\u0259ri apar\u0131l\u0131b.<\/p>\n<p>K\u0259nd t\u0259s\u0259rr\u00fcfat\u0131, n\u0259qliyyat, \u0259m\u0259k v\u0259 sosial m\u00fcdafi\u0259, m\u0259d\u0259niyy\u0259t, \u0130KT, turizm, t\u0259hsil v\u0259 s. sah\u0259l\u0259rd\u0259 \u0259laq\u0259l\u0259rin inki\u015faf etdirilm\u0259si m\u0259s\u0259l\u0259l\u0259ri m\u00fczakir\u0259 olunub, \u018fl\u0259t Azad \u0130qtisadi Zonas\u0131nin geni\u015f imkanlar\u0131 bar\u0259d\u0259 m\u0259lumat verilib, onun investorlar \u00fc\u00e7\u00fcn m\u00fch\u00fcm \u0259h\u0259miyy\u0259ti diqq\u0259t\u0259 \u00e7atd\u0131r\u0131l\u0131b.<\/p>\n<p>\u00d6lk\u0259mizd\u0259 apar\u0131lan sosial islahatlar, DOST t\u0259cr\u00fcb\u0259si, d\u00f6vl\u0259t sosial xidm\u0259tl\u0259rinin r\u0259q\u0259msalla\u015fd\u0131r\u0131lmas\u0131 sah\u0259sind\u0259 \u0259ld\u0259 edil\u0259n nailiyy\u0259tl\u0259r qeyd olunub, sosial sah\u0259d\u0259 \u0259m\u0259kda\u015fl\u0131\u011f\u0131n m\u00fcqavil\u0259-h\u00fcquq bazas\u0131n\u0131n geni\u015fl\u0259ndirilm\u0259si imkanlar\u0131 n\u0259z\u0259rd\u0259n ke\u00e7irilib.<\/p>\n<p>G\u00f6r\u00fc\u015fl\u0259rd\u0259 \u201cAz\u0259rbaycan Respublikas\u0131n\u0131n \u018fm\u0259k v\u0259 \u018fhalinin Sosial M\u00fcdafi\u0259si Nazirliyi il\u0259 Serbiya Respublikas\u0131n\u0131n \u018fm\u0259k, M\u0259\u015f\u011fulluq, Veteranlar v\u0259 Sosial \u0130\u015fl\u0259r Nazirliyi aras\u0131nda \u0259m\u0259k, m\u0259\u015f\u011fulluq v\u0259 sosial m\u00fcdafi\u0259 sah\u0259sind\u0259 Anla\u015fma Memorandumunun h\u0259yata ke\u00e7irilm\u0259sin\u0259 dair 2023-2024-c\u00fc ill\u0259r \u00fc\u00e7\u00fcn T\u0259dbirl\u0259r Plan\u0131\u201d v\u0259 \u201cAz\u0259rbaycan Respublikas\u0131n\u0131n \u018fm\u0259k v\u0259 \u018fhalinin Sosial M\u00fcdafi\u0259si Nazirliyi v\u0259 Serbiya Respublikas\u0131n\u0131n Ail\u0259 Rifah\u0131 v\u0259 Demoqrafiya Nazirliyi aras\u0131nda \u0259m\u0259kda\u015fl\u0131\u011fa dair Anla\u015fma Memorandumu\u201d imzalan\u0131b. H\u0259r iki s\u0259n\u0259dd\u0259 Nazirlikl\u0259r aras\u0131nda m\u00fcvafiq f\u0259aliyy\u0259t sah\u0259l\u0259rind\u0259 \u0259m\u0259kda\u015fl\u0131q istiqam\u0259tl\u0259ri, t\u0259cr\u00fcb\u0259 m\u00fcbadil\u0259l\u0259rinin apar\u0131lmas\u0131 \u0259ksini tap\u0131b.<\/p>\n","protected":false},"excerpt":{"rendered":"<p>\u018fm\u0259k v\u0259 \u0259halinin sosial m\u00fcdafi\u0259si naziri, Az\u0259rbaycanla Serbiya aras\u0131nda ticar\u0259t v\u0259 iqtisadi \u0259m\u0259kda\u015fl\u0131q \u00fczr\u0259 H\u00f6kum\u0259tl\u0259raras\u0131 Komissiyan\u0131n Az\u0259rbaycan t\u0259r\u0259find\u0259n h\u0259ms\u0259dri Sahil Babayevin ba\u015f\u00e7\u0131l\u0131q etdiyi n\u00fcmay\u0259nd\u0259 hey\u0259ti Komissiyan\u0131n n\u00f6vb\u0259ti iclas\u0131nda i\u015ftirak etm\u0259k \u00fc\u00e7\u00fcn Serbiyada s\u0259f\u0259rd\u0259dir. Bu bar\u0259d\u0259 \u018f\u018fMSN-d\u0259n m\u0259lumat verilib. Az\u0259rbaycan n\u00fcmay\u0259nd\u0259 hey\u0259ti Serbiyan\u0131n paytaxt\u0131 Belqrad \u015f\u0259h\u0259rind\u0259ki \u201cTa\u015fmaydan\u201d park\u0131na g\u0259l\u0259r\u0259k, \u00dcmummilli Lider Heyd\u0259r \u018fliyevin abid\u0259si \u00f6n\u00fcn\u0259 g\u00fcl d\u0259st\u0259l\u0259ri qoyub, xatir\u0259sini ehtiramla an\u0131blar. S\u0259f\u0259r \u00e7\u0259r\u00e7iv\u0259sind\u0259 Sahil Babayevl\u0259 Serbiyan\u0131n iqtisadiyyat naziri Rade Basta v\u0259 nazir Novitsa Ton\u00e7ev, daxili v\u0259 xarici ticar\u0259t naziri Tomislav Momirovi\u00e7, ail\u0259 rifah\u0131 v\u0259 demoqrafiya naziri Dariya Kisi\u00e7 v\u0259 \u0259m\u0259k, m\u0259\u015f\u011fulluq,&hellip;<\/p>\n","protected":false},"author":2,"featured_media":594728,"comment_status":"closed","ping_status":"closed","sticky":false,"template":"","format":"standard","meta":{"om_disable_all_campaigns":false,"_monsterinsights_skip_tracking":false,"_monsterinsights_sitenote_active":false,"_monsterinsights_sitenote_note":"","_monsterinsights_sitenote_category":0},"categories":[4],"tags":[],"aioseo_notices":[],"gutentor_comment":0,"rttpg_featured_image_url":{"full":["https:\/\/arantv.az\/wp-content\/uploads\/2023\/04\/98145fe6-dd62-3c28-ab74-d192131579f0_850.jpg",620,413,false],"landscape":["https:\/\/arantv.az\/wp-content\/uploads\/2023\/04\/98145fe6-dd62-3c28-ab74-d192131579f0_850.jpg",620,413,false],"portraits":["https:\/\/arantv.az\/wp-content\/uploads\/2023\/04\/98145fe6-dd62-3c28-ab74-d192131579f0_850.jpg",620,413,false],"thumbnail":["https:\/\/arantv.az\/wp-content\/uploads\/2023\/04\/98145fe6-dd62-3c28-ab74-d192131579f0_850-500x280.jpg",500,280,true],"medium":["https:\/\/arantv.az\/wp-content\/uploads\/2023\/04\/98145fe6-dd62-3c28-ab74-d192131579f0_850-548x365.jpg",548,365,true],"large":["https:\/\/arantv.az\/wp-content\/uploads\/2023\/04\/98145fe6-dd62-3c28-ab74-d192131579f0_850.jpg",620,413,false],"1536x1536":["https:\/\/arantv.az\/wp-content\/uploads\/2023\/04\/98145fe6-dd62-3c28-ab74-d192131579f0_850.jpg",620,413,false],"2048x2048":["https:\/\/arantv.az\/wp-content\/uploads\/2023\/04\/98145fe6-dd62-3c28-ab74-d192131579f0_850.jpg",620,413,false],"post-thumbnail":["https:\/\/arantv.az\/wp-content\/uploads\/2023\/04\/98145fe6-dd62-3c28-ab74-d192131579f0_850-240x172.jpg",240,172,true],"advps-thumb-one":["https:\/\/arantv.az\/wp-content\/uploads\/2023\/04\/98145fe6-dd62-3c28-ab74-d192131579f0_850.jpg",620,413,false]},"rttpg_author":{"display_name":"V\u00fcsal Rafiqo\u011flu","author_link":"https:\/\/arantv.az\/?author=2"},"rttpg_comment":0,"rttpg_category":"<a href=\"https:\/\/arantv.az\/?cat=4\" rel=\"category\">Siyas\u0259t<\/a>","rttpg_excerpt":"\u018fm\u0259k v\u0259 \u0259halinin sosial m\u00fcdafi\u0259si naziri, Az\u0259rbaycanla Serbiya aras\u0131nda ticar\u0259t v\u0259 iqtisadi \u0259m\u0259kda\u015fl\u0131q \u00fczr\u0259 H\u00f6kum\u0259tl\u0259raras\u0131 Komissiyan\u0131n Az\u0259rbaycan t\u0259r\u0259find\u0259n h\u0259ms\u0259dri Sahil Babayevin ba\u015f\u00e7\u0131l\u0131q etdiyi n\u00fcmay\u0259nd\u0259 hey\u0259ti Komissiyan\u0131n n\u00f6vb\u0259ti iclas\u0131nda i\u015ftirak etm\u0259k \u00fc\u00e7\u00fcn Serbiyada s\u0259f\u0259rd\u0259dir. Bu bar\u0259d\u0259 \u018f\u018fMSN-d\u0259n m\u0259lumat verilib. Az\u0259rbaycan n\u00fcmay\u0259nd\u0259 hey\u0259ti Serbiyan\u0131n paytaxt\u0131 Belqrad \u015f\u0259h\u0259rind\u0259ki \u201cTa\u015fmaydan\u201d park\u0131na g\u0259l\u0259r\u0259k, \u00dcmummilli Lider Heyd\u0259r \u018fliyevin abid\u0259si \u00f6n\u00fcn\u0259 g\u00fcl&hellip;","_links":{"self":[{"href":"https:\/\/arantv.az\/index.php?rest_route=\/wp\/v2\/posts\/594724"}],"collection":[{"href":"https:\/\/arantv.az\/index.php?rest_route=\/wp\/v2\/posts"}],"about":[{"href":"https:\/\/arantv.az\/index.php?rest_route=\/wp\/v2\/types\/post"}],"author":[{"embeddable":true,"href":"https:\/\/arantv.az\/index.php?rest_route=\/wp\/v2\/users\/2"}],"replies":[{"embeddable":true,"href":"https:\/\/arantv.az\/index.php?rest_route=%2Fwp%2Fv2%2Fcomments&post=594724"}],"version-history":[{"count":0,"href":"https:\/\/arantv.az\/index.php?rest_route=\/wp\/v2\/posts\/594724\/revisions"}],"wp:featuredmedia":[{"embeddable":true,"href":"https:\/\/arantv.az\/index.php?rest_route=\/wp\/v2\/media\/594728"}],"wp:attachment":[{"href":"https:\/\/arantv.az\/index.php?rest_route=%2Fwp%2Fv2%2Fmedia&parent=594724"}],"wp:term":[{"taxonomy":"category","embeddable":true,"href":"https:\/\/arantv.az\/index.php?rest_route=%2Fwp%2Fv2%2Fcategories&post=594724"},{"taxonomy":"post_tag","embeddable":true,"href":"https:\/\/arantv.az\/index.php?rest_route=%2Fwp%2Fv2%2Ftags&post=594724"}],"curies":[{"name":"wp","href":"https:\/\/api.w.org\/{rel}","templated":true}]}}