{"id":594727,"date":"2023-04-27T21:58:07","date_gmt":"2023-04-27T17:58:07","guid":{"rendered":"https:\/\/arantv.az\/?p=594727"},"modified":"2023-04-27T21:58:07","modified_gmt":"2023-04-27T17:58:07","slug":"haber-global-az%c9%99rbaycanda-keciril%c9%99n-7-ci-formula-1-yarislari-bar%c9%99d%c9%99-paylasim-etdi-video","status":"publish","type":"post","link":"https:\/\/arantv.az\/?p=594727","title":{"rendered":"\u201cHaber Global\u201d Az\u0259rbaycanda ke\u00e7iril\u0259n 7-ci \u201cFormula-1\u201d yar\u0131\u015flar\u0131 bar\u0259d\u0259 payla\u015f\u0131m etdi &#8211; V\u0130DEO"},"content":{"rendered":"<article class=\"news\">\n<div class=\"news-inner\">\n<p>\u201cHaber Global\u201d Az\u0259rbaycanda ke\u00e7iril\u0259n 7-ci \u201cFormula-1\u201d yar\u0131\u015flar\u0131 bar\u0259d\u0259 payla\u015f\u0131m edib.<\/p>\n<p>Payla\u015f\u0131mda \u201cFormula-1\u201d \u00fczr\u0259 D\u00fcnya \u00c7empionat\u0131na ev sahibliyi ed\u0259n Az\u0259rbaycan\u0131n paytaxt\u0131 Bak\u0131da bununla ba\u011fl\u0131 apar\u0131lan i\u015fl\u0259r bar\u0259d\u0259 m\u0259lumat verilib.<\/p>\n<p>Yar\u0131\u015fla ba\u011fl\u0131 t\u0259f\u0259rr\u00fcatlar sadalan\u0131b, Az\u0259rbaycan Qran Prisinin b\u00fct\u00fcn tribuna biletl\u0259rinin sat\u0131ld\u0131\u011f\u0131 vur\u011fulan\u0131b.<\/p>\n<p>Qeyd edilib ki, yar\u0131\u015flar\u0131 izl\u0259m\u0259k \u00fc\u00e7\u00fcn 100-d\u0259n \u00e7ox \u00f6lk\u0259d\u0259n s\u00fcr\u0259t h\u0259v\u0259skarlar\u0131, el\u0259c\u0259 d\u0259 yerli tama\u015fa\u00e7\u0131lar Bak\u0131ya g\u0259l\u0259c\u0259k.<\/p>\n<div>\n<div>\n<div>\n<div><iframe loading=\"lazy\" title=\"Dailymotion Video Player\" src=\"https:\/\/www.dailymotion.com\/embed\/video\/x8kgyai?autoplay=1\" width=\"100%\" height=\"100%\" frameborder=\"0\" allowfullscreen=\"allowfullscreen\" data-mce-fragment=\"1\"><\/iframe><\/div>\n<\/div>\n<\/div>\n<\/div>\n<\/div>\n<\/article>\n","protected":false},"excerpt":{"rendered":"<p>\u201cHaber Global\u201d Az\u0259rbaycanda ke\u00e7iril\u0259n 7-ci \u201cFormula-1\u201d yar\u0131\u015flar\u0131 bar\u0259d\u0259 payla\u015f\u0131m edib. Payla\u015f\u0131mda \u201cFormula-1\u201d \u00fczr\u0259 D\u00fcnya \u00c7empionat\u0131na ev sahibliyi ed\u0259n Az\u0259rbaycan\u0131n paytaxt\u0131 Bak\u0131da bununla ba\u011fl\u0131 apar\u0131lan i\u015fl\u0259r bar\u0259d\u0259 m\u0259lumat verilib. Yar\u0131\u015fla ba\u011fl\u0131 t\u0259f\u0259rr\u00fcatlar sadalan\u0131b, Az\u0259rbaycan Qran Prisinin b\u00fct\u00fcn tribuna biletl\u0259rinin sat\u0131ld\u0131\u011f\u0131 vur\u011fulan\u0131b. Qeyd edilib ki, yar\u0131\u015flar\u0131 izl\u0259m\u0259k \u00fc\u00e7\u00fcn 100-d\u0259n \u00e7ox \u00f6lk\u0259d\u0259n s\u00fcr\u0259t h\u0259v\u0259skarlar\u0131, el\u0259c\u0259 d\u0259 yerli tama\u015fa\u00e7\u0131lar Bak\u0131ya g\u0259l\u0259c\u0259k.<\/p>\n","protected":false},"author":2,"featured_media":594730,"comment_status":"closed","ping_status":"closed","sticky":false,"template":"","format":"standard","meta":{"om_disable_all_campaigns":false,"_monsterinsights_skip_tracking":false,"_monsterinsights_sitenote_active":false,"_monsterinsights_sitenote_note":"","_monsterinsights_sitenote_category":0},"categories":[1],"tags":[],"aioseo_notices":[],"gutentor_comment":0,"rttpg_featured_image_url":{"full":["https:\/\/arantv.az\/wp-content\/uploads\/2023\/04\/FotoJet-33-3.jpg",620,413,false],"landscape":["https:\/\/arantv.az\/wp-content\/uploads\/2023\/04\/FotoJet-33-3.jpg",620,413,false],"portraits":["https:\/\/arantv.az\/wp-content\/uploads\/2023\/04\/FotoJet-33-3.jpg",620,413,false],"thumbnail":["https:\/\/arantv.az\/wp-content\/uploads\/2023\/04\/FotoJet-33-3-500x280.jpg",500,280,true],"medium":["https:\/\/arantv.az\/wp-content\/uploads\/2023\/04\/FotoJet-33-3-548x365.jpg",548,365,true],"large":["https:\/\/arantv.az\/wp-content\/uploads\/2023\/04\/FotoJet-33-3.jpg",620,413,false],"1536x1536":["https:\/\/arantv.az\/wp-content\/uploads\/2023\/04\/FotoJet-33-3.jpg",620,413,false],"2048x2048":["https:\/\/arantv.az\/wp-content\/uploads\/2023\/04\/FotoJet-33-3.jpg",620,413,false],"post-thumbnail":["https:\/\/arantv.az\/wp-content\/uploads\/2023\/04\/FotoJet-33-3-240x172.jpg",240,172,true],"advps-thumb-one":["https:\/\/arantv.az\/wp-content\/uploads\/2023\/04\/FotoJet-33-3.jpg",620,413,false]},"rttpg_author":{"display_name":"V\u00fcsal Rafiqo\u011flu","author_link":"https:\/\/arantv.az\/?author=2"},"rttpg_comment":0,"rttpg_category":"<a href=\"https:\/\/arantv.az\/?cat=1\" rel=\"category\">C\u0259miyy\u0259t<\/a>","rttpg_excerpt":"\u201cHaber Global\u201d Az\u0259rbaycanda ke\u00e7iril\u0259n 7-ci \u201cFormula-1\u201d yar\u0131\u015flar\u0131 bar\u0259d\u0259 payla\u015f\u0131m edib. Payla\u015f\u0131mda \u201cFormula-1\u201d \u00fczr\u0259 D\u00fcnya \u00c7empionat\u0131na ev sahibliyi ed\u0259n Az\u0259rbaycan\u0131n paytaxt\u0131 Bak\u0131da bununla ba\u011fl\u0131 apar\u0131lan i\u015fl\u0259r bar\u0259d\u0259 m\u0259lumat verilib. Yar\u0131\u015fla ba\u011fl\u0131 t\u0259f\u0259rr\u00fcatlar sadalan\u0131b, Az\u0259rbaycan Qran Prisinin b\u00fct\u00fcn tribuna biletl\u0259rinin sat\u0131ld\u0131\u011f\u0131 vur\u011fulan\u0131b. Qeyd edilib ki, yar\u0131\u015flar\u0131 izl\u0259m\u0259k \u00fc\u00e7\u00fcn 100-d\u0259n \u00e7ox \u00f6lk\u0259d\u0259n s\u00fcr\u0259t h\u0259v\u0259skarlar\u0131, el\u0259c\u0259 d\u0259 yerli tama\u015fa\u00e7\u0131lar&hellip;","_links":{"self":[{"href":"https:\/\/arantv.az\/index.php?rest_route=\/wp\/v2\/posts\/594727"}],"collection":[{"href":"https:\/\/arantv.az\/index.php?rest_route=\/wp\/v2\/posts"}],"about":[{"href":"https:\/\/arantv.az\/index.php?rest_route=\/wp\/v2\/types\/post"}],"author":[{"embeddable":true,"href":"https:\/\/arantv.az\/index.php?rest_route=\/wp\/v2\/users\/2"}],"replies":[{"embeddable":true,"href":"https:\/\/arantv.az\/index.php?rest_route=%2Fwp%2Fv2%2Fcomments&post=594727"}],"version-history":[{"count":0,"href":"https:\/\/arantv.az\/index.php?rest_route=\/wp\/v2\/posts\/594727\/revisions"}],"wp:featuredmedia":[{"embeddable":true,"href":"https:\/\/arantv.az\/index.php?rest_route=\/wp\/v2\/media\/594730"}],"wp:attachment":[{"href":"https:\/\/arantv.az\/index.php?rest_route=%2Fwp%2Fv2%2Fmedia&parent=594727"}],"wp:term":[{"taxonomy":"category","embeddable":true,"href":"https:\/\/arantv.az\/index.php?rest_route=%2Fwp%2Fv2%2Fcategories&post=594727"},{"taxonomy":"post_tag","embeddable":true,"href":"https:\/\/arantv.az\/index.php?rest_route=%2Fwp%2Fv2%2Ftags&post=594727"}],"curies":[{"name":"wp","href":"https:\/\/api.w.org\/{rel}","templated":true}]}}