{"id":594733,"date":"2023-04-27T21:59:01","date_gmt":"2023-04-27T17:59:01","guid":{"rendered":"https:\/\/arantv.az\/?p=594733"},"modified":"2023-04-27T21:59:01","modified_gmt":"2023-04-27T17:59:01","slug":"ir%c9%99vanda-qizil-medal-qazanmis-turkiy%c9%99li-atletl%c9%99r-f%c9%99xri-xiyabanda-olublar-foto","status":"publish","type":"post","link":"https:\/\/arantv.az\/?p=594733","title":{"rendered":"\u0130r\u0259vanda q\u0131z\u0131l medal qazanm\u0131\u015f t\u00fcrkiy\u0259li atletl\u0259r F\u0259xri xiyabanda olublar &#8211; FOTO"},"content":{"rendered":"<p>Erm\u0259nistan\u0131n paytaxt\u0131 \u0130r\u0259vandak\u0131 a\u011f\u0131rl\u0131qqald\u0131rma \u00fczr\u0259 Avropa \u00e7empionat\u0131nda q\u0131z\u0131l medal qazanm\u0131\u015f t\u00fcrkiy\u0259li atletl\u0259r Nuray G\u00fcng\u00f6r, Cansu Bekta\u015f, Yusuf Fehmi Genc v\u0259 g\u00fcm\u00fc\u015f m\u00fckafat\u00e7\u0131 Qamze Altun F\u0259xri xiyabanda olublar.<\/p>\n<p><b>ARANTV.AZ <\/b>x\u0259b\u0259r verir ki, onlar xalq\u0131m\u0131z\u0131n \u00fcmummilli lideri Heyd\u0259r \u018fliyevin m\u0259zar\u0131n\u0131 ziyar\u0259t edibl\u0259r.<\/p>\n<p><strong>PhotoStock.az<\/strong>-\u0131n lent\u0259 ald\u0131\u011f\u0131 g\u00f6r\u00fcnt\u00fcl\u0259ri t\u0259qdim edirik:<\/p>\n<p>&nbsp;<\/p>\n<div class=\"gallery\">\n<div class=\"gallery-i\"><img src=\"https:\/\/cdn.oxu.az\/uploads\/W1siZiIsIjIwMjMvMDQvMjcvMTkvMjgvNDkvNDQyNDRmMDUtYmQ1YS00NjdmLWIyZTMtM2NiYTQ5NWU3NDM0LzM0MzQ4NjIzN18xOTY2OTA2Mjk4MzU5MTFfNTA3Mzk5NTUyOTI0ODcwMTI3MF9uLmpwZyJdLFsicCIsImVuY29kZSIsImpwZyIsIi1xdWFsaXR5IDgwIl0sWyJwIiwidGh1bWIiLCI1OTB4NTkwXHUwMDNlIl1d?sha=b8f5c9bb09e1c350\" alt=\"\" \/><\/p>\n<div class=\"gallery-i-caption\"><\/div>\n<\/div>\n<div class=\"gallery-i\"><img src=\"https:\/\/cdn.oxu.az\/uploads\/W1siZiIsIjIwMjMvMDQvMjcvMTkvNTIvNTUvOGUxYjBlNTgtNmE3OC00ZDNlLTk3MjQtMzVlMzUzYTM2YzM4LzM0MzQzNDM0MF82NDUyNzQ4MDA3NjA1NThfNTkzNTgxMDI3MzM2NDYxOTQ4OF9uLmpwZyJdLFsicCIsImVuY29kZSIsImpwZyIsIi1xdWFsaXR5IDgwIl0sWyJwIiwidGh1bWIiLCI1OTB4NTkwXHUwMDNlIl1d?sha=d0119a853ee3bea5\" alt=\"\" \/><\/div>\n<\/div>\n","protected":false},"excerpt":{"rendered":"<p>Erm\u0259nistan\u0131n paytaxt\u0131 \u0130r\u0259vandak\u0131 a\u011f\u0131rl\u0131qqald\u0131rma \u00fczr\u0259 Avropa \u00e7empionat\u0131nda q\u0131z\u0131l medal qazanm\u0131\u015f t\u00fcrkiy\u0259li atletl\u0259r Nuray G\u00fcng\u00f6r, Cansu Bekta\u015f, Yusuf Fehmi Genc v\u0259 g\u00fcm\u00fc\u015f m\u00fckafat\u00e7\u0131 Qamze Altun F\u0259xri xiyabanda olublar. ARANTV.AZ x\u0259b\u0259r verir ki, onlar xalq\u0131m\u0131z\u0131n \u00fcmummilli lideri Heyd\u0259r \u018fliyevin m\u0259zar\u0131n\u0131 ziyar\u0259t edibl\u0259r. PhotoStock.az-\u0131n lent\u0259 ald\u0131\u011f\u0131 g\u00f6r\u00fcnt\u00fcl\u0259ri t\u0259qdim edirik: &nbsp;<\/p>\n","protected":false},"author":2,"featured_media":594736,"comment_status":"closed","ping_status":"closed","sticky":false,"template":"","format":"standard","meta":{"om_disable_all_campaigns":false,"_monsterinsights_skip_tracking":false,"_monsterinsights_sitenote_active":false,"_monsterinsights_sitenote_note":"","_monsterinsights_sitenote_category":0},"categories":[4],"tags":[],"aioseo_notices":[],"gutentor_comment":0,"rttpg_featured_image_url":{"full":["https:\/\/arantv.az\/wp-content\/uploads\/2023\/04\/343410562_1659109431197984_8933559620263601811_n.jpg",620,413,false],"landscape":["https:\/\/arantv.az\/wp-content\/uploads\/2023\/04\/343410562_1659109431197984_8933559620263601811_n.jpg",620,413,false],"portraits":["https:\/\/arantv.az\/wp-content\/uploads\/2023\/04\/343410562_1659109431197984_8933559620263601811_n.jpg",620,413,false],"thumbnail":["https:\/\/arantv.az\/wp-content\/uploads\/2023\/04\/343410562_1659109431197984_8933559620263601811_n-500x280.jpg",500,280,true],"medium":["https:\/\/arantv.az\/wp-content\/uploads\/2023\/04\/343410562_1659109431197984_8933559620263601811_n-548x365.jpg",548,365,true],"large":["https:\/\/arantv.az\/wp-content\/uploads\/2023\/04\/343410562_1659109431197984_8933559620263601811_n.jpg",620,413,false],"1536x1536":["https:\/\/arantv.az\/wp-content\/uploads\/2023\/04\/343410562_1659109431197984_8933559620263601811_n.jpg",620,413,false],"2048x2048":["https:\/\/arantv.az\/wp-content\/uploads\/2023\/04\/343410562_1659109431197984_8933559620263601811_n.jpg",620,413,false],"post-thumbnail":["https:\/\/arantv.az\/wp-content\/uploads\/2023\/04\/343410562_1659109431197984_8933559620263601811_n-240x172.jpg",240,172,true],"advps-thumb-one":["https:\/\/arantv.az\/wp-content\/uploads\/2023\/04\/343410562_1659109431197984_8933559620263601811_n.jpg",620,413,false]},"rttpg_author":{"display_name":"V\u00fcsal Rafiqo\u011flu","author_link":"https:\/\/arantv.az\/?author=2"},"rttpg_comment":0,"rttpg_category":"<a href=\"https:\/\/arantv.az\/?cat=4\" rel=\"category\">Siyas\u0259t<\/a>","rttpg_excerpt":"Erm\u0259nistan\u0131n paytaxt\u0131 \u0130r\u0259vandak\u0131 a\u011f\u0131rl\u0131qqald\u0131rma \u00fczr\u0259 Avropa \u00e7empionat\u0131nda q\u0131z\u0131l medal qazanm\u0131\u015f t\u00fcrkiy\u0259li atletl\u0259r Nuray G\u00fcng\u00f6r, Cansu Bekta\u015f, Yusuf Fehmi Genc v\u0259 g\u00fcm\u00fc\u015f m\u00fckafat\u00e7\u0131 Qamze Altun F\u0259xri xiyabanda olublar. ARANTV.AZ x\u0259b\u0259r verir ki, onlar xalq\u0131m\u0131z\u0131n \u00fcmummilli lideri Heyd\u0259r \u018fliyevin m\u0259zar\u0131n\u0131 ziyar\u0259t edibl\u0259r. PhotoStock.az-\u0131n lent\u0259 ald\u0131\u011f\u0131 g\u00f6r\u00fcnt\u00fcl\u0259ri t\u0259qdim edirik: &nbsp;","_links":{"self":[{"href":"https:\/\/arantv.az\/index.php?rest_route=\/wp\/v2\/posts\/594733"}],"collection":[{"href":"https:\/\/arantv.az\/index.php?rest_route=\/wp\/v2\/posts"}],"about":[{"href":"https:\/\/arantv.az\/index.php?rest_route=\/wp\/v2\/types\/post"}],"author":[{"embeddable":true,"href":"https:\/\/arantv.az\/index.php?rest_route=\/wp\/v2\/users\/2"}],"replies":[{"embeddable":true,"href":"https:\/\/arantv.az\/index.php?rest_route=%2Fwp%2Fv2%2Fcomments&post=594733"}],"version-history":[{"count":0,"href":"https:\/\/arantv.az\/index.php?rest_route=\/wp\/v2\/posts\/594733\/revisions"}],"wp:featuredmedia":[{"embeddable":true,"href":"https:\/\/arantv.az\/index.php?rest_route=\/wp\/v2\/media\/594736"}],"wp:attachment":[{"href":"https:\/\/arantv.az\/index.php?rest_route=%2Fwp%2Fv2%2Fmedia&parent=594733"}],"wp:term":[{"taxonomy":"category","embeddable":true,"href":"https:\/\/arantv.az\/index.php?rest_route=%2Fwp%2Fv2%2Fcategories&post=594733"},{"taxonomy":"post_tag","embeddable":true,"href":"https:\/\/arantv.az\/index.php?rest_route=%2Fwp%2Fv2%2Ftags&post=594733"}],"curies":[{"name":"wp","href":"https:\/\/api.w.org\/{rel}","templated":true}]}}