{"id":594735,"date":"2023-04-27T21:59:46","date_gmt":"2023-04-27T17:59:46","guid":{"rendered":"https:\/\/arantv.az\/?p=594735"},"modified":"2023-04-27T21:59:46","modified_gmt":"2023-04-27T17:59:46","slug":"b%c9%99zi-dagliq-v%c9%99-dag%c9%99t%c9%99yi-rayonlarda-sims%c9%99k-caxacaq-dolu-dus%c9%99c%c9%99k-x%c9%99b%c9%99rdarliq","status":"publish","type":"post","link":"https:\/\/arantv.az\/?p=594735","title":{"rendered":"B\u0259zi da\u011fl\u0131q v\u0259 da\u011f\u0259t\u0259yi rayonlarda \u015fim\u015f\u0259k \u00e7axacaq, dolu d\u00fc\u015f\u0259c\u0259k &#8211; X\u018fB\u018fRDARLIQ"},"content":{"rendered":"<p>Aprelin 28-29-da \u0259sas\u0259n g\u00fcnd\u00fcz saatlar\u0131nda Az\u0259rbaycan\u0131n b\u0259zi da\u011fl\u0131q v\u0259 da\u011f\u0259t\u0259yi rayonlarda hava \u015f\u0259raitinin arabir ya\u011f\u0131nt\u0131l\u0131 olaca\u011f\u0131 g\u00f6zl\u0259nilir.<\/p>\n<p>Bu bar\u0259d\u0259\u00a0Ekologiya v\u0259 T\u0259bii S\u0259rv\u0259tl\u0259r Nazirliyinin Milli Hidrometeorologiya Xidm\u0259tind\u0259n m\u0259lumat verilib.<\/p>\n<p>Bildirilib ki, ya\u011f\u0131nt\u0131n\u0131n ayr\u0131-ayr\u0131 yerl\u0259rd\u0259 intensiv olaca\u011f\u0131, \u015fim\u015f\u0259k \u00e7axaca\u011f\u0131, dolu d\u00fc\u015f\u0259c\u0259yi, y\u00fcks\u0259k da\u011fl\u0131q \u0259razil\u0259rd\u0259 sulu qar ya\u011faca\u011f\u0131 ehtimal\u0131 var.<\/p>\n<p>\u015e\u0259rq k\u00fcl\u0259yi aprelin 30-da b\u0259zi yerl\u0259rd\u0259 arabir 18-23 m\/s-d\u0259k g\u00fccl\u0259n\u0259c\u0259k. \u00c7aylarda sululu\u011fun artaca\u011f\u0131 ehtimal\u0131 var.<\/p>\n","protected":false},"excerpt":{"rendered":"<p>Aprelin 28-29-da \u0259sas\u0259n g\u00fcnd\u00fcz saatlar\u0131nda Az\u0259rbaycan\u0131n b\u0259zi da\u011fl\u0131q v\u0259 da\u011f\u0259t\u0259yi rayonlarda hava \u015f\u0259raitinin arabir ya\u011f\u0131nt\u0131l\u0131 olaca\u011f\u0131 g\u00f6zl\u0259nilir. Bu bar\u0259d\u0259\u00a0Ekologiya v\u0259 T\u0259bii S\u0259rv\u0259tl\u0259r Nazirliyinin Milli Hidrometeorologiya Xidm\u0259tind\u0259n m\u0259lumat verilib. Bildirilib ki, ya\u011f\u0131nt\u0131n\u0131n ayr\u0131-ayr\u0131 yerl\u0259rd\u0259 intensiv olaca\u011f\u0131, \u015fim\u015f\u0259k \u00e7axaca\u011f\u0131, dolu d\u00fc\u015f\u0259c\u0259yi, y\u00fcks\u0259k da\u011fl\u0131q \u0259razil\u0259rd\u0259 sulu qar ya\u011faca\u011f\u0131 ehtimal\u0131 var. \u015e\u0259rq k\u00fcl\u0259yi aprelin 30-da b\u0259zi yerl\u0259rd\u0259 arabir 18-23 m\/s-d\u0259k g\u00fccl\u0259n\u0259c\u0259k. \u00c7aylarda sululu\u011fun artaca\u011f\u0131 ehtimal\u0131 var.<\/p>\n","protected":false},"author":2,"featured_media":594739,"comment_status":"closed","ping_status":"closed","sticky":false,"template":"","format":"standard","meta":{"om_disable_all_campaigns":false,"_monsterinsights_skip_tracking":false,"_monsterinsights_sitenote_active":false,"_monsterinsights_sitenote_note":"","_monsterinsights_sitenote_category":0},"categories":[22],"tags":[],"aioseo_notices":[],"gutentor_comment":0,"rttpg_featured_image_url":{"full":["https:\/\/arantv.az\/wp-content\/uploads\/2023\/04\/qusara-guclu-dolu-yagdi-t-s-rrufata-ciddi-ziyan-d-ydi-video-fotolar-1.jpg",620,413,false],"landscape":["https:\/\/arantv.az\/wp-content\/uploads\/2023\/04\/qusara-guclu-dolu-yagdi-t-s-rrufata-ciddi-ziyan-d-ydi-video-fotolar-1.jpg",620,413,false],"portraits":["https:\/\/arantv.az\/wp-content\/uploads\/2023\/04\/qusara-guclu-dolu-yagdi-t-s-rrufata-ciddi-ziyan-d-ydi-video-fotolar-1.jpg",620,413,false],"thumbnail":["https:\/\/arantv.az\/wp-content\/uploads\/2023\/04\/qusara-guclu-dolu-yagdi-t-s-rrufata-ciddi-ziyan-d-ydi-video-fotolar-1-500x280.jpg",500,280,true],"medium":["https:\/\/arantv.az\/wp-content\/uploads\/2023\/04\/qusara-guclu-dolu-yagdi-t-s-rrufata-ciddi-ziyan-d-ydi-video-fotolar-1-548x365.jpg",548,365,true],"large":["https:\/\/arantv.az\/wp-content\/uploads\/2023\/04\/qusara-guclu-dolu-yagdi-t-s-rrufata-ciddi-ziyan-d-ydi-video-fotolar-1.jpg",620,413,false],"1536x1536":["https:\/\/arantv.az\/wp-content\/uploads\/2023\/04\/qusara-guclu-dolu-yagdi-t-s-rrufata-ciddi-ziyan-d-ydi-video-fotolar-1.jpg",620,413,false],"2048x2048":["https:\/\/arantv.az\/wp-content\/uploads\/2023\/04\/qusara-guclu-dolu-yagdi-t-s-rrufata-ciddi-ziyan-d-ydi-video-fotolar-1.jpg",620,413,false],"post-thumbnail":["https:\/\/arantv.az\/wp-content\/uploads\/2023\/04\/qusara-guclu-dolu-yagdi-t-s-rrufata-ciddi-ziyan-d-ydi-video-fotolar-1-240x172.jpg",240,172,true],"advps-thumb-one":["https:\/\/arantv.az\/wp-content\/uploads\/2023\/04\/qusara-guclu-dolu-yagdi-t-s-rrufata-ciddi-ziyan-d-ydi-video-fotolar-1.jpg",620,413,false]},"rttpg_author":{"display_name":"V\u00fcsal Rafiqo\u011flu","author_link":"https:\/\/arantv.az\/?author=2"},"rttpg_comment":0,"rttpg_category":"<a href=\"https:\/\/arantv.az\/?cat=22\" rel=\"category\">Hava<\/a>","rttpg_excerpt":"Aprelin 28-29-da \u0259sas\u0259n g\u00fcnd\u00fcz saatlar\u0131nda Az\u0259rbaycan\u0131n b\u0259zi da\u011fl\u0131q v\u0259 da\u011f\u0259t\u0259yi rayonlarda hava \u015f\u0259raitinin arabir ya\u011f\u0131nt\u0131l\u0131 olaca\u011f\u0131 g\u00f6zl\u0259nilir. Bu bar\u0259d\u0259\u00a0Ekologiya v\u0259 T\u0259bii S\u0259rv\u0259tl\u0259r Nazirliyinin Milli Hidrometeorologiya Xidm\u0259tind\u0259n m\u0259lumat verilib. Bildirilib ki, ya\u011f\u0131nt\u0131n\u0131n ayr\u0131-ayr\u0131 yerl\u0259rd\u0259 intensiv olaca\u011f\u0131, \u015fim\u015f\u0259k \u00e7axaca\u011f\u0131, dolu d\u00fc\u015f\u0259c\u0259yi, y\u00fcks\u0259k da\u011fl\u0131q \u0259razil\u0259rd\u0259 sulu qar ya\u011faca\u011f\u0131 ehtimal\u0131 var. \u015e\u0259rq k\u00fcl\u0259yi aprelin 30-da b\u0259zi yerl\u0259rd\u0259 arabir 18-23&hellip;","_links":{"self":[{"href":"https:\/\/arantv.az\/index.php?rest_route=\/wp\/v2\/posts\/594735"}],"collection":[{"href":"https:\/\/arantv.az\/index.php?rest_route=\/wp\/v2\/posts"}],"about":[{"href":"https:\/\/arantv.az\/index.php?rest_route=\/wp\/v2\/types\/post"}],"author":[{"embeddable":true,"href":"https:\/\/arantv.az\/index.php?rest_route=\/wp\/v2\/users\/2"}],"replies":[{"embeddable":true,"href":"https:\/\/arantv.az\/index.php?rest_route=%2Fwp%2Fv2%2Fcomments&post=594735"}],"version-history":[{"count":0,"href":"https:\/\/arantv.az\/index.php?rest_route=\/wp\/v2\/posts\/594735\/revisions"}],"wp:featuredmedia":[{"embeddable":true,"href":"https:\/\/arantv.az\/index.php?rest_route=\/wp\/v2\/media\/594739"}],"wp:attachment":[{"href":"https:\/\/arantv.az\/index.php?rest_route=%2Fwp%2Fv2%2Fmedia&parent=594735"}],"wp:term":[{"taxonomy":"category","embeddable":true,"href":"https:\/\/arantv.az\/index.php?rest_route=%2Fwp%2Fv2%2Fcategories&post=594735"},{"taxonomy":"post_tag","embeddable":true,"href":"https:\/\/arantv.az\/index.php?rest_route=%2Fwp%2Fv2%2Ftags&post=594735"}],"curies":[{"name":"wp","href":"https:\/\/api.w.org\/{rel}","templated":true}]}}