{"id":594748,"date":"2023-04-27T22:03:15","date_gmt":"2023-04-27T18:03:15","guid":{"rendered":"https:\/\/arantv.az\/?p=594748"},"modified":"2023-04-27T22:03:15","modified_gmt":"2023-04-27T18:03:15","slug":"naxcivan-prokurorlugunun-%c9%99m%c9%99kdaslari-heyd%c9%99r-%c9%99liyevin-adini-dasiyan-muzeyi-ziyar%c9%99t-edib-foto","status":"publish","type":"post","link":"https:\/\/arantv.az\/?p=594748","title":{"rendered":"Nax\u00e7\u0131van Prokurorlu\u011funun \u0259m\u0259kda\u015flar\u0131 Heyd\u0259r \u018fliyevin ad\u0131n\u0131 da\u015f\u0131yan muzeyi ziyar\u0259t edib &#8211; FOTO"},"content":{"rendered":"<p>Nax\u00e7\u0131van Muxtar Respublikas\u0131 Prokurorlu\u011fu v\u0259 Nax\u00e7\u0131van Muxtar Respublikas\u0131 H\u0259rbi prokurorlu\u011funun \u0259m\u0259kda\u015flar\u0131 Az\u0259rbaycan Respublikas\u0131nda 2023-c\u00fc ilin \u201cHeyd\u0259r \u018fliyev \u0130li\u201d elan edilm\u0259si il\u0259 \u0259laq\u0259dar aprelin 27-d\u0259 Nax\u00e7\u0131van \u015f\u0259h\u0259rind\u0259 yerl\u0259\u015f\u0259n Heyd\u0259r \u018fliyev Muzeyini ziyar\u0259t edib.<\/p>\n<p>Bu bar\u0259d\u0259\u00a0Ba\u015f Prokurorlu\u011fun M\u0259tbuat xidm\u0259tind\u0259n bildirilib.<\/p>\n<p>Muzeyd\u0259 dahi liderin h\u0259yat v\u0259 f\u0259aliyy\u0259tini, z\u0259ngin d\u00f6vl\u0259t\u00e7ilik irsini \u00f6z\u00fcnd\u0259 t\u0259c\u0259ss\u00fcm etdir\u0259n materiallarla yana\u015f\u0131, \u00dcmummilli Lider\u0259 m\u0259xsus \u015f\u0259xsi \u0259\u015fyalar v\u0259 dig\u0259r m\u00fch\u00fcm eksponatlarla tan\u0131\u015f olublar.<\/p>\n<p>Sonda xatir\u0259 foto\u015f\u0259kili \u00e7\u0259kdirilib.<\/p>\n<p>&nbsp;<\/p>\n<div class=\"gallery\">\n<div class=\"gallery-i\"><img src=\"https:\/\/cdn.oxu.az\/uploads\/W1siZiIsIjIwMjMvMDQvMjcvMTgvMTgvMzUvZTlmZGVjYzctMTUxOS00NzY5LWE5NGItMWQ3NTUwMzYzNzBhLzFkNmY3NTQyLTg4YjctM2UwZC04NDU5LWU3NGExNTM1NzEzZS5qcGciXSxbInAiLCJlbmNvZGUiLCJqcGciLCItcXVhbGl0eSA4MCJdLFsicCIsInRodW1iIiwiNTkweDU5MFx1MDAzZSJdXQ?sha=a3ea9471e45aa95e\" alt=\"\" \/><\/p>\n<div class=\"gallery-i-caption\"><\/div>\n<\/div>\n<div class=\"gallery-i\"><img src=\"https:\/\/cdn.oxu.az\/uploads\/W1siZiIsIjIwMjMvMDQvMjcvMTgvMTgvMzYvNTY5ZTBmNGUtY2M4OC00ZjViLThhNTgtNThjMjFlYmQxMjE4L2NlNDY4MDlmLWFmNmQtMzlhOS04NGNmLWQxYjhmN2YyZDY0Mi5qcGciXSxbInAiLCJlbmNvZGUiLCJqcGciLCItcXVhbGl0eSA4MCJdLFsicCIsInRodW1iIiwiNTkweDU5MFx1MDAzZSJdXQ?sha=9dccb4b1cf131c0d\" alt=\"\" \/><\/p>\n<div class=\"gallery-i-caption\"><\/div>\n<\/div>\n<div class=\"gallery-i\"><img src=\"https:\/\/cdn.oxu.az\/uploads\/W1siZiIsIjIwMjMvMDQvMjcvMTgvMTgvMzYvNDM1YmQzZGYtOGVlNi00YmQ5LTg4ZWYtZDE2NDc4MTQxYTJhLzIxZDEyZjBkLTI0NDItM2Y5Yi1iODU0LWU4NmI1NWU0YzRlOC5qcGciXSxbInAiLCJlbmNvZGUiLCJqcGciLCItcXVhbGl0eSA4MCJdLFsicCIsInRodW1iIiwiNTkweDU5MFx1MDAzZSJdXQ?sha=2321b546a88213d5\" alt=\"\" \/><\/div>\n<\/div>\n","protected":false},"excerpt":{"rendered":"<p>Nax\u00e7\u0131van Muxtar Respublikas\u0131 Prokurorlu\u011fu v\u0259 Nax\u00e7\u0131van Muxtar Respublikas\u0131 H\u0259rbi prokurorlu\u011funun \u0259m\u0259kda\u015flar\u0131 Az\u0259rbaycan Respublikas\u0131nda 2023-c\u00fc ilin \u201cHeyd\u0259r \u018fliyev \u0130li\u201d elan edilm\u0259si il\u0259 \u0259laq\u0259dar aprelin 27-d\u0259 Nax\u00e7\u0131van \u015f\u0259h\u0259rind\u0259 yerl\u0259\u015f\u0259n Heyd\u0259r \u018fliyev Muzeyini ziyar\u0259t edib. Bu bar\u0259d\u0259\u00a0Ba\u015f Prokurorlu\u011fun M\u0259tbuat xidm\u0259tind\u0259n bildirilib. Muzeyd\u0259 dahi liderin h\u0259yat v\u0259 f\u0259aliyy\u0259tini, z\u0259ngin d\u00f6vl\u0259t\u00e7ilik irsini \u00f6z\u00fcnd\u0259 t\u0259c\u0259ss\u00fcm etdir\u0259n materiallarla yana\u015f\u0131, \u00dcmummilli Lider\u0259 m\u0259xsus \u015f\u0259xsi \u0259\u015fyalar v\u0259 dig\u0259r m\u00fch\u00fcm eksponatlarla tan\u0131\u015f olublar. Sonda xatir\u0259 foto\u015f\u0259kili \u00e7\u0259kdirilib. &nbsp;<\/p>\n","protected":false},"author":2,"featured_media":594749,"comment_status":"closed","ping_status":"closed","sticky":false,"template":"","format":"standard","meta":{"om_disable_all_campaigns":false,"_monsterinsights_skip_tracking":false,"_monsterinsights_sitenote_active":false,"_monsterinsights_sitenote_note":"","_monsterinsights_sitenote_category":0},"categories":[4],"tags":[],"aioseo_notices":[],"gutentor_comment":0,"rttpg_featured_image_url":{"full":["https:\/\/arantv.az\/wp-content\/uploads\/2023\/04\/ec2f5d6a-6453-320b-ae86-b356d83cd6b2_850.jpg",620,413,false],"landscape":["https:\/\/arantv.az\/wp-content\/uploads\/2023\/04\/ec2f5d6a-6453-320b-ae86-b356d83cd6b2_850.jpg",620,413,false],"portraits":["https:\/\/arantv.az\/wp-content\/uploads\/2023\/04\/ec2f5d6a-6453-320b-ae86-b356d83cd6b2_850.jpg",620,413,false],"thumbnail":["https:\/\/arantv.az\/wp-content\/uploads\/2023\/04\/ec2f5d6a-6453-320b-ae86-b356d83cd6b2_850-500x280.jpg",500,280,true],"medium":["https:\/\/arantv.az\/wp-content\/uploads\/2023\/04\/ec2f5d6a-6453-320b-ae86-b356d83cd6b2_850-548x365.jpg",548,365,true],"large":["https:\/\/arantv.az\/wp-content\/uploads\/2023\/04\/ec2f5d6a-6453-320b-ae86-b356d83cd6b2_850.jpg",620,413,false],"1536x1536":["https:\/\/arantv.az\/wp-content\/uploads\/2023\/04\/ec2f5d6a-6453-320b-ae86-b356d83cd6b2_850.jpg",620,413,false],"2048x2048":["https:\/\/arantv.az\/wp-content\/uploads\/2023\/04\/ec2f5d6a-6453-320b-ae86-b356d83cd6b2_850.jpg",620,413,false],"post-thumbnail":["https:\/\/arantv.az\/wp-content\/uploads\/2023\/04\/ec2f5d6a-6453-320b-ae86-b356d83cd6b2_850-240x172.jpg",240,172,true],"advps-thumb-one":["https:\/\/arantv.az\/wp-content\/uploads\/2023\/04\/ec2f5d6a-6453-320b-ae86-b356d83cd6b2_850.jpg",620,413,false]},"rttpg_author":{"display_name":"V\u00fcsal Rafiqo\u011flu","author_link":"https:\/\/arantv.az\/?author=2"},"rttpg_comment":0,"rttpg_category":"<a href=\"https:\/\/arantv.az\/?cat=4\" rel=\"category\">Siyas\u0259t<\/a>","rttpg_excerpt":"Nax\u00e7\u0131van Muxtar Respublikas\u0131 Prokurorlu\u011fu v\u0259 Nax\u00e7\u0131van Muxtar Respublikas\u0131 H\u0259rbi prokurorlu\u011funun \u0259m\u0259kda\u015flar\u0131 Az\u0259rbaycan Respublikas\u0131nda 2023-c\u00fc ilin \u201cHeyd\u0259r \u018fliyev \u0130li\u201d elan edilm\u0259si il\u0259 \u0259laq\u0259dar aprelin 27-d\u0259 Nax\u00e7\u0131van \u015f\u0259h\u0259rind\u0259 yerl\u0259\u015f\u0259n Heyd\u0259r \u018fliyev Muzeyini ziyar\u0259t edib. Bu bar\u0259d\u0259\u00a0Ba\u015f Prokurorlu\u011fun M\u0259tbuat xidm\u0259tind\u0259n bildirilib. Muzeyd\u0259 dahi liderin h\u0259yat v\u0259 f\u0259aliyy\u0259tini, z\u0259ngin d\u00f6vl\u0259t\u00e7ilik irsini \u00f6z\u00fcnd\u0259 t\u0259c\u0259ss\u00fcm etdir\u0259n materiallarla yana\u015f\u0131, \u00dcmummilli Lider\u0259 m\u0259xsus&hellip;","_links":{"self":[{"href":"https:\/\/arantv.az\/index.php?rest_route=\/wp\/v2\/posts\/594748"}],"collection":[{"href":"https:\/\/arantv.az\/index.php?rest_route=\/wp\/v2\/posts"}],"about":[{"href":"https:\/\/arantv.az\/index.php?rest_route=\/wp\/v2\/types\/post"}],"author":[{"embeddable":true,"href":"https:\/\/arantv.az\/index.php?rest_route=\/wp\/v2\/users\/2"}],"replies":[{"embeddable":true,"href":"https:\/\/arantv.az\/index.php?rest_route=%2Fwp%2Fv2%2Fcomments&post=594748"}],"version-history":[{"count":0,"href":"https:\/\/arantv.az\/index.php?rest_route=\/wp\/v2\/posts\/594748\/revisions"}],"wp:featuredmedia":[{"embeddable":true,"href":"https:\/\/arantv.az\/index.php?rest_route=\/wp\/v2\/media\/594749"}],"wp:attachment":[{"href":"https:\/\/arantv.az\/index.php?rest_route=%2Fwp%2Fv2%2Fmedia&parent=594748"}],"wp:term":[{"taxonomy":"category","embeddable":true,"href":"https:\/\/arantv.az\/index.php?rest_route=%2Fwp%2Fv2%2Fcategories&post=594748"},{"taxonomy":"post_tag","embeddable":true,"href":"https:\/\/arantv.az\/index.php?rest_route=%2Fwp%2Fv2%2Ftags&post=594748"}],"curies":[{"name":"wp","href":"https:\/\/api.w.org\/{rel}","templated":true}]}}