{"id":594755,"date":"2023-04-27T22:07:05","date_gmt":"2023-04-27T18:07:05","guid":{"rendered":"https:\/\/arantv.az\/?p=594755"},"modified":"2023-04-27T22:07:05","modified_gmt":"2023-04-27T18:07:05","slug":"az%c9%99rbaycanda-%c9%99t-k%c9%99skin-bahalasacaq-s%c9%99b%c9%99b-n%c9%99dir","status":"publish","type":"post","link":"https:\/\/arantv.az\/?p=594755","title":{"rendered":"Az\u0259rbaycanda \u0259t k\u0259skin bahala\u015facaq &#8211; S\u0259b\u0259b n\u0259dir?"},"content":{"rendered":"<p>Bu ilin 3 ay\u0131nda \u00f6lk\u0259miz\u0259 \u0259t idxal\u0131 24 faiz art\u0131b. Bu son ill\u0259rd\u0259 qeyd\u0259 al\u0131nan \u0259n b\u00f6y\u00fck art\u0131m tempidir.<\/p>\n<p>Bu is\u0259 \u00f6lk\u0259mizin \u0259rzaq t\u0259hl\u00fck\u0259sizliyi \u00fc\u00e7\u00fcn ciddi t\u0259hdiddir. N\u0259z\u0259r\u0259 alaq ki, Az\u0259rbaycan aqrar \u00f6lk\u0259dir. Aqrar \u00f6lk\u0259nin z\u0259ruri \u0259rzaq ehtiyac\u0131n\u0131n 24 faizi idxal hesab\u0131na \u00f6d\u0259nilirs\u0259, bu art\u0131q n\u0259l\u0259rins\u0259 yolunda getm\u0259diyinin g\u00f6st\u0259ricisidir. V\u0259 bu bar\u0259d\u0259 ciddi d\u00fc\u015f\u00fcnm\u0259y\u0259 v\u0259 t\u0259dbirl\u0259r g\u00f6rm\u0259y\u0259 \u0259sas yarad\u0131r.<\/p>\n<p>M\u00f6vzu il\u0259 ba\u011fl\u0131 Bizim.Media-ya a\u00e7\u0131qlama ver\u0259n Liberal \u0130qtisad\u00e7\u0131lar M\u0259rk\u0259zinin s\u0259dri Akif N\u0259sirli bildirib ki, \u00f6lk\u0259mizd\u0259 heyvandarl\u0131q sah\u0259sind\u0259 \u00e7ox ciddi probleml\u0259r var:<\/p>\n<p>\u201cSon 7-8 ild\u0259 pamb\u0131q\u00e7\u0131l\u0131\u011f\u0131n inki\u015faf etdirilm\u0259si m\u0259qs\u0259di il\u0259 \u00f6r\u00fc\u015f yerl\u0259ri \u0259kin d\u00f6vriyy\u0259sin\u0259 qat\u0131ld\u0131. Bel\u0259c\u0259, heyvandarl\u0131\u011f\u0131n areal\u0131 daral\u0131r. Areal darald\u0131qca istehsal a\u015fa\u011f\u0131 d\u00fc\u015f\u00fcr. \u0130stehsal a\u015fa\u011f\u0131 d\u00fc\u015fd\u00fckc\u0259 qiym\u0259tl\u0259r art\u0131r. \u00dcst\u0259g\u0259l, idxal \u00e7oxal\u0131r.<\/p>\n<p>Dediyimiz s\u0259b\u0259bl\u0259r \u00fcz\u00fcnd\u0259n Az\u0259rbaycanda heyvandarl\u0131q sektoru ilb\u0259il geri gedir. Yerli istehsal azald\u0131qca t\u0259bii ki, ehtiyaclar idxal hesab\u0131na \u00f6d\u0259nilir. Bu is\u0259 yax\u015f\u0131 hal deyil\u201d.<\/p>\n<p>Akif N\u0259sirli idxal edil\u0259n \u0259tin keyfiyy\u0259tc\u0259 yerli m\u0259hsullar\u0131 \u0259v\u0259z ed\u0259 bilm\u0259diyini d\u0259 vur\u011fulay\u0131b:<\/p>\n<p>\u201cBiz \u00e7ox nadir hallarda ma\u011fazalarda xarici \u0259t sat\u0131ld\u0131\u011f\u0131n\u0131 g\u00f6r\u00fcr\u00fck. \u0130dxal edil\u0259n \u0259t, \u0259sas\u0259n, qapal\u0131 t\u0259\u015fkilatlar\u0131n v\u0259 dig\u0259r d\u00f6vl\u0259t m\u00fc\u0259ssis\u0259l\u0259rinin ehtiyaclar\u0131 \u00fc\u00e7\u00fcn istifad\u0259 edilir. \u0130dxal n\u0259 q\u0259d\u0259r \u00e7ox olsa da, bu yerli ehtiyaclar\u0131 tam \u00f6d\u0259y\u0259 bilmir. \u018fhali daha \u00e7ox yerli heyvandarl\u0131q m\u0259hsullar\u0131 istehlak edirl\u0259r. Ona g\u00f6r\u0259 d\u0259 qiym\u0259tl\u0259r g\u00fcnb\u0259g\u00fcn art\u0131r.<\/p>\n<p>Quzu \u0259tinin kiloqram\u0131 art\u0131q 18 manatd\u0131r. Yax\u0131n vaxtlarda bazara yerli k\u0259nd t\u0259s\u0259rr\u00fcfat\u0131 m\u0259hsullar\u0131 \u00e7\u0131xacaq. Bu \u0259t\u0259 olan t\u0259l\u0259bat\u0131 bir q\u0259d\u0259r azaldacaq. Ona g\u00f6r\u0259 d\u0259 pay\u0131za q\u0259d\u0259r \u0259tin qiym\u0259ti sabit qalacaq. Amma pay\u0131zda \u0259tin qiym\u0259ti k\u0259skin qalxacaq.<\/p>\n<p>Bu bahala\u015fman\u0131n qar\u015f\u0131s\u0131n\u0131 almaq \u00fc\u00e7\u00fcn heyvandarl\u0131\u011f\u0131n inki\u015faf\u0131na \u015f\u0259rait yaratmal\u0131y\u0131q. Pamb\u0131q\u00e7\u0131l\u0131\u011fa v\u0259 dig\u0259r \u0259kinl\u0259r\u0259 g\u00f6r\u0259 heyvandarl\u0131\u011f\u0131 risk\u0259 atmaq olmaz. \u00c7\u00fcnki, pamb\u0131qdan f\u0259rqli olaraq heyvandarl\u0131q \u00f6lk\u0259nin \u0259rzaq t\u0259hl\u00fck\u0259sizliyind\u0259 m\u00fch\u00fcm yer tutur\u201d.<\/p>\n","protected":false},"excerpt":{"rendered":"<p>Bu ilin 3 ay\u0131nda \u00f6lk\u0259miz\u0259 \u0259t idxal\u0131 24 faiz art\u0131b. Bu son ill\u0259rd\u0259 qeyd\u0259 al\u0131nan \u0259n b\u00f6y\u00fck art\u0131m tempidir. Bu is\u0259 \u00f6lk\u0259mizin \u0259rzaq t\u0259hl\u00fck\u0259sizliyi \u00fc\u00e7\u00fcn ciddi t\u0259hdiddir. N\u0259z\u0259r\u0259 alaq ki, Az\u0259rbaycan aqrar \u00f6lk\u0259dir. Aqrar \u00f6lk\u0259nin z\u0259ruri \u0259rzaq ehtiyac\u0131n\u0131n 24 faizi idxal hesab\u0131na \u00f6d\u0259nilirs\u0259, bu art\u0131q n\u0259l\u0259rins\u0259 yolunda getm\u0259diyinin g\u00f6st\u0259ricisidir. V\u0259 bu bar\u0259d\u0259 ciddi d\u00fc\u015f\u00fcnm\u0259y\u0259 v\u0259 t\u0259dbirl\u0259r g\u00f6rm\u0259y\u0259 \u0259sas yarad\u0131r. M\u00f6vzu il\u0259 ba\u011fl\u0131 Bizim.Media-ya a\u00e7\u0131qlama ver\u0259n Liberal \u0130qtisad\u00e7\u0131lar M\u0259rk\u0259zinin s\u0259dri Akif N\u0259sirli bildirib ki, \u00f6lk\u0259mizd\u0259 heyvandarl\u0131q sah\u0259sind\u0259 \u00e7ox ciddi probleml\u0259r var: \u201cSon 7-8 ild\u0259 pamb\u0131q\u00e7\u0131l\u0131\u011f\u0131n inki\u015faf etdirilm\u0259si m\u0259qs\u0259di il\u0259 \u00f6r\u00fc\u015f yerl\u0259ri&hellip;<\/p>\n","protected":false},"author":2,"featured_media":594756,"comment_status":"closed","ping_status":"closed","sticky":false,"template":"","format":"standard","meta":{"om_disable_all_campaigns":false,"_monsterinsights_skip_tracking":false,"_monsterinsights_sitenote_active":false,"_monsterinsights_sitenote_note":"","_monsterinsights_sitenote_category":0},"categories":[19],"tags":[],"aioseo_notices":[],"gutentor_comment":0,"rttpg_featured_image_url":{"full":["https:\/\/arantv.az\/wp-content\/uploads\/2023\/04\/et-447446.jpg",720,405,false],"landscape":["https:\/\/arantv.az\/wp-content\/uploads\/2023\/04\/et-447446.jpg",720,405,false],"portraits":["https:\/\/arantv.az\/wp-content\/uploads\/2023\/04\/et-447446.jpg",720,405,false],"thumbnail":["https:\/\/arantv.az\/wp-content\/uploads\/2023\/04\/et-447446-500x280.jpg",500,280,true],"medium":["https:\/\/arantv.az\/wp-content\/uploads\/2023\/04\/et-447446-649x365.jpg",649,365,true],"large":["https:\/\/arantv.az\/wp-content\/uploads\/2023\/04\/et-447446.jpg",640,360,false],"1536x1536":["https:\/\/arantv.az\/wp-content\/uploads\/2023\/04\/et-447446.jpg",720,405,false],"2048x2048":["https:\/\/arantv.az\/wp-content\/uploads\/2023\/04\/et-447446.jpg",720,405,false],"post-thumbnail":["https:\/\/arantv.az\/wp-content\/uploads\/2023\/04\/et-447446-240x172.jpg",240,172,true],"advps-thumb-one":["https:\/\/arantv.az\/wp-content\/uploads\/2023\/04\/et-447446.jpg",720,405,false]},"rttpg_author":{"display_name":"V\u00fcsal Rafiqo\u011flu","author_link":"https:\/\/arantv.az\/?author=2"},"rttpg_comment":0,"rttpg_category":"<a href=\"https:\/\/arantv.az\/?cat=19\" rel=\"category\">G\u00fcnd\u0259m<\/a>","rttpg_excerpt":"Bu ilin 3 ay\u0131nda \u00f6lk\u0259miz\u0259 \u0259t idxal\u0131 24 faiz art\u0131b. Bu son ill\u0259rd\u0259 qeyd\u0259 al\u0131nan \u0259n b\u00f6y\u00fck art\u0131m tempidir. Bu is\u0259 \u00f6lk\u0259mizin \u0259rzaq t\u0259hl\u00fck\u0259sizliyi \u00fc\u00e7\u00fcn ciddi t\u0259hdiddir. N\u0259z\u0259r\u0259 alaq ki, Az\u0259rbaycan aqrar \u00f6lk\u0259dir. Aqrar \u00f6lk\u0259nin z\u0259ruri \u0259rzaq ehtiyac\u0131n\u0131n 24 faizi idxal hesab\u0131na \u00f6d\u0259nilirs\u0259, bu art\u0131q n\u0259l\u0259rins\u0259 yolunda getm\u0259diyinin g\u00f6st\u0259ricisidir. V\u0259 bu bar\u0259d\u0259 ciddi d\u00fc\u015f\u00fcnm\u0259y\u0259 v\u0259&hellip;","_links":{"self":[{"href":"https:\/\/arantv.az\/index.php?rest_route=\/wp\/v2\/posts\/594755"}],"collection":[{"href":"https:\/\/arantv.az\/index.php?rest_route=\/wp\/v2\/posts"}],"about":[{"href":"https:\/\/arantv.az\/index.php?rest_route=\/wp\/v2\/types\/post"}],"author":[{"embeddable":true,"href":"https:\/\/arantv.az\/index.php?rest_route=\/wp\/v2\/users\/2"}],"replies":[{"embeddable":true,"href":"https:\/\/arantv.az\/index.php?rest_route=%2Fwp%2Fv2%2Fcomments&post=594755"}],"version-history":[{"count":0,"href":"https:\/\/arantv.az\/index.php?rest_route=\/wp\/v2\/posts\/594755\/revisions"}],"wp:featuredmedia":[{"embeddable":true,"href":"https:\/\/arantv.az\/index.php?rest_route=\/wp\/v2\/media\/594756"}],"wp:attachment":[{"href":"https:\/\/arantv.az\/index.php?rest_route=%2Fwp%2Fv2%2Fmedia&parent=594755"}],"wp:term":[{"taxonomy":"category","embeddable":true,"href":"https:\/\/arantv.az\/index.php?rest_route=%2Fwp%2Fv2%2Fcategories&post=594755"},{"taxonomy":"post_tag","embeddable":true,"href":"https:\/\/arantv.az\/index.php?rest_route=%2Fwp%2Fv2%2Ftags&post=594755"}],"curies":[{"name":"wp","href":"https:\/\/api.w.org\/{rel}","templated":true}]}}