{"id":594759,"date":"2023-04-27T22:09:53","date_gmt":"2023-04-27T18:09:53","guid":{"rendered":"https:\/\/arantv.az\/?p=594759"},"modified":"2023-04-27T22:09:53","modified_gmt":"2023-04-27T18:09:53","slug":"cobani-ov-tuf%c9%99ngi-il%c9%99-q%c9%99tl%c9%99-yetirdil%c9%99r","status":"publish","type":"post","link":"https:\/\/arantv.az\/?p=594759","title":{"rendered":"\u00c7oban\u0131 ov t\u00fcf\u0259ngi il\u0259 q\u0259tl\u0259 yetirdil\u0259r"},"content":{"rendered":"<p>Aprelin 27-d\u0259 saat 15 rad\u0259l\u0259rind\u0259 T\u0259rt\u0259r rayonu H\u0259s\u0259nqaya k\u0259ndi \u0259razisind\u0259 \u00fcz\u0259rind\u0259 x\u0259sar\u0259t izl\u0259ri olan meyit olmas\u0131 bar\u0259d\u0259 polis\u0259 m\u0259lumat daxil olub.<\/p>\n<p>Daxili \u0130\u015fl\u0259r Nazirliyinin M\u0259tbuat Xidm\u0259tind\u0259n bildirilib ki, ilkin m\u0259lumata g\u00f6r\u0259, k\u0259ndin otlaq sah\u0259sind\u0259 40-50 ya\u015flar\u0131nda olan ki\u015fi ov t\u00fcf\u0259ngi il\u0259 q\u0259tl\u0259 yetirilib. Q\u0259tl\u0259 yetiril\u0259n \u015f\u0259xsin S\u00f6yl\u0259n k\u0259nd sakini Qarya\u011fd\u0131 Abbas o\u011flu Allahverdiyev olmas\u0131 m\u00fc\u0259yy\u0259n edilib. O, h\u0259min \u0259razid\u0259 \u00e7obanl\u0131q f\u0259aliyy\u0259ti il\u0259 m\u0259\u015f\u011ful olub.<\/p>\n<p>Cinay\u0259t \u0259m\u0259lini t\u00f6r\u0259tm\u0259kd\u0259 \u015f\u00fcbh\u0259li bilin\u0259n \u015f\u0259xsin, yaxud \u015f\u0259xsl\u0259rin saxlan\u0131lmas\u0131 istiqam\u0259tind\u0259 t\u0259dbirl\u0259r g\u00f6r\u00fcl\u00fcr.<\/p>\n","protected":false},"excerpt":{"rendered":"<p>Aprelin 27-d\u0259 saat 15 rad\u0259l\u0259rind\u0259 T\u0259rt\u0259r rayonu H\u0259s\u0259nqaya k\u0259ndi \u0259razisind\u0259 \u00fcz\u0259rind\u0259 x\u0259sar\u0259t izl\u0259ri olan meyit olmas\u0131 bar\u0259d\u0259 polis\u0259 m\u0259lumat daxil olub. Daxili \u0130\u015fl\u0259r Nazirliyinin M\u0259tbuat Xidm\u0259tind\u0259n bildirilib ki, ilkin m\u0259lumata g\u00f6r\u0259, k\u0259ndin otlaq sah\u0259sind\u0259 40-50 ya\u015flar\u0131nda olan ki\u015fi ov t\u00fcf\u0259ngi il\u0259 q\u0259tl\u0259 yetirilib. Q\u0259tl\u0259 yetiril\u0259n \u015f\u0259xsin S\u00f6yl\u0259n k\u0259nd sakini Qarya\u011fd\u0131 Abbas o\u011flu Allahverdiyev olmas\u0131 m\u00fc\u0259yy\u0259n edilib. O, h\u0259min \u0259razid\u0259 \u00e7obanl\u0131q f\u0259aliyy\u0259ti il\u0259 m\u0259\u015f\u011ful olub. Cinay\u0259t \u0259m\u0259lini t\u00f6r\u0259tm\u0259kd\u0259 \u015f\u00fcbh\u0259li bilin\u0259n \u015f\u0259xsin, yaxud \u015f\u0259xsl\u0259rin saxlan\u0131lmas\u0131 istiqam\u0259tind\u0259 t\u0259dbirl\u0259r g\u00f6r\u00fcl\u00fcr.<\/p>\n","protected":false},"author":2,"featured_media":594760,"comment_status":"closed","ping_status":"closed","sticky":false,"template":"","format":"standard","meta":{"om_disable_all_campaigns":false,"_monsterinsights_skip_tracking":false,"_monsterinsights_sitenote_active":false,"_monsterinsights_sitenote_note":"","_monsterinsights_sitenote_category":0},"categories":[5],"tags":[],"aioseo_notices":[],"gutentor_comment":0,"rttpg_featured_image_url":{"full":["https:\/\/arantv.az\/wp-content\/uploads\/2023\/04\/FotoJet-2023-02-01T093033.291-1.jpg",620,413,false],"landscape":["https:\/\/arantv.az\/wp-content\/uploads\/2023\/04\/FotoJet-2023-02-01T093033.291-1.jpg",620,413,false],"portraits":["https:\/\/arantv.az\/wp-content\/uploads\/2023\/04\/FotoJet-2023-02-01T093033.291-1.jpg",620,413,false],"thumbnail":["https:\/\/arantv.az\/wp-content\/uploads\/2023\/04\/FotoJet-2023-02-01T093033.291-1-500x280.jpg",500,280,true],"medium":["https:\/\/arantv.az\/wp-content\/uploads\/2023\/04\/FotoJet-2023-02-01T093033.291-1-548x365.jpg",548,365,true],"large":["https:\/\/arantv.az\/wp-content\/uploads\/2023\/04\/FotoJet-2023-02-01T093033.291-1.jpg",620,413,false],"1536x1536":["https:\/\/arantv.az\/wp-content\/uploads\/2023\/04\/FotoJet-2023-02-01T093033.291-1.jpg",620,413,false],"2048x2048":["https:\/\/arantv.az\/wp-content\/uploads\/2023\/04\/FotoJet-2023-02-01T093033.291-1.jpg",620,413,false],"post-thumbnail":["https:\/\/arantv.az\/wp-content\/uploads\/2023\/04\/FotoJet-2023-02-01T093033.291-1-240x172.jpg",240,172,true],"advps-thumb-one":["https:\/\/arantv.az\/wp-content\/uploads\/2023\/04\/FotoJet-2023-02-01T093033.291-1.jpg",620,413,false]},"rttpg_author":{"display_name":"V\u00fcsal Rafiqo\u011flu","author_link":"https:\/\/arantv.az\/?author=2"},"rttpg_comment":0,"rttpg_category":"<a href=\"https:\/\/arantv.az\/?cat=5\" rel=\"category\">Hadis\u0259<\/a>","rttpg_excerpt":"Aprelin 27-d\u0259 saat 15 rad\u0259l\u0259rind\u0259 T\u0259rt\u0259r rayonu H\u0259s\u0259nqaya k\u0259ndi \u0259razisind\u0259 \u00fcz\u0259rind\u0259 x\u0259sar\u0259t izl\u0259ri olan meyit olmas\u0131 bar\u0259d\u0259 polis\u0259 m\u0259lumat daxil olub. Daxili \u0130\u015fl\u0259r Nazirliyinin M\u0259tbuat Xidm\u0259tind\u0259n bildirilib ki, ilkin m\u0259lumata g\u00f6r\u0259, k\u0259ndin otlaq sah\u0259sind\u0259 40-50 ya\u015flar\u0131nda olan ki\u015fi ov t\u00fcf\u0259ngi il\u0259 q\u0259tl\u0259 yetirilib. Q\u0259tl\u0259 yetiril\u0259n \u015f\u0259xsin S\u00f6yl\u0259n k\u0259nd sakini Qarya\u011fd\u0131 Abbas o\u011flu Allahverdiyev olmas\u0131 m\u00fc\u0259yy\u0259n&hellip;","_links":{"self":[{"href":"https:\/\/arantv.az\/index.php?rest_route=\/wp\/v2\/posts\/594759"}],"collection":[{"href":"https:\/\/arantv.az\/index.php?rest_route=\/wp\/v2\/posts"}],"about":[{"href":"https:\/\/arantv.az\/index.php?rest_route=\/wp\/v2\/types\/post"}],"author":[{"embeddable":true,"href":"https:\/\/arantv.az\/index.php?rest_route=\/wp\/v2\/users\/2"}],"replies":[{"embeddable":true,"href":"https:\/\/arantv.az\/index.php?rest_route=%2Fwp%2Fv2%2Fcomments&post=594759"}],"version-history":[{"count":0,"href":"https:\/\/arantv.az\/index.php?rest_route=\/wp\/v2\/posts\/594759\/revisions"}],"wp:featuredmedia":[{"embeddable":true,"href":"https:\/\/arantv.az\/index.php?rest_route=\/wp\/v2\/media\/594760"}],"wp:attachment":[{"href":"https:\/\/arantv.az\/index.php?rest_route=%2Fwp%2Fv2%2Fmedia&parent=594759"}],"wp:term":[{"taxonomy":"category","embeddable":true,"href":"https:\/\/arantv.az\/index.php?rest_route=%2Fwp%2Fv2%2Fcategories&post=594759"},{"taxonomy":"post_tag","embeddable":true,"href":"https:\/\/arantv.az\/index.php?rest_route=%2Fwp%2Fv2%2Ftags&post=594759"}],"curies":[{"name":"wp","href":"https:\/\/api.w.org\/{rel}","templated":true}]}}