{"id":594764,"date":"2023-04-28T07:46:49","date_gmt":"2023-04-28T03:46:49","guid":{"rendered":"https:\/\/arantv.az\/?p=594764"},"modified":"2023-04-28T07:46:49","modified_gmt":"2023-04-28T03:46:49","slug":"akar-az%c9%99rbaycanin-d%c9%99rdi-d%c9%99rdimiz-sevinci-sevincimizdir","status":"publish","type":"post","link":"https:\/\/arantv.az\/?p=594764","title":{"rendered":"Akar: \u201cAz\u0259rbaycan\u0131n d\u0259rdi d\u0259rdimiz, sevinci sevincimizdir\u201d"},"content":{"rendered":"<p>Erm\u0259ni tezisini d\u0259st\u0259kl\u0259y\u0259n d\u00f6vl\u0259tl\u0259rin m\u0259qs\u0259di T\u00fcrkiy\u0259nin qar\u015f\u0131s\u0131n\u0131 almaqd\u0131r.<\/p>\n<p>Bunu T\u00fcrkiy\u0259nin m\u00fcdafi\u0259 naziri Hulusi Akar Kayseri Universiteti Konqres v\u0259 M\u0259d\u0259niyy\u0259t M\u0259rk\u0259zind\u0259 ke\u00e7iril\u0259n \u201cErm\u0259ni Problemi Konfrans\u0131\u201dnda \u00e7\u0131x\u0131\u015f\u0131 zaman\u0131 deyib.<\/p>\n<p>O, bildirib ki, 1915-ci il hadis\u0259l\u0259rind\u0259n siyasi m\u0259qs\u0259dl\u0259r \u00fc\u00e7\u00fcn istifad\u0259 olunur.<\/p>\n<p>\u201cErm\u0259ni tezisini d\u0259st\u0259kl\u0259y\u0259n \u00f6lk\u0259l\u0259rin \u0259sas m\u0259qs\u0259di t\u00fcrkiy\u0259y\u0259 z\u0259r\u0259r verm\u0259kdir, T\u00fcrkiy\u0259nin b\u00f6y\u00fcm\u0259sin\u0259 v\u0259 g\u00fccl\u0259nm\u0259sin\u0259 mane olmaqd\u0131r. K\u00f6\u00e7\u00fcr\u00fclm\u0259 praktikas\u0131n\u0131n qondarma soyq\u0131r\u0131m kimi tan\u0131nmas\u0131 onlar\u0131n \u0259sl m\u0259qs\u0259dl\u0259rini g\u00f6st\u0259rir. M\u0259hz bu kontekstd\u0259 erm\u0259nil\u0259r 24 apreli \u201csoyq\u0131r\u0131m g\u00fcn\u00fc\u201d elan edibl\u0259r. Son ill\u0259rd\u0259 onlar b\u00fct\u00fcn d\u00fcnyada s\u00fcni tarix yaratmaq ist\u0259yirl\u0259r. Tarixi yenid\u0259n yazma\u011fa \u00e7al\u0131\u015f\u0131rlar\u201d, &#8211; dey\u0259 nazir bildirib.<\/p>\n<p>Akar T\u00fcrkiy\u0259nin Az\u0259rbaycana olan d\u0259st\u0259yinin bundan sonra da davam ed\u0259c\u0259yini bir daha vur\u011fulay\u0131b.<\/p>\n<p>\u201cBiz Erm\u0259nistan\u0131n ona uzad\u0131lan s\u00fclh v\u0259 dostluq \u0259lini tutmas\u0131n\u0131 g\u00f6zl\u0259yirik. \u0130ki d\u00f6vl\u0259t, bir mill\u0259t anlay\u0131\u015f\u0131nda ya\u015fad\u0131\u011f\u0131m\u0131z Az\u0259rbaycan\u0131n d\u0259rdi bizim d\u0259rdimiz, sevinci sevincimizdir. Bu g\u00fcn\u0259 q\u0259d\u0259r k\u0259d\u0259rd\u0259 d\u0259, sevincd\u0259 d\u0259 \u0259ziz bac\u0131-qarda\u015flar\u0131m\u0131z\u0131n yan\u0131nda olmu\u015fuq v\u0259 bundan sonra da buna davam ed\u0259c\u0259yik\u201d, &#8211; o, qeyd edib.<\/p>\n<p>M\u0259nb\u0259: Haber Global<\/p>\n","protected":false},"excerpt":{"rendered":"<p>Erm\u0259ni tezisini d\u0259st\u0259kl\u0259y\u0259n d\u00f6vl\u0259tl\u0259rin m\u0259qs\u0259di T\u00fcrkiy\u0259nin qar\u015f\u0131s\u0131n\u0131 almaqd\u0131r. Bunu T\u00fcrkiy\u0259nin m\u00fcdafi\u0259 naziri Hulusi Akar Kayseri Universiteti Konqres v\u0259 M\u0259d\u0259niyy\u0259t M\u0259rk\u0259zind\u0259 ke\u00e7iril\u0259n \u201cErm\u0259ni Problemi Konfrans\u0131\u201dnda \u00e7\u0131x\u0131\u015f\u0131 zaman\u0131 deyib. O, bildirib ki, 1915-ci il hadis\u0259l\u0259rind\u0259n siyasi m\u0259qs\u0259dl\u0259r \u00fc\u00e7\u00fcn istifad\u0259 olunur. \u201cErm\u0259ni tezisini d\u0259st\u0259kl\u0259y\u0259n \u00f6lk\u0259l\u0259rin \u0259sas m\u0259qs\u0259di t\u00fcrkiy\u0259y\u0259 z\u0259r\u0259r verm\u0259kdir, T\u00fcrkiy\u0259nin b\u00f6y\u00fcm\u0259sin\u0259 v\u0259 g\u00fccl\u0259nm\u0259sin\u0259 mane olmaqd\u0131r. K\u00f6\u00e7\u00fcr\u00fclm\u0259 praktikas\u0131n\u0131n qondarma soyq\u0131r\u0131m kimi tan\u0131nmas\u0131 onlar\u0131n \u0259sl m\u0259qs\u0259dl\u0259rini g\u00f6st\u0259rir. M\u0259hz bu kontekstd\u0259 erm\u0259nil\u0259r 24 apreli \u201csoyq\u0131r\u0131m g\u00fcn\u00fc\u201d elan edibl\u0259r. Son ill\u0259rd\u0259 onlar b\u00fct\u00fcn d\u00fcnyada s\u00fcni tarix yaratmaq ist\u0259yirl\u0259r. Tarixi yenid\u0259n yazma\u011fa \u00e7al\u0131\u015f\u0131rlar\u201d, &#8211; dey\u0259 nazir bildirib.&hellip;<\/p>\n","protected":false},"author":2,"featured_media":594765,"comment_status":"closed","ping_status":"closed","sticky":false,"template":"","format":"standard","meta":{"om_disable_all_campaigns":false,"_monsterinsights_skip_tracking":false,"_monsterinsights_sitenote_active":false,"_monsterinsights_sitenote_note":"","_monsterinsights_sitenote_category":0},"categories":[4],"tags":[],"aioseo_notices":[],"gutentor_comment":0,"rttpg_featured_image_url":{"full":["https:\/\/arantv.az\/wp-content\/uploads\/2023\/04\/akar.jpg",620,413,false],"landscape":["https:\/\/arantv.az\/wp-content\/uploads\/2023\/04\/akar.jpg",620,413,false],"portraits":["https:\/\/arantv.az\/wp-content\/uploads\/2023\/04\/akar.jpg",620,413,false],"thumbnail":["https:\/\/arantv.az\/wp-content\/uploads\/2023\/04\/akar-500x280.jpg",500,280,true],"medium":["https:\/\/arantv.az\/wp-content\/uploads\/2023\/04\/akar-548x365.jpg",548,365,true],"large":["https:\/\/arantv.az\/wp-content\/uploads\/2023\/04\/akar.jpg",620,413,false],"1536x1536":["https:\/\/arantv.az\/wp-content\/uploads\/2023\/04\/akar.jpg",620,413,false],"2048x2048":["https:\/\/arantv.az\/wp-content\/uploads\/2023\/04\/akar.jpg",620,413,false],"post-thumbnail":["https:\/\/arantv.az\/wp-content\/uploads\/2023\/04\/akar-240x172.jpg",240,172,true],"advps-thumb-one":["https:\/\/arantv.az\/wp-content\/uploads\/2023\/04\/akar.jpg",620,413,false]},"rttpg_author":{"display_name":"V\u00fcsal Rafiqo\u011flu","author_link":"https:\/\/arantv.az\/?author=2"},"rttpg_comment":0,"rttpg_category":"<a href=\"https:\/\/arantv.az\/?cat=4\" rel=\"category\">Siyas\u0259t<\/a>","rttpg_excerpt":"Erm\u0259ni tezisini d\u0259st\u0259kl\u0259y\u0259n d\u00f6vl\u0259tl\u0259rin m\u0259qs\u0259di T\u00fcrkiy\u0259nin qar\u015f\u0131s\u0131n\u0131 almaqd\u0131r. Bunu T\u00fcrkiy\u0259nin m\u00fcdafi\u0259 naziri Hulusi Akar Kayseri Universiteti Konqres v\u0259 M\u0259d\u0259niyy\u0259t M\u0259rk\u0259zind\u0259 ke\u00e7iril\u0259n \u201cErm\u0259ni Problemi Konfrans\u0131\u201dnda \u00e7\u0131x\u0131\u015f\u0131 zaman\u0131 deyib. O, bildirib ki, 1915-ci il hadis\u0259l\u0259rind\u0259n siyasi m\u0259qs\u0259dl\u0259r \u00fc\u00e7\u00fcn istifad\u0259 olunur. \u201cErm\u0259ni tezisini d\u0259st\u0259kl\u0259y\u0259n \u00f6lk\u0259l\u0259rin \u0259sas m\u0259qs\u0259di t\u00fcrkiy\u0259y\u0259 z\u0259r\u0259r verm\u0259kdir, T\u00fcrkiy\u0259nin b\u00f6y\u00fcm\u0259sin\u0259 v\u0259 g\u00fccl\u0259nm\u0259sin\u0259 mane olmaqd\u0131r. K\u00f6\u00e7\u00fcr\u00fclm\u0259 praktikas\u0131n\u0131n&hellip;","_links":{"self":[{"href":"https:\/\/arantv.az\/index.php?rest_route=\/wp\/v2\/posts\/594764"}],"collection":[{"href":"https:\/\/arantv.az\/index.php?rest_route=\/wp\/v2\/posts"}],"about":[{"href":"https:\/\/arantv.az\/index.php?rest_route=\/wp\/v2\/types\/post"}],"author":[{"embeddable":true,"href":"https:\/\/arantv.az\/index.php?rest_route=\/wp\/v2\/users\/2"}],"replies":[{"embeddable":true,"href":"https:\/\/arantv.az\/index.php?rest_route=%2Fwp%2Fv2%2Fcomments&post=594764"}],"version-history":[{"count":0,"href":"https:\/\/arantv.az\/index.php?rest_route=\/wp\/v2\/posts\/594764\/revisions"}],"wp:featuredmedia":[{"embeddable":true,"href":"https:\/\/arantv.az\/index.php?rest_route=\/wp\/v2\/media\/594765"}],"wp:attachment":[{"href":"https:\/\/arantv.az\/index.php?rest_route=%2Fwp%2Fv2%2Fmedia&parent=594764"}],"wp:term":[{"taxonomy":"category","embeddable":true,"href":"https:\/\/arantv.az\/index.php?rest_route=%2Fwp%2Fv2%2Fcategories&post=594764"},{"taxonomy":"post_tag","embeddable":true,"href":"https:\/\/arantv.az\/index.php?rest_route=%2Fwp%2Fv2%2Ftags&post=594764"}],"curies":[{"name":"wp","href":"https:\/\/api.w.org\/{rel}","templated":true}]}}