{"id":59582,"date":"2019-05-20T12:00:36","date_gmt":"2019-05-20T09:00:36","guid":{"rendered":"http:\/\/arantv.az\/?p=59582"},"modified":"2019-05-20T12:00:36","modified_gmt":"2019-05-20T09:00:36","slug":"tovuzu-leysan-vurdu","status":"publish","type":"post","link":"https:\/\/arantv.az\/?p=59582","title":{"rendered":"Tovuzu leysan &#8220;vurdu&#8221;"},"content":{"rendered":"<p><strong>Tovuz rayonunda intensiv ya\u011f\u0131\u015flar b\u0259zi \u0259razil\u0259rd\u0259 probleml\u0259r yarad\u0131b.<\/strong><\/p>\n<p><strong>ARANTV.AZ<\/strong> x\u0259b\u0259r verir ki, bu bar\u0259d\u0259\u00a0<a href=\"https:\/\/az.trend.az\/\" target=\"_blank\" rel=\"noopener\"><span style=\"color: #000000;\">Trend<\/span><\/a>-\u0259 Tovuz Rayon \u0130cra Hakimiyy\u0259tind\u0259n m\u0259lumat verilib.<\/p>\n<p>M\u0259lumatda bildirilir ki, rayon \u0259razisind\u0259 d\u00fcn\u0259n ax\u015fam saatlar\u0131ndan ba\u015flayan leysan ya\u011f\u0131\u015flar b\u0259zi k\u0259ndl\u0259rd\u0259 probleml\u0259r yarad\u0131b: &#8220;Rayon \u0259razisind\u0259 elektrik enerjisi t\u0259chizat\u0131nda bir s\u0131ra probleml\u0259r yaran\u0131b. Aidiyy\u0259ti qurumlara yaz\u0131l\u0131 m\u00fcraci\u0259tl\u0259r olunub. &#8220;Az\u0259ri\u015f\u0131q&#8221; ASC v\u0259 dig\u0259r aidiyy\u0259ti qurumlar problemin aradan qald\u0131r\u0131lmas\u0131na \u00e7al\u0131\u015f\u0131r. B\u0259zi k\u0259ndl\u0259rd\u0259 art\u0131q elektrik enerjisi b\u0259rpa olunub. Problemin aradan qald\u0131r\u0131lmas\u0131 istiqam\u0259tind\u0259 i\u015fl\u0259r davam etdirilir&#8221;.<\/p>\n<p>Haz\u0131rda rayon \u0259razisind\u0259 v\u0259ziyy\u0259t yax\u015f\u0131d\u0131r.<\/p>\n","protected":false},"excerpt":{"rendered":"<p>Tovuz rayonunda intensiv ya\u011f\u0131\u015flar b\u0259zi \u0259razil\u0259rd\u0259 probleml\u0259r yarad\u0131b. ARANTV.AZ x\u0259b\u0259r verir ki, bu bar\u0259d\u0259\u00a0Trend-\u0259 Tovuz Rayon \u0130cra Hakimiyy\u0259tind\u0259n m\u0259lumat verilib. M\u0259lumatda bildirilir ki, rayon \u0259razisind\u0259 d\u00fcn\u0259n ax\u015fam saatlar\u0131ndan ba\u015flayan leysan ya\u011f\u0131\u015flar b\u0259zi k\u0259ndl\u0259rd\u0259 probleml\u0259r yarad\u0131b: &#8220;Rayon \u0259razisind\u0259 elektrik enerjisi t\u0259chizat\u0131nda bir s\u0131ra probleml\u0259r yaran\u0131b. Aidiyy\u0259ti qurumlara yaz\u0131l\u0131 m\u00fcraci\u0259tl\u0259r olunub. &#8220;Az\u0259ri\u015f\u0131q&#8221; ASC v\u0259 dig\u0259r aidiyy\u0259ti qurumlar problemin aradan qald\u0131r\u0131lmas\u0131na \u00e7al\u0131\u015f\u0131r. B\u0259zi k\u0259ndl\u0259rd\u0259 art\u0131q elektrik enerjisi b\u0259rpa olunub. Problemin aradan qald\u0131r\u0131lmas\u0131 istiqam\u0259tind\u0259 i\u015fl\u0259r davam etdirilir&#8221;. Haz\u0131rda rayon \u0259razisind\u0259 v\u0259ziyy\u0259t yax\u015f\u0131d\u0131r.<\/p>\n","protected":false},"author":2,"featured_media":59583,"comment_status":"closed","ping_status":"closed","sticky":false,"template":"","format":"standard","meta":{"om_disable_all_campaigns":false,"_monsterinsights_skip_tracking":false,"_monsterinsights_sitenote_active":false,"_monsterinsights_sitenote_note":"","_monsterinsights_sitenote_category":0},"categories":[1],"tags":[],"aioseo_notices":[],"gutentor_comment":0,"rttpg_featured_image_url":{"full":["https:\/\/arantv.az\/wp-content\/uploads\/2019\/05\/756357.jpg",800,600,false],"landscape":["https:\/\/arantv.az\/wp-content\/uploads\/2019\/05\/756357.jpg",800,600,false],"portraits":["https:\/\/arantv.az\/wp-content\/uploads\/2019\/05\/756357.jpg",800,600,false],"thumbnail":["https:\/\/arantv.az\/wp-content\/uploads\/2019\/05\/756357-150x150.jpg",150,150,true],"medium":["https:\/\/arantv.az\/wp-content\/uploads\/2019\/05\/756357-300x225.jpg",300,225,true],"large":["https:\/\/arantv.az\/wp-content\/uploads\/2019\/05\/756357.jpg",640,480,false],"1536x1536":["https:\/\/arantv.az\/wp-content\/uploads\/2019\/05\/756357.jpg",800,600,false],"2048x2048":["https:\/\/arantv.az\/wp-content\/uploads\/2019\/05\/756357.jpg",800,600,false],"post-thumbnail":["https:\/\/arantv.az\/wp-content\/uploads\/2019\/05\/756357-240x172.jpg",240,172,true],"advps-thumb-one":["https:\/\/arantv.az\/wp-content\/uploads\/2019\/05\/756357.jpg",800,600,false]},"rttpg_author":{"display_name":"V\u00fcsal Rafiqo\u011flu","author_link":"https:\/\/arantv.az\/?author=2"},"rttpg_comment":0,"rttpg_category":"<a href=\"https:\/\/arantv.az\/?cat=1\" rel=\"category\">C\u0259miyy\u0259t<\/a>","rttpg_excerpt":"Tovuz rayonunda intensiv ya\u011f\u0131\u015flar b\u0259zi \u0259razil\u0259rd\u0259 probleml\u0259r yarad\u0131b. ARANTV.AZ x\u0259b\u0259r verir ki, bu bar\u0259d\u0259\u00a0Trend-\u0259 Tovuz Rayon \u0130cra Hakimiyy\u0259tind\u0259n m\u0259lumat verilib. M\u0259lumatda bildirilir ki, rayon \u0259razisind\u0259 d\u00fcn\u0259n ax\u015fam saatlar\u0131ndan ba\u015flayan leysan ya\u011f\u0131\u015flar b\u0259zi k\u0259ndl\u0259rd\u0259 probleml\u0259r yarad\u0131b: &#8220;Rayon \u0259razisind\u0259 elektrik enerjisi t\u0259chizat\u0131nda bir s\u0131ra probleml\u0259r yaran\u0131b. Aidiyy\u0259ti qurumlara yaz\u0131l\u0131 m\u00fcraci\u0259tl\u0259r olunub. &#8220;Az\u0259ri\u015f\u0131q&#8221; ASC v\u0259 dig\u0259r aidiyy\u0259ti qurumlar&hellip;","_links":{"self":[{"href":"https:\/\/arantv.az\/index.php?rest_route=\/wp\/v2\/posts\/59582"}],"collection":[{"href":"https:\/\/arantv.az\/index.php?rest_route=\/wp\/v2\/posts"}],"about":[{"href":"https:\/\/arantv.az\/index.php?rest_route=\/wp\/v2\/types\/post"}],"author":[{"embeddable":true,"href":"https:\/\/arantv.az\/index.php?rest_route=\/wp\/v2\/users\/2"}],"replies":[{"embeddable":true,"href":"https:\/\/arantv.az\/index.php?rest_route=%2Fwp%2Fv2%2Fcomments&post=59582"}],"version-history":[{"count":0,"href":"https:\/\/arantv.az\/index.php?rest_route=\/wp\/v2\/posts\/59582\/revisions"}],"wp:featuredmedia":[{"embeddable":true,"href":"https:\/\/arantv.az\/index.php?rest_route=\/wp\/v2\/media\/59583"}],"wp:attachment":[{"href":"https:\/\/arantv.az\/index.php?rest_route=%2Fwp%2Fv2%2Fmedia&parent=59582"}],"wp:term":[{"taxonomy":"category","embeddable":true,"href":"https:\/\/arantv.az\/index.php?rest_route=%2Fwp%2Fv2%2Fcategories&post=59582"},{"taxonomy":"post_tag","embeddable":true,"href":"https:\/\/arantv.az\/index.php?rest_route=%2Fwp%2Fv2%2Ftags&post=59582"}],"curies":[{"name":"wp","href":"https:\/\/api.w.org\/{rel}","templated":true}]}}