{"id":59623,"date":"2019-05-20T12:20:36","date_gmt":"2019-05-20T09:20:36","guid":{"rendered":"http:\/\/arantv.az\/?p=59623"},"modified":"2019-05-20T12:20:36","modified_gmt":"2019-05-20T09:20:36","slug":"ail%c9%99d%c9%99ki-azyasli-usaqlara-gor%c9%99-fitr%c9%99-pulu-verm%c9%99k-lazimdirmi","status":"publish","type":"post","link":"https:\/\/arantv.az\/?p=59623","title":{"rendered":"Ail\u0259d\u0259ki azya\u015fl\u0131 u\u015faqlara g\u00f6r\u0259 fitr\u0259 pulu verm\u0259k laz\u0131md\u0131rm\u0131?"},"content":{"rendered":"<p><b>Ail\u0259d\u0259ki azya\u015fl\u0131 u\u015faqlara g\u00f6r\u0259 fitr\u0259 pulu verm\u0259k laz\u0131md\u0131rm\u0131? Hamil\u0259 qad\u0131n\u0131n b\u0259tnind\u0259ki k\u00f6rp\u0259y\u0259 g\u00f6r\u0259 d\u0259 fitr\u0259 verilm\u0259lidir?<\/b><\/p>\n<p>Fitr\u0259 z\u0259kat\u0131 \u0130slamda vacib olan dini \u00f6d\u0259ni\u015f n\u00f6v\u00fcd\u00fcr. \u00d6z\u00fc f\u0259qir olmayan h\u0259r k\u0259s Fitr bayram\u0131 ax\u015fam\u0131 \u015f\u0259ri\u0259td\u0259 n\u0259z\u0259rd\u0259 tutulmu\u015f miqdarda fitr\u0259 pulu ay\u0131r\u0131b t\u0259yinat\u0131 \u00fczr\u0259 f\u0259qirl\u0259r\u0259 \u00e7atd\u0131rmal\u0131d\u0131r. Fitr\u0259 z\u0259kat\u0131 ail\u0259nin h\u0259r bir \u00fczv\u00fc \u00fc\u00e7\u00fcn verilir. Burada ail\u0259 \u00fczv\u00fcn\u00fcn u\u015faq ya b\u00f6y\u00fck, qad\u0131n ya ki\u015fi olmas\u0131 f\u0259rq etm\u0259z. Azya\u015fl\u0131, h\u0259tta s\u00fcd\u0259m\u0259r k\u00f6rp\u0259 \u00fc\u00e7\u00fcn d\u0259 fitr\u0259 \u00f6d\u0259nm\u0259lidir. H\u0259tta bayram ax\u015fam\u0131, \u015fam azan\u0131ndan qabaq d\u00fcnyaya g\u0259lmi\u015f u\u015fa\u011f\u0131n da fitr\u0259si \u00e7\u0131xar\u0131lmal\u0131d\u0131r. Amma h\u0259l\u0259 d\u00fcnyaya g\u0259lm\u0259mi\u015f u\u015faq \u00fc\u00e7\u00fcn fitr\u0259 verm\u0259y\u0259 ehtiyac yoxdur.<\/p>\n","protected":false},"excerpt":{"rendered":"<p>Ail\u0259d\u0259ki azya\u015fl\u0131 u\u015faqlara g\u00f6r\u0259 fitr\u0259 pulu verm\u0259k laz\u0131md\u0131rm\u0131? Hamil\u0259 qad\u0131n\u0131n b\u0259tnind\u0259ki k\u00f6rp\u0259y\u0259 g\u00f6r\u0259 d\u0259 fitr\u0259 verilm\u0259lidir? Fitr\u0259 z\u0259kat\u0131 \u0130slamda vacib olan dini \u00f6d\u0259ni\u015f n\u00f6v\u00fcd\u00fcr. \u00d6z\u00fc f\u0259qir olmayan h\u0259r k\u0259s Fitr bayram\u0131 ax\u015fam\u0131 \u015f\u0259ri\u0259td\u0259 n\u0259z\u0259rd\u0259 tutulmu\u015f miqdarda fitr\u0259 pulu ay\u0131r\u0131b t\u0259yinat\u0131 \u00fczr\u0259 f\u0259qirl\u0259r\u0259 \u00e7atd\u0131rmal\u0131d\u0131r. Fitr\u0259 z\u0259kat\u0131 ail\u0259nin h\u0259r bir \u00fczv\u00fc \u00fc\u00e7\u00fcn verilir. Burada ail\u0259 \u00fczv\u00fcn\u00fcn u\u015faq ya b\u00f6y\u00fck, qad\u0131n ya ki\u015fi olmas\u0131 f\u0259rq etm\u0259z. Azya\u015fl\u0131, h\u0259tta s\u00fcd\u0259m\u0259r k\u00f6rp\u0259 \u00fc\u00e7\u00fcn d\u0259 fitr\u0259 \u00f6d\u0259nm\u0259lidir. H\u0259tta bayram ax\u015fam\u0131, \u015fam azan\u0131ndan qabaq d\u00fcnyaya g\u0259lmi\u015f u\u015fa\u011f\u0131n da fitr\u0259si \u00e7\u0131xar\u0131lmal\u0131d\u0131r. Amma h\u0259l\u0259 d\u00fcnyaya g\u0259lm\u0259mi\u015f u\u015faq \u00fc\u00e7\u00fcn fitr\u0259&hellip;<\/p>\n","protected":false},"author":2,"featured_media":59624,"comment_status":"closed","ping_status":"closed","sticky":false,"template":"","format":"standard","meta":{"om_disable_all_campaigns":false,"_monsterinsights_skip_tracking":false,"_monsterinsights_sitenote_active":false,"_monsterinsights_sitenote_note":"","_monsterinsights_sitenote_category":0},"categories":[1],"tags":[],"aioseo_notices":[],"gutentor_comment":0,"rttpg_featured_image_url":{"full":["https:\/\/arantv.az\/wp-content\/uploads\/2019\/05\/thumb_2-2.jpg",120,77,false],"landscape":["https:\/\/arantv.az\/wp-content\/uploads\/2019\/05\/thumb_2-2.jpg",120,77,false],"portraits":["https:\/\/arantv.az\/wp-content\/uploads\/2019\/05\/thumb_2-2.jpg",120,77,false],"thumbnail":["https:\/\/arantv.az\/wp-content\/uploads\/2019\/05\/thumb_2-2.jpg",120,77,false],"medium":["https:\/\/arantv.az\/wp-content\/uploads\/2019\/05\/thumb_2-2.jpg",120,77,false],"large":["https:\/\/arantv.az\/wp-content\/uploads\/2019\/05\/thumb_2-2.jpg",120,77,false],"1536x1536":["https:\/\/arantv.az\/wp-content\/uploads\/2019\/05\/thumb_2-2.jpg",120,77,false],"2048x2048":["https:\/\/arantv.az\/wp-content\/uploads\/2019\/05\/thumb_2-2.jpg",120,77,false],"post-thumbnail":["https:\/\/arantv.az\/wp-content\/uploads\/2019\/05\/thumb_2-2.jpg",120,77,false],"advps-thumb-one":["https:\/\/arantv.az\/wp-content\/uploads\/2019\/05\/thumb_2-2.jpg",120,77,false]},"rttpg_author":{"display_name":"V\u00fcsal Rafiqo\u011flu","author_link":"https:\/\/arantv.az\/?author=2"},"rttpg_comment":0,"rttpg_category":"<a href=\"https:\/\/arantv.az\/?cat=1\" rel=\"category\">C\u0259miyy\u0259t<\/a>","rttpg_excerpt":"Ail\u0259d\u0259ki azya\u015fl\u0131 u\u015faqlara g\u00f6r\u0259 fitr\u0259 pulu verm\u0259k laz\u0131md\u0131rm\u0131? Hamil\u0259 qad\u0131n\u0131n b\u0259tnind\u0259ki k\u00f6rp\u0259y\u0259 g\u00f6r\u0259 d\u0259 fitr\u0259 verilm\u0259lidir? Fitr\u0259 z\u0259kat\u0131 \u0130slamda vacib olan dini \u00f6d\u0259ni\u015f n\u00f6v\u00fcd\u00fcr. \u00d6z\u00fc f\u0259qir olmayan h\u0259r k\u0259s Fitr bayram\u0131 ax\u015fam\u0131 \u015f\u0259ri\u0259td\u0259 n\u0259z\u0259rd\u0259 tutulmu\u015f miqdarda fitr\u0259 pulu ay\u0131r\u0131b t\u0259yinat\u0131 \u00fczr\u0259 f\u0259qirl\u0259r\u0259 \u00e7atd\u0131rmal\u0131d\u0131r. Fitr\u0259 z\u0259kat\u0131 ail\u0259nin h\u0259r bir \u00fczv\u00fc \u00fc\u00e7\u00fcn verilir. Burada ail\u0259 \u00fczv\u00fcn\u00fcn u\u015faq&hellip;","_links":{"self":[{"href":"https:\/\/arantv.az\/index.php?rest_route=\/wp\/v2\/posts\/59623"}],"collection":[{"href":"https:\/\/arantv.az\/index.php?rest_route=\/wp\/v2\/posts"}],"about":[{"href":"https:\/\/arantv.az\/index.php?rest_route=\/wp\/v2\/types\/post"}],"author":[{"embeddable":true,"href":"https:\/\/arantv.az\/index.php?rest_route=\/wp\/v2\/users\/2"}],"replies":[{"embeddable":true,"href":"https:\/\/arantv.az\/index.php?rest_route=%2Fwp%2Fv2%2Fcomments&post=59623"}],"version-history":[{"count":0,"href":"https:\/\/arantv.az\/index.php?rest_route=\/wp\/v2\/posts\/59623\/revisions"}],"wp:featuredmedia":[{"embeddable":true,"href":"https:\/\/arantv.az\/index.php?rest_route=\/wp\/v2\/media\/59624"}],"wp:attachment":[{"href":"https:\/\/arantv.az\/index.php?rest_route=%2Fwp%2Fv2%2Fmedia&parent=59623"}],"wp:term":[{"taxonomy":"category","embeddable":true,"href":"https:\/\/arantv.az\/index.php?rest_route=%2Fwp%2Fv2%2Fcategories&post=59623"},{"taxonomy":"post_tag","embeddable":true,"href":"https:\/\/arantv.az\/index.php?rest_route=%2Fwp%2Fv2%2Ftags&post=59623"}],"curies":[{"name":"wp","href":"https:\/\/api.w.org\/{rel}","templated":true}]}}