{"id":59626,"date":"2019-05-20T12:33:38","date_gmt":"2019-05-20T09:33:38","guid":{"rendered":"http:\/\/arantv.az\/?p=59626"},"modified":"2019-05-20T12:34:02","modified_gmt":"2019-05-20T09:34:02","slug":"b%c9%99rd%c9%99-rayon-tarix-diyarsunasliq-muzeyi-t%c9%99r%c9%99find%c9%99n-beyn%c9%99lxalq-muzeyl%c9%99r-gunun%c9%99-h%c9%99sr-olunmus-t%c9%99dbir-kecirildi-video","status":"publish","type":"post","link":"https:\/\/arantv.az\/?p=59626","title":{"rendered":"B\u0259rd\u0259 rayon Tarix-diyar\u015f\u00fcnasl\u0131q muzeyi t\u0259r\u0259find\u0259n Beyn\u0259lxalq Muzeyl\u0259r G\u00fcn\u00fcn\u0259 h\u0259sr olunmu\u015f t\u0259dbir ke\u00e7irildi.-Video"},"content":{"rendered":"<p><iframe loading=\"lazy\" width=\"640\" height=\"360\" src=\"https:\/\/www.youtube.com\/embed\/SUIpHawqygI?feature=oembed\" frameborder=\"0\" allow=\"accelerometer; autoplay; encrypted-media; gyroscope; picture-in-picture\" allowfullscreen><\/iframe><\/p>\n<p>&nbsp;<\/p>\n<p>18 May Beyn\u0259lxalq Muzey G\u00fcn\u00fc d\u00fcnyan\u0131n bir \u00e7ox \u00f6lk\u0259sind\u0259 qeyd olunur. Bu m\u00fcnasib\u0259tl\u0259 B\u0259rd\u0259 rayonunda Tariximizi Qoruyaq adl\u0131 t\u0259dbir ke\u00e7irilib.T\u0259dbir B\u0259rd\u0259 rayonunun N\u00fc\u015fab\u0259 T\u00fcrb\u0259sind\u0259 qar\u015f\u0131sinda t\u0259\u015fkil olunmu\u015fdur. T\u0259dbird\u0259 B\u0259rd\u0259 \u015f\u0259h\u0259r \u0130cra Hakimiyy\u0259tinin t\u0259hsil, m\u0259d\u0259niyy\u0259t \u015f\u00f6b\u0259l\u0259rinin n\u00fcmay\u0259nd\u0259l\u0259ri, m\u0259kt\u0259blil\u0259r v\u0259 rayonda f\u0259aliyy\u0259t g\u00f6st\u0259r\u0259n qeyri h\u00f6k\u00fcm\u0259t t\u0259\u015fkilatlar\u0131 da i\u015ftirak edibl\u0259r. T\u0259dbird\u0259 Az\u0259rbaycan xalq\u0131n\u0131n folklor, m\u0259i\u015f\u0259t v\u0259 s\u0259n\u0259tkarl\u0131\u011f\u0131n\u0131 t\u0259r\u0259nn\u00fcm ed\u0259n maddi m\u0259d\u0259niyy\u0259t n\u00fcmun\u0259l\u0259rind\u0259n ibar\u0259t dekorasiyada t\u0259\u015fkil edilmi\u015fdir. Dekorasiya t\u0259dbir i\u015ftirak\u00e7\u0131lar\u0131 t\u0259r\u0259find\u0259n x\u00fcsusil\u0259 maraqla v\u0259 diqq\u0259tl\u0259 qar\u015f\u0131land\u0131. T\u0259dbirin t\u0259\u015fkilat\u00e7\u0131s\u0131 Diyar\u015f\u00fcnasl\u0131q muzeyinin direktor k\u00f6m\u0259k\u00e7\u0131s\u0131 Mehriban \u018fliyeva t\u0259dbiri giri\u015f s\u00f6z\u00fc il\u0259 a\u00e7araq bildirirdi ki, Beyn\u0259lxalq Muzeyl\u0259r \u015euras\u0131n\u0131n t\u0259\u015f\u0259bb\u00fcs\u00fc il\u0259 1977-ci ild\u0259 t\u0259sis olunmu\u015f bu \u0259lam\u0259tdar g\u00fcn\u00fcn m\u0259qs\u0259di muzeyl\u0259ri tan\u0131tmaqd\u0131r. V\u0259 1993-c\u00fc ild\u0259n Az\u0259rbaycanda da bu g\u00fcn qeyd olunur. Mehriban \u018fliyeva onuda qeyd etdi ki Beyn\u0259lxalq Muzeyl\u0259r \u015euras\u0131n\u0131n Az\u0259rbaycan milli komit\u0259sind\u0259 39 muzey, 15 t\u0259\u015fkilat, 100 \u00fczv\u00fcn f\u0259aliyy\u0259t g\u00f6st\u0259rdiyini bildirdi. \u00c7\u0131x\u0131\u015f ed\u0259nl\u0259r muzeyl\u0259rin yaranma tarixi v\u0259 onlar\u0131n qorunub saxlan\u0131lmas\u0131 \u0259h\u0259miy\u0259tind\u0259n dan\u0131sd\u0131lar bildirdil\u0259rki son ill\u0259r Az\u0259rbaycanda turizm v\u0259 muzey\u00e7ilik \u0259n\u0259n\u0259l\u0259ri n\u0259z\u0259r\u0259\u00e7arpacaq \u015f\u0259kild\u0259 inki\u015faf edib. D\u00fcnyan\u0131n h\u0259r yerind\u0259n \u00f6lk\u0259miz\u0259 g\u0259l\u0259n turistl\u0259rin say\u0131 ild\u0259n-il\u0259 art\u0131r. Turizmin inki\u015faf\u0131n\u0131 m\u0259d\u0259niyy\u0259tin x\u0259zin\u0259si say\u0131lan muzeyl\u0259rsiz t\u0259s\u0259vv\u00fcr etm\u0259k \u00e7\u0259tindir. Turizm inki\u015faf etdikc\u0259, muzeyl\u0259rimizd\u0259 d\u0259 bir canlanma, oyan\u0131\u015f hiss olunur. Muzeyl\u0259rin \u0259sas v\u0259zif\u0259si \u0259\u015fyalar\u0131n v\u0259 eksponatlar\u0131n, sad\u0259c\u0259 qorunub \u00f6yr\u0259nilm\u0259si deyil, h\u0259m d\u0259 onu t\u0259bli\u011f etm\u0259kd\u0259n ibar\u0259tdir. Qeyd olundu ki, bu bayram bir qayda olaraq xalqlar aras\u0131nda m\u0259d\u0259ni m\u00fcbadil\u0259 v\u0259 \u0259m\u0259kda\u015fl\u0131\u011f\u0131n inki\u015faf\u0131na k\u00f6m\u0259k \u015f\u00fcar\u0131 il\u0259 ke\u00e7irilir. Muzeyl\u0259r m\u0259n\u0259vi d\u0259y\u0259rl\u0259ri toplayan, qoruyan v\u0259 t\u0259bli\u011f ed\u0259n m\u00fc\u0259ssis\u0259l\u0259rdir. Daha sonra m\u0259kt\u0259blil\u0259r n\u00fcmayi\u015f etdirdikl\u0259ri s\u0259hn\u0259cikl\u0259r, mahn\u0131lar, r\u0259qsl\u0259r b\u00f6y\u00fck maraqla qar\u015f\u0131land\u0131. M\u0259lumat \u00fc\u00e7\u00fcn bildir\u0259k ki, Z\u0259ngin eksponatlara malik B\u0259rd\u0259 tarix Diyar\u015f\u00fcnasl\u0131q Muzeyind\u0259 da\u015f d\u00f6vr\u00fcnd\u0259n bu yana XIX-XXI-ci \u0259srl\u0259r\u0259 q\u0259d\u0259r d\u00f6vr\u00fc \u0259hat\u0259 etm\u0259kl\u0259 3100-\u0259 q\u0259d\u0259r tarixi eksponat toplan\u0131b. Burada \u0259n q\u0259dim eksponat\u0131n 3500 ya\u015f\u0131 var. Bu da da\u015f d\u00f6vr\u00fcn\u0259 aid da\u015fdan haz\u0131rlanan \u0259m\u0259k al\u0259tidir. Arxeoloji qaz\u0131nt\u0131lar zaman\u0131 tap\u0131lm\u0131\u015f bir \u00e7ox \u0259m\u0259k al\u0259tl\u0259ri, misg\u0259rlik n\u00fcmun\u0259l\u0259ri, saxs\u0131 qablar, III-V \u0259srl\u0259r\u0259 aid Sasanil\u0259r d\u00f6vr\u00fcnd\u0259 z\u0259rb edilmi\u015f d\u0259mir pullar, e.\u0259. aid \u015f\u00fc\u015f\u0259 par\u00e7alar\u0131 B\u0259rd\u0259nin q\u0259dim tarixini \u00f6z\u00fcnd\u0259 ya\u015fad\u0131r.<\/p>\n","protected":false},"excerpt":{"rendered":"<p>&nbsp; 18 May Beyn\u0259lxalq Muzey G\u00fcn\u00fc d\u00fcnyan\u0131n bir \u00e7ox \u00f6lk\u0259sind\u0259 qeyd olunur. Bu m\u00fcnasib\u0259tl\u0259 B\u0259rd\u0259 rayonunda Tariximizi Qoruyaq adl\u0131 t\u0259dbir ke\u00e7irilib.T\u0259dbir B\u0259rd\u0259 rayonunun N\u00fc\u015fab\u0259 T\u00fcrb\u0259sind\u0259 qar\u015f\u0131sinda t\u0259\u015fkil olunmu\u015fdur. T\u0259dbird\u0259 B\u0259rd\u0259 \u015f\u0259h\u0259r \u0130cra Hakimiyy\u0259tinin t\u0259hsil, m\u0259d\u0259niyy\u0259t \u015f\u00f6b\u0259l\u0259rinin n\u00fcmay\u0259nd\u0259l\u0259ri, m\u0259kt\u0259blil\u0259r v\u0259 rayonda f\u0259aliyy\u0259t g\u00f6st\u0259r\u0259n qeyri h\u00f6k\u00fcm\u0259t t\u0259\u015fkilatlar\u0131 da i\u015ftirak edibl\u0259r. T\u0259dbird\u0259 Az\u0259rbaycan xalq\u0131n\u0131n folklor, m\u0259i\u015f\u0259t v\u0259 s\u0259n\u0259tkarl\u0131\u011f\u0131n\u0131 t\u0259r\u0259nn\u00fcm ed\u0259n maddi m\u0259d\u0259niyy\u0259t n\u00fcmun\u0259l\u0259rind\u0259n ibar\u0259t dekorasiyada t\u0259\u015fkil edilmi\u015fdir. Dekorasiya t\u0259dbir i\u015ftirak\u00e7\u0131lar\u0131 t\u0259r\u0259find\u0259n x\u00fcsusil\u0259 maraqla v\u0259 diqq\u0259tl\u0259 qar\u015f\u0131land\u0131. T\u0259dbirin t\u0259\u015fkilat\u00e7\u0131s\u0131 Diyar\u015f\u00fcnasl\u0131q muzeyinin direktor k\u00f6m\u0259k\u00e7\u0131s\u0131 Mehriban \u018fliyeva t\u0259dbiri giri\u015f s\u00f6z\u00fc il\u0259 a\u00e7araq bildirirdi ki, Beyn\u0259lxalq Muzeyl\u0259r&hellip;<\/p>\n","protected":false},"author":2,"featured_media":59628,"comment_status":"closed","ping_status":"closed","sticky":false,"template":"","format":"standard","meta":{"om_disable_all_campaigns":false,"_monsterinsights_skip_tracking":false,"_monsterinsights_sitenote_active":false,"_monsterinsights_sitenote_note":"","_monsterinsights_sitenote_category":0},"categories":[11,2],"tags":[],"aioseo_notices":[],"gutentor_comment":0,"rttpg_featured_image_url":{"full":["https:\/\/arantv.az\/wp-content\/uploads\/2019\/05\/60396925_2299024447018769_2355577115593670656_n.jpg",1260,631,false],"landscape":["https:\/\/arantv.az\/wp-content\/uploads\/2019\/05\/60396925_2299024447018769_2355577115593670656_n.jpg",1260,631,false],"portraits":["https:\/\/arantv.az\/wp-content\/uploads\/2019\/05\/60396925_2299024447018769_2355577115593670656_n.jpg",1260,631,false],"thumbnail":["https:\/\/arantv.az\/wp-content\/uploads\/2019\/05\/60396925_2299024447018769_2355577115593670656_n-150x150.jpg",150,150,true],"medium":["https:\/\/arantv.az\/wp-content\/uploads\/2019\/05\/60396925_2299024447018769_2355577115593670656_n-300x150.jpg",300,150,true],"large":["https:\/\/arantv.az\/wp-content\/uploads\/2019\/05\/60396925_2299024447018769_2355577115593670656_n-1024x513.jpg",640,321,true],"1536x1536":["https:\/\/arantv.az\/wp-content\/uploads\/2019\/05\/60396925_2299024447018769_2355577115593670656_n.jpg",1260,631,false],"2048x2048":["https:\/\/arantv.az\/wp-content\/uploads\/2019\/05\/60396925_2299024447018769_2355577115593670656_n.jpg",1260,631,false],"post-thumbnail":["https:\/\/arantv.az\/wp-content\/uploads\/2019\/05\/60396925_2299024447018769_2355577115593670656_n-240x172.jpg",240,172,true],"advps-thumb-one":["https:\/\/arantv.az\/wp-content\/uploads\/2019\/05\/60396925_2299024447018769_2355577115593670656_n-1200x620.jpg",1200,620,true]},"rttpg_author":{"display_name":"V\u00fcsal Rafiqo\u011flu","author_link":"https:\/\/arantv.az\/?author=2"},"rttpg_comment":0,"rttpg_category":"<a href=\"https:\/\/arantv.az\/?cat=11\" rel=\"category\">Manset<\/a> <a href=\"https:\/\/arantv.az\/?cat=2\" rel=\"category\">Region X\u0259b\u0259rl\u0259ri<\/a>","rttpg_excerpt":"&nbsp; 18 May Beyn\u0259lxalq Muzey G\u00fcn\u00fc d\u00fcnyan\u0131n bir \u00e7ox \u00f6lk\u0259sind\u0259 qeyd olunur. Bu m\u00fcnasib\u0259tl\u0259 B\u0259rd\u0259 rayonunda Tariximizi Qoruyaq adl\u0131 t\u0259dbir ke\u00e7irilib.T\u0259dbir B\u0259rd\u0259 rayonunun N\u00fc\u015fab\u0259 T\u00fcrb\u0259sind\u0259 qar\u015f\u0131sinda t\u0259\u015fkil olunmu\u015fdur. T\u0259dbird\u0259 B\u0259rd\u0259 \u015f\u0259h\u0259r \u0130cra Hakimiyy\u0259tinin t\u0259hsil, m\u0259d\u0259niyy\u0259t \u015f\u00f6b\u0259l\u0259rinin n\u00fcmay\u0259nd\u0259l\u0259ri, m\u0259kt\u0259blil\u0259r v\u0259 rayonda f\u0259aliyy\u0259t g\u00f6st\u0259r\u0259n qeyri h\u00f6k\u00fcm\u0259t t\u0259\u015fkilatlar\u0131 da i\u015ftirak edibl\u0259r. T\u0259dbird\u0259 Az\u0259rbaycan xalq\u0131n\u0131n folklor, m\u0259i\u015f\u0259t v\u0259 s\u0259n\u0259tkarl\u0131\u011f\u0131n\u0131&hellip;","_links":{"self":[{"href":"https:\/\/arantv.az\/index.php?rest_route=\/wp\/v2\/posts\/59626"}],"collection":[{"href":"https:\/\/arantv.az\/index.php?rest_route=\/wp\/v2\/posts"}],"about":[{"href":"https:\/\/arantv.az\/index.php?rest_route=\/wp\/v2\/types\/post"}],"author":[{"embeddable":true,"href":"https:\/\/arantv.az\/index.php?rest_route=\/wp\/v2\/users\/2"}],"replies":[{"embeddable":true,"href":"https:\/\/arantv.az\/index.php?rest_route=%2Fwp%2Fv2%2Fcomments&post=59626"}],"version-history":[{"count":0,"href":"https:\/\/arantv.az\/index.php?rest_route=\/wp\/v2\/posts\/59626\/revisions"}],"wp:featuredmedia":[{"embeddable":true,"href":"https:\/\/arantv.az\/index.php?rest_route=\/wp\/v2\/media\/59628"}],"wp:attachment":[{"href":"https:\/\/arantv.az\/index.php?rest_route=%2Fwp%2Fv2%2Fmedia&parent=59626"}],"wp:term":[{"taxonomy":"category","embeddable":true,"href":"https:\/\/arantv.az\/index.php?rest_route=%2Fwp%2Fv2%2Fcategories&post=59626"},{"taxonomy":"post_tag","embeddable":true,"href":"https:\/\/arantv.az\/index.php?rest_route=%2Fwp%2Fv2%2Ftags&post=59626"}],"curies":[{"name":"wp","href":"https:\/\/api.w.org\/{rel}","templated":true}]}}