{"id":59676,"date":"2019-05-20T14:04:33","date_gmt":"2019-05-20T11:04:33","guid":{"rendered":"http:\/\/arantv.az\/?p=59676"},"modified":"2019-05-20T14:04:33","modified_gmt":"2019-05-20T11:04:33","slug":"c%c9%99nubi-qafqazin-guc-m%c9%99rk%c9%99zi-kimi-cixis-ed%c9%99n-az%c9%99rbaycanla-%c9%99m%c9%99kdasliq-siyasi-v%c9%99-iqtisadi-dividendl%c9%99r-v%c9%99d-edir","status":"publish","type":"post","link":"https:\/\/arantv.az\/?p=59676","title":{"rendered":"&#8220;C\u0259nubi Qafqaz\u0131n g\u00fcc m\u0259rk\u0259zi kimi \u00e7\u0131x\u0131\u015f ed\u0259n Az\u0259rbaycanla \u0259m\u0259kda\u015fl\u0131q siyasi v\u0259 iqtisadi dividendl\u0259r v\u0259d edir&#8221;"},"content":{"rendered":"<blockquote><p><em><strong>Prezidenti \u0130lham \u018fliyevin Bel\u00e7ikaya s\u0259f\u0259ri \u00e7\u0259r\u00e7iv\u0259sind\u0259 Avropa \u0130ttifaq\u0131n\u0131n (A\u0130) r\u0259smil\u0259ri il\u0259 ke\u00e7iril\u0259n g\u00f6r\u00fc\u015fl\u0259r t\u0259r\u0259fl\u0259r aras\u0131nda m\u00fcnasib\u0259tl\u0259rin yeni m\u0259rh\u0259l\u0259y\u0259 q\u0259d\u0259m qoydu\u011funu dem\u0259y\u0259 \u0259sas verir.<\/strong><\/em><\/p><\/blockquote>\n<p><strong>ARANTV.AZ<\/strong>\u00a0 x\u0259b\u0259r verir ki, bunu<span style=\"color: #000000;\">\u00a0<a style=\"color: #000000;\" href=\"https:\/\/az.trend.az\/\" target=\"_blank\" rel=\"noopener\">Trend<\/a><\/span>-\u0259 Milli M\u0259clisin Beyn\u0259lxalq m\u00fcnasib\u0259tl\u0259r v\u0259 parlamentl\u0259raras\u0131 \u0259laq\u0259l\u0259r komit\u0259sinin s\u0259dr m\u00fcavini, YAP-\u0131n Beyn\u0259lxalq \u0259laq\u0259l\u0259r \u015f\u00f6b\u0259sinin m\u00fcdiri Sevinc F\u0259t\u0259liyeva deyib.<\/p>\n<p>S.F\u0259t\u0259liyeva bildirib ki, Az\u0259rbaycan \u00f6z milli maraqlar\u0131 \u00e7\u0259r\u00e7iv\u0259sind\u0259 Avropa \u0130ttifaq\u0131 il\u0259 \u0259m\u0259kda\u015fl\u0131\u011fa b\u00f6y\u00fck \u00f6n\u0259m verir. \u00d6z n\u00f6vb\u0259sind\u0259, Avropa \u0130ttifaq\u0131 da \u00f6lk\u0259mizl\u0259 m\u00fcnasib\u0259tl\u0259rin inki\u015faf\u0131nda maraql\u0131 t\u0259r\u0259f kimi \u00e7\u0131x\u0131\u015f edir.<\/p>\n<p>Onun s\u00f6zl\u0259rin\u0259 g\u00f6r\u0259, bu g\u00fcn Az\u0259rbaycanla qar\u015f\u0131l\u0131ql\u0131 faydal\u0131 \u0259m\u0259kda\u015fl\u0131\u011fa \u0259saslanan t\u0259r\u0259fda\u015fl\u0131q m\u00fcnasib\u0259tl\u0259rinin davam v\u0259 inki\u015faf etdirilm\u0259si A\u0130 \u00fc\u00e7\u00fcn x\u00fcsusi \u0259h\u0259miyy\u0259t da\u015f\u0131y\u0131r. \u00c7\u00fcnki C\u0259nubi Qafqaz regionunun g\u00fcc m\u0259rk\u0259zi kimi \u00e7\u0131x\u0131\u015f ed\u0259n, m\u00fch\u00fcm geostrateji \u00fcst\u00fcnl\u00fckl\u0259r\u0259 sahib olan Az\u0259rbaycanla \u0259m\u0259kda\u015fl\u0131q siyasi v\u0259 iqtisadi perspektivl\u0259r n\u00f6qteyi-n\u0259z\u0259rind\u0259n \u0259h\u0259miyy\u0259tli dividendl\u0259r v\u0259d edir:<\/p>\n<p>&#8220;Avropa \u0130ttifaq\u0131 r\u0259smil\u0259ri Az\u0259rbaycan\u0131n etibarl\u0131 v\u0259 m\u0259suliyy\u0259tli t\u0259r\u0259fda\u015f oldu\u011funu v\u0259 regiondak\u0131 rolunun y\u00fcks\u0259k qiym\u0259tl\u0259ndirildiyini b\u0259yan edib. Eyni zamanda, Az\u0259rbaycan &#8220;\u015e\u0259rq T\u0259r\u0259fda\u015fl\u0131\u011f\u0131&#8221; Proqram\u0131 \u00e7\u0259r\u00e7iv\u0259sind\u0259 d\u0259 Avropa \u0130ttifaq\u0131 il\u0259 s\u0131x \u0259m\u0259kda\u015fl\u0131q edir. S\u0259f\u0259r zaman\u0131 Prezident \u0130lham \u018fliyev d\u0259 Az\u0259rbaycan\u0131n &#8220;\u015e\u0259rq T\u0259r\u0259fda\u015fl\u0131\u011f\u0131&#8221; Proqram\u0131nda i\u015ftirak ed\u0259n f\u0259al \u00f6lk\u0259l\u0259rd\u0259n biri oldu\u011funu vur\u011fulay\u0131b. D\u00f6vl\u0259timizin ba\u015f\u00e7\u0131s\u0131 ke\u00e7iril\u0259n b\u00fct\u00fcn g\u00f6r\u00fc\u015fl\u0259rd\u0259, o c\u00fcml\u0259d\u0259n Avropa \u0130ttifaq\u0131 \u015euras\u0131n\u0131n prezidenti Donald Tuskun ad\u0131ndan \u015e\u0259rq T\u0259r\u0259fda\u015fl\u0131\u011f\u0131 \u00f6lk\u0259l\u0259rinin d\u00f6vl\u0259t v\u0259 h\u00f6kum\u0259t ba\u015f\u00e7\u0131lar\u0131n\u0131n \u015f\u0259r\u0259fin\u0259 veril\u0259n \u015fam yem\u0259yind\u0259 \u00e7\u0131x\u0131\u015f\u0131 zaman\u0131 Erm\u0259nistan\u0131n Az\u0259rbaycana qar\u015f\u0131 i\u015f\u011fal\u00e7\u0131l\u0131q siyas\u0259ti haqq\u0131nda m\u0259lumat verib. Prezident \u0130lham \u018fliyev xat\u0131rlad\u0131b ki, \u00f6t\u0259n il Br\u00fcsseld\u0259 Az\u0259rbaycan v\u0259 Avropa \u0130ttifaq\u0131 aras\u0131nda paraflanm\u0131\u015f &#8220;T\u0259r\u0259fda\u015fl\u0131q prioritetl\u0259ri&#8221; s\u0259n\u0259dind\u0259 d\u0259 \u00f6lk\u0259mizin beyn\u0259lxalq s\u0259viyy\u0259d\u0259 tan\u0131nm\u0131\u015f s\u0259rh\u0259dl\u0259ri daxilind\u0259 \u0259razi b\u00fct\u00f6vl\u00fcy\u00fcn\u0259 v\u0259 suverenliyin\u0259 d\u0259st\u0259k ifad\u0259 olunub. Bu s\u0259n\u0259din birinci b\u0259ndind\u0259 qeyd edildiyi kimi, \u0259m\u0259kda\u015fl\u0131\u011f\u0131n daha da g\u00fccl\u0259ndirilm\u0259si m\u0259qs\u0259dil\u0259 qar\u015f\u0131l\u0131ql\u0131 maraq v\u0259 birg\u0259 d\u0259y\u0259rl\u0259r\u0259 \u0259saslanaraq Az\u0259rbaycan v\u0259 Avropa \u0130ttifaq\u0131 t\u0259r\u0259find\u0259n birg\u0259 t\u0259r\u0259fda\u015fl\u0131q prioritetl\u0259ri raz\u0131la\u015fd\u0131r\u0131l\u0131b. M\u00fch\u00fcm m\u0259qam odur ki, s\u0259n\u0259dd\u0259 h\u0259r iki t\u0259r\u0259fin \u00f6lk\u0259l\u0259rin \u0259razi b\u00fct\u00f6vl\u00fcy\u00fc, m\u00fcst\u0259qilliyi v\u0259 suverenliyi il\u0259 yana\u015f\u0131, d\u00f6vl\u0259tl\u0259rin beyn\u0259lxalq s\u0259rh\u0259dl\u0259rin toxunulmazl\u0131\u011f\u0131n\u0131n d\u0259st\u0259kl\u0259nm\u0259sin\u0259 sadiqliyi ifad\u0259 olunur. B\u00fct\u00f6vl\u00fckd\u0259, Prezident \u0130lham \u018fliyevin Br\u00fcssel\u0259 s\u0259f\u0259ri b\u00f6y\u00fck \u0259h\u0259miyy\u0259t k\u0259sb edir&#8221;.<\/p>\n<p>Deputat t\u0259\u0259ss\u00fcfl\u0259 bildirib ki, Az\u0259rbaycan\u0131n u\u011furlu inki\u015faf\u0131, beyn\u0259lxalq n\u00fcfuzunun artmas\u0131 v\u0259 dig\u0259r m\u00fcsb\u0259t reall\u0131qlar anti-Az\u0259rbaycan dair\u0259l\u0259r t\u0259r\u0259find\u0259n narahatl\u0131qla qar\u015f\u0131lan\u0131r. Bunu \u00f6lk\u0259mizd\u0259n k\u0259narda ya\u015fayan b\u0259zi qruplar\u0131n davran\u0131\u015flar\u0131nda hiss etm\u0259k olur:<\/p>\n<p>&#8220;Siyasi m\u0259hbus&#8221; m\u0259s\u0259l\u0259sinin g\u00fcnd\u0259m\u0259 g\u0259tirilm\u0259si, beyn\u0259lxalq t\u0259dbirl\u0259r \u00f6nc\u0259si &#8220;qara piar&#8221; kampaniyas\u0131na r\u0259vac verilm\u0259si \u00f6lk\u0259mizin n\u00fcfuzuna k\u00f6lg\u0259 salma\u011fa hesablanm\u0131\u015f, sifari\u015fl\u0259r hesab\u0131na at\u0131lan add\u0131mlard\u0131r. H\u0259min dair\u0259l\u0259r \u00f6z m\u0259hdud maraqlar\u0131 namin\u0259 \u00f6lk\u0259mizin daxili v\u0259 xarici siyas\u0259t kursuna m\u00fcdaxil\u0259 etm\u0259y\u0259, bunun \u00fc\u00e7\u00fcn d\u0259 Az\u0259rbaycana qar\u015f\u0131 t\u0259zyiq mexanizmini i\u015f\u0259 salma\u011fa \u00e7al\u0131\u015f\u0131rlar. Az\u0259rbaycana qar\u015f\u0131 t\u0259zyiq kampaniyas\u0131n\u0131n t\u0259rkib hiss\u0259si olan bu c\u00fcr add\u0131mlar\u0131n sonu fiaskodur. \u00c7\u00fcnki y\u00fcks\u0259k beyn\u0259lxalq n\u00fcfuza v\u0259 dayan\u0131ql\u0131 inki\u015fafa malik olan Az\u0259rbaycan \u00f6z prinsipial m\u00f6vqeyind\u0259n v\u0259 m\u00fcst\u0259qil siyas\u0259tind\u0259n geri \u00e7\u0259kilm\u0259k niyy\u0259tind\u0259 deyil. Bu c\u00fcr vasit\u0259l\u0259rl\u0259 \u00f6lk\u0259mizd\u0259 ictimai r\u0259y\u0259 t\u0259sir etm\u0259k v\u0259 Az\u0259rbaycan\u0131n pozitiv beyn\u0259lxalq imicin\u0259 k\u00f6lg\u0259 salmaq m\u00fcmk\u00fcn deyil&#8221;.<\/p>\n","protected":false},"excerpt":{"rendered":"<p>Prezidenti \u0130lham \u018fliyevin Bel\u00e7ikaya s\u0259f\u0259ri \u00e7\u0259r\u00e7iv\u0259sind\u0259 Avropa \u0130ttifaq\u0131n\u0131n (A\u0130) r\u0259smil\u0259ri il\u0259 ke\u00e7iril\u0259n g\u00f6r\u00fc\u015fl\u0259r t\u0259r\u0259fl\u0259r aras\u0131nda m\u00fcnasib\u0259tl\u0259rin yeni m\u0259rh\u0259l\u0259y\u0259 q\u0259d\u0259m qoydu\u011funu dem\u0259y\u0259 \u0259sas verir. ARANTV.AZ\u00a0 x\u0259b\u0259r verir ki, bunu\u00a0Trend-\u0259 Milli M\u0259clisin Beyn\u0259lxalq m\u00fcnasib\u0259tl\u0259r v\u0259 parlamentl\u0259raras\u0131 \u0259laq\u0259l\u0259r komit\u0259sinin s\u0259dr m\u00fcavini, YAP-\u0131n Beyn\u0259lxalq \u0259laq\u0259l\u0259r \u015f\u00f6b\u0259sinin m\u00fcdiri Sevinc F\u0259t\u0259liyeva deyib. S.F\u0259t\u0259liyeva bildirib ki, Az\u0259rbaycan \u00f6z milli maraqlar\u0131 \u00e7\u0259r\u00e7iv\u0259sind\u0259 Avropa \u0130ttifaq\u0131 il\u0259 \u0259m\u0259kda\u015fl\u0131\u011fa b\u00f6y\u00fck \u00f6n\u0259m verir. \u00d6z n\u00f6vb\u0259sind\u0259, Avropa \u0130ttifaq\u0131 da \u00f6lk\u0259mizl\u0259 m\u00fcnasib\u0259tl\u0259rin inki\u015faf\u0131nda maraql\u0131 t\u0259r\u0259f kimi \u00e7\u0131x\u0131\u015f edir. Onun s\u00f6zl\u0259rin\u0259 g\u00f6r\u0259, bu g\u00fcn Az\u0259rbaycanla qar\u015f\u0131l\u0131ql\u0131 faydal\u0131 \u0259m\u0259kda\u015fl\u0131\u011fa \u0259saslanan t\u0259r\u0259fda\u015fl\u0131q m\u00fcnasib\u0259tl\u0259rinin davam v\u0259 inki\u015faf etdirilm\u0259si&hellip;<\/p>\n","protected":false},"author":2,"featured_media":59677,"comment_status":"closed","ping_status":"closed","sticky":false,"template":"","format":"standard","meta":{"om_disable_all_campaigns":false,"_monsterinsights_skip_tracking":false,"_monsterinsights_sitenote_active":false,"_monsterinsights_sitenote_note":"","_monsterinsights_sitenote_category":0},"categories":[4],"tags":[],"aioseo_notices":[],"gutentor_comment":0,"rttpg_featured_image_url":{"full":["https:\/\/arantv.az\/wp-content\/uploads\/2019\/05\/756403.jpg",800,600,false],"landscape":["https:\/\/arantv.az\/wp-content\/uploads\/2019\/05\/756403.jpg",800,600,false],"portraits":["https:\/\/arantv.az\/wp-content\/uploads\/2019\/05\/756403.jpg",800,600,false],"thumbnail":["https:\/\/arantv.az\/wp-content\/uploads\/2019\/05\/756403-150x150.jpg",150,150,true],"medium":["https:\/\/arantv.az\/wp-content\/uploads\/2019\/05\/756403-300x225.jpg",300,225,true],"large":["https:\/\/arantv.az\/wp-content\/uploads\/2019\/05\/756403.jpg",640,480,false],"1536x1536":["https:\/\/arantv.az\/wp-content\/uploads\/2019\/05\/756403.jpg",800,600,false],"2048x2048":["https:\/\/arantv.az\/wp-content\/uploads\/2019\/05\/756403.jpg",800,600,false],"post-thumbnail":["https:\/\/arantv.az\/wp-content\/uploads\/2019\/05\/756403-240x172.jpg",240,172,true],"advps-thumb-one":["https:\/\/arantv.az\/wp-content\/uploads\/2019\/05\/756403.jpg",800,600,false]},"rttpg_author":{"display_name":"V\u00fcsal Rafiqo\u011flu","author_link":"https:\/\/arantv.az\/?author=2"},"rttpg_comment":0,"rttpg_category":"<a href=\"https:\/\/arantv.az\/?cat=4\" rel=\"category\">Siyas\u0259t<\/a>","rttpg_excerpt":"Prezidenti \u0130lham \u018fliyevin Bel\u00e7ikaya s\u0259f\u0259ri \u00e7\u0259r\u00e7iv\u0259sind\u0259 Avropa \u0130ttifaq\u0131n\u0131n (A\u0130) r\u0259smil\u0259ri il\u0259 ke\u00e7iril\u0259n g\u00f6r\u00fc\u015fl\u0259r t\u0259r\u0259fl\u0259r aras\u0131nda m\u00fcnasib\u0259tl\u0259rin yeni m\u0259rh\u0259l\u0259y\u0259 q\u0259d\u0259m qoydu\u011funu dem\u0259y\u0259 \u0259sas verir. ARANTV.AZ\u00a0 x\u0259b\u0259r verir ki, bunu\u00a0Trend-\u0259 Milli M\u0259clisin Beyn\u0259lxalq m\u00fcnasib\u0259tl\u0259r v\u0259 parlamentl\u0259raras\u0131 \u0259laq\u0259l\u0259r komit\u0259sinin s\u0259dr m\u00fcavini, YAP-\u0131n Beyn\u0259lxalq \u0259laq\u0259l\u0259r \u015f\u00f6b\u0259sinin m\u00fcdiri Sevinc F\u0259t\u0259liyeva deyib. S.F\u0259t\u0259liyeva bildirib ki, Az\u0259rbaycan \u00f6z milli maraqlar\u0131 \u00e7\u0259r\u00e7iv\u0259sind\u0259 Avropa&hellip;","_links":{"self":[{"href":"https:\/\/arantv.az\/index.php?rest_route=\/wp\/v2\/posts\/59676"}],"collection":[{"href":"https:\/\/arantv.az\/index.php?rest_route=\/wp\/v2\/posts"}],"about":[{"href":"https:\/\/arantv.az\/index.php?rest_route=\/wp\/v2\/types\/post"}],"author":[{"embeddable":true,"href":"https:\/\/arantv.az\/index.php?rest_route=\/wp\/v2\/users\/2"}],"replies":[{"embeddable":true,"href":"https:\/\/arantv.az\/index.php?rest_route=%2Fwp%2Fv2%2Fcomments&post=59676"}],"version-history":[{"count":0,"href":"https:\/\/arantv.az\/index.php?rest_route=\/wp\/v2\/posts\/59676\/revisions"}],"wp:featuredmedia":[{"embeddable":true,"href":"https:\/\/arantv.az\/index.php?rest_route=\/wp\/v2\/media\/59677"}],"wp:attachment":[{"href":"https:\/\/arantv.az\/index.php?rest_route=%2Fwp%2Fv2%2Fmedia&parent=59676"}],"wp:term":[{"taxonomy":"category","embeddable":true,"href":"https:\/\/arantv.az\/index.php?rest_route=%2Fwp%2Fv2%2Fcategories&post=59676"},{"taxonomy":"post_tag","embeddable":true,"href":"https:\/\/arantv.az\/index.php?rest_route=%2Fwp%2Fv2%2Ftags&post=59676"}],"curies":[{"name":"wp","href":"https:\/\/api.w.org\/{rel}","templated":true}]}}