{"id":596862,"date":"2023-05-03T09:06:26","date_gmt":"2023-05-03T05:06:26","guid":{"rendered":"https:\/\/arantv.az\/?p=596862"},"modified":"2023-05-03T09:06:26","modified_gmt":"2023-05-03T05:06:26","slug":"masinin-r%c9%99ngi-texniki-pasportda-gost%c9%99rils%c9%99-d%c9%99-niy%c9%99-c%c9%99rim%c9%99-meydancasina-aparilib-aciqlama-video","status":"publish","type":"post","link":"https:\/\/arantv.az\/?p=596862","title":{"rendered":"Ma\u015f\u0131n\u0131n r\u0259ngi texniki pasportda g\u00f6st\u0259rils\u0259 d\u0259, niy\u0259 c\u0259rim\u0259 meydan\u00e7as\u0131na apar\u0131l\u0131b? &#8211; A\u00c7IQLAMA + V\u0130DEO"},"content":{"rendered":"<article class=\"news\">\n<div class=\"news-inner\">\n<p>Paytaxtda ya\u015fayan imi\u015fli rayon sakini\u00a0avtomobilinin qanunsuz yer\u0259 c\u0259rim\u0259 meydan\u00e7as\u0131na apar\u0131ld\u0131\u011f\u0131n\u0131 iddia edib.<\/p>\n<p>Xezerxeber.az x\u0259b\u0259r verir ki, buna s\u0259b\u0259b kimi n\u0259qliyat v\u0259sit\u0259sinin r\u0259nginin qanunauy\u011fun olmad\u0131\u011f\u0131 g\u00f6st\u0259rilib.<\/p>\n<p>M\u00fcq\u0259dd\u0259s Orucovun s\u00f6zl\u0259rin\u0259 g\u00f6r\u0259, D\u00f6vl\u0259t Yol Polisi \u0259m\u0259kda\u015flar\u0131 ona aprelin 30-da Ziya B\u00fcnyadov prospektind\u0259 \u201csaxla\u201d\u00a0i\u015far\u0259si veribl\u0259r. Saxlanmas\u0131na s\u0259b\u0259b kimi avtomobilind\u0259 r\u0259ng uy\u011funsuzlu\u011fu g\u00f6st\u0259rilib.<\/p>\n<p>V\u0259t\u0259nda\u015f deyir ki, n\u0259qliyyat vasit\u0259sinin r\u0259ngl\u0259ri texniki pasportda qeyd edildiyi halda onun saxlanmas\u0131 qanunsuzdur. 2019-cu ild\u0259n h\u0259min avtomobili idar\u0259 ed\u0259n s\u00fcr\u00fcc\u00fc indiy\u0259 kimi bel\u0259 v\u0259ziyy\u0259tl\u0259 qar\u015f\u0131la\u015fmad\u0131\u011f\u0131n\u0131 deyib:<\/p>\n<p>\u201cS\u00fcr\u00fcc\u00fc iddia edir ki, polis \u0259m\u0259kda\u015flar\u0131 ona he\u00e7 bir \u0259sas g\u00f6st\u0259r\u0259 bilm\u0259yibl\u0259r. Buna baxmayaraq n\u0259qliyyat vasit\u0259si c\u0259rim\u0259 meydan\u00e7as\u0131na apar\u0131l\u0131b\u201d.<\/p>\n<p>M\u0259s\u0259l\u0259 il\u0259 ba\u011fl\u0131 Ba\u015f D\u00f6vl\u0259t Yol Polisi \u0130dar\u0259sind\u0259n bildirilib ki, n\u0259qliyyat vasit\u0259sinin duraca\u011fa apar\u0131lmas\u0131n\u0131n \u0259sas s\u0259b\u0259bi s\u00fcr\u00fcc\u00fcn\u00fcn 2 aydan art\u0131q \u00f6d\u0259nilm\u0259y\u0259n c\u0259rim\u0259 borclar\u0131n\u0131n olmas\u0131 il\u0259 ba\u011fl\u0131d\u0131r.<\/p>\n<p>Qeyd edilib ki, bununla yana\u015f\u0131, s\u00fcr\u00fcc\u00fc n\u0259qliyyat vasit\u0259sinin qeydiyyat \u015f\u0259had\u0259tnam\u0259sind\u0259 dam\u0131 qara n\u0259z\u0259rd\u0259 tutuldu\u011fu halda s\u00fcr\u00fcc\u00fc avtomobilin qap\u0131lar\u0131n\u0131n \u0259traf\u0131n\u0131 v\u0259 qap\u0131 dir\u0259kl\u0259rin d\u0259 qanunsuz olaraq qara r\u0259ng\u0259 boyay\u0131b.<\/p>\n<p>Daha \u0259trafl\u0131 s\u00fcjetd\u0259:<\/p>\n<div><iframe loading=\"lazy\" title=\"YouTube video player\" src=\"https:\/\/www.youtube.com\/embed\/_pp9Qin9R40\" width=\"560\" height=\"315\" frameborder=\"0\" allowfullscreen=\"allowfullscreen\" data-mce-fragment=\"1\"><\/iframe><\/div>\n<\/div>\n<\/article>\n","protected":false},"excerpt":{"rendered":"<p>Paytaxtda ya\u015fayan imi\u015fli rayon sakini\u00a0avtomobilinin qanunsuz yer\u0259 c\u0259rim\u0259 meydan\u00e7as\u0131na apar\u0131ld\u0131\u011f\u0131n\u0131 iddia edib. Xezerxeber.az x\u0259b\u0259r verir ki, buna s\u0259b\u0259b kimi n\u0259qliyat v\u0259sit\u0259sinin r\u0259nginin qanunauy\u011fun olmad\u0131\u011f\u0131 g\u00f6st\u0259rilib. M\u00fcq\u0259dd\u0259s Orucovun s\u00f6zl\u0259rin\u0259 g\u00f6r\u0259, D\u00f6vl\u0259t Yol Polisi \u0259m\u0259kda\u015flar\u0131 ona aprelin 30-da Ziya B\u00fcnyadov prospektind\u0259 \u201csaxla\u201d\u00a0i\u015far\u0259si veribl\u0259r. Saxlanmas\u0131na s\u0259b\u0259b kimi avtomobilind\u0259 r\u0259ng uy\u011funsuzlu\u011fu g\u00f6st\u0259rilib. V\u0259t\u0259nda\u015f deyir ki, n\u0259qliyyat vasit\u0259sinin r\u0259ngl\u0259ri texniki pasportda qeyd edildiyi halda onun saxlanmas\u0131 qanunsuzdur. 2019-cu ild\u0259n h\u0259min avtomobili idar\u0259 ed\u0259n s\u00fcr\u00fcc\u00fc indiy\u0259 kimi bel\u0259 v\u0259ziyy\u0259tl\u0259 qar\u015f\u0131la\u015fmad\u0131\u011f\u0131n\u0131 deyib: \u201cS\u00fcr\u00fcc\u00fc iddia edir ki, polis \u0259m\u0259kda\u015flar\u0131 ona he\u00e7 bir \u0259sas g\u00f6st\u0259r\u0259 bilm\u0259yibl\u0259r. Buna baxmayaraq n\u0259qliyyat&hellip;<\/p>\n","protected":false},"author":2,"featured_media":596863,"comment_status":"closed","ping_status":"closed","sticky":false,"template":"","format":"standard","meta":{"om_disable_all_campaigns":false,"_monsterinsights_skip_tracking":false,"_monsterinsights_sitenote_active":false,"_monsterinsights_sitenote_note":"","_monsterinsights_sitenote_category":0},"categories":[1],"tags":[],"aioseo_notices":[],"gutentor_comment":0,"rttpg_featured_image_url":{"full":["https:\/\/arantv.az\/wp-content\/uploads\/2023\/05\/FotoJet-74.jpg",620,413,false],"landscape":["https:\/\/arantv.az\/wp-content\/uploads\/2023\/05\/FotoJet-74.jpg",620,413,false],"portraits":["https:\/\/arantv.az\/wp-content\/uploads\/2023\/05\/FotoJet-74.jpg",620,413,false],"thumbnail":["https:\/\/arantv.az\/wp-content\/uploads\/2023\/05\/FotoJet-74-500x280.jpg",500,280,true],"medium":["https:\/\/arantv.az\/wp-content\/uploads\/2023\/05\/FotoJet-74-548x365.jpg",548,365,true],"large":["https:\/\/arantv.az\/wp-content\/uploads\/2023\/05\/FotoJet-74.jpg",620,413,false],"1536x1536":["https:\/\/arantv.az\/wp-content\/uploads\/2023\/05\/FotoJet-74.jpg",620,413,false],"2048x2048":["https:\/\/arantv.az\/wp-content\/uploads\/2023\/05\/FotoJet-74.jpg",620,413,false],"post-thumbnail":["https:\/\/arantv.az\/wp-content\/uploads\/2023\/05\/FotoJet-74-240x172.jpg",240,172,true],"advps-thumb-one":["https:\/\/arantv.az\/wp-content\/uploads\/2023\/05\/FotoJet-74.jpg",620,413,false]},"rttpg_author":{"display_name":"V\u00fcsal Rafiqo\u011flu","author_link":"https:\/\/arantv.az\/?author=2"},"rttpg_comment":0,"rttpg_category":"<a href=\"https:\/\/arantv.az\/?cat=1\" rel=\"category\">C\u0259miyy\u0259t<\/a>","rttpg_excerpt":"Paytaxtda ya\u015fayan imi\u015fli rayon sakini\u00a0avtomobilinin qanunsuz yer\u0259 c\u0259rim\u0259 meydan\u00e7as\u0131na apar\u0131ld\u0131\u011f\u0131n\u0131 iddia edib. Xezerxeber.az x\u0259b\u0259r verir ki, buna s\u0259b\u0259b kimi n\u0259qliyat v\u0259sit\u0259sinin r\u0259nginin qanunauy\u011fun olmad\u0131\u011f\u0131 g\u00f6st\u0259rilib. M\u00fcq\u0259dd\u0259s Orucovun s\u00f6zl\u0259rin\u0259 g\u00f6r\u0259, D\u00f6vl\u0259t Yol Polisi \u0259m\u0259kda\u015flar\u0131 ona aprelin 30-da Ziya B\u00fcnyadov prospektind\u0259 \u201csaxla\u201d\u00a0i\u015far\u0259si veribl\u0259r. Saxlanmas\u0131na s\u0259b\u0259b kimi avtomobilind\u0259 r\u0259ng uy\u011funsuzlu\u011fu g\u00f6st\u0259rilib. V\u0259t\u0259nda\u015f deyir ki, n\u0259qliyyat vasit\u0259sinin r\u0259ngl\u0259ri texniki&hellip;","_links":{"self":[{"href":"https:\/\/arantv.az\/index.php?rest_route=\/wp\/v2\/posts\/596862"}],"collection":[{"href":"https:\/\/arantv.az\/index.php?rest_route=\/wp\/v2\/posts"}],"about":[{"href":"https:\/\/arantv.az\/index.php?rest_route=\/wp\/v2\/types\/post"}],"author":[{"embeddable":true,"href":"https:\/\/arantv.az\/index.php?rest_route=\/wp\/v2\/users\/2"}],"replies":[{"embeddable":true,"href":"https:\/\/arantv.az\/index.php?rest_route=%2Fwp%2Fv2%2Fcomments&post=596862"}],"version-history":[{"count":0,"href":"https:\/\/arantv.az\/index.php?rest_route=\/wp\/v2\/posts\/596862\/revisions"}],"wp:featuredmedia":[{"embeddable":true,"href":"https:\/\/arantv.az\/index.php?rest_route=\/wp\/v2\/media\/596863"}],"wp:attachment":[{"href":"https:\/\/arantv.az\/index.php?rest_route=%2Fwp%2Fv2%2Fmedia&parent=596862"}],"wp:term":[{"taxonomy":"category","embeddable":true,"href":"https:\/\/arantv.az\/index.php?rest_route=%2Fwp%2Fv2%2Fcategories&post=596862"},{"taxonomy":"post_tag","embeddable":true,"href":"https:\/\/arantv.az\/index.php?rest_route=%2Fwp%2Fv2%2Ftags&post=596862"}],"curies":[{"name":"wp","href":"https:\/\/api.w.org\/{rel}","templated":true}]}}