{"id":596897,"date":"2023-05-03T09:37:02","date_gmt":"2023-05-03T05:37:02","guid":{"rendered":"https:\/\/arantv.az\/?p=596897"},"modified":"2023-05-03T09:37:02","modified_gmt":"2023-05-03T05:37:02","slug":"beyn%c9%99lxalq-konfransin-istirakcilari-qarabaga-gedibl%c9%99r-foto","status":"publish","type":"post","link":"https:\/\/arantv.az\/?p=596897","title":{"rendered":"Beyn\u0259lxalq konfrans\u0131n i\u015ftirak\u00e7\u0131lar\u0131 Qaraba\u011fa gedibl\u0259r &#8211; FOTO"},"content":{"rendered":"<p>Bak\u0131da ADA Universitetind\u0259 ke\u00e7iril\u0259n ilk sessiyadan sonra Heyd\u0259r \u018fliyevin anadan olmas\u0131n\u0131n 100 illiyin\u0259 h\u0259sr olunmu\u015f \u201cB\u00f6y\u00fck Avrasiya geosiyas\u0259tinin formala\u015fmas\u0131: ke\u00e7mi\u015fd\u0259n bu g\u00fcn\u0259 v\u0259 g\u0259l\u0259c\u0259y\u0259\u201d adl\u0131 beyn\u0259lxalq konfrans\u0131n i\u015ftirak\u00e7\u0131lar\u0131 F\u00fczuli Beyn\u0259lxalq Hava Liman\u0131na \u00e7at\u0131blar.<\/p>\n<p>Bu bar\u0259d\u0259 \u201cReport\u201dun F\u00fczuliy\u0259 ezam olunmu\u015f \u0259m\u0259kda\u015f\u0131 x\u0259b\u0259r verir.<\/p>\n<p>Konfransda d\u00fcnyan\u0131n 30-dan \u00e7ox \u00f6lk\u0259sind\u0259n 60-a yax\u0131n alim v\u0259 ekspert i\u015ftirak edib.<\/p>\n<p>Konfrans\u0131n ikinci sessiyas\u0131 bu g\u00fcn \u015eu\u015fada ke\u00e7iril\u0259c\u0259k.<\/p>\n<p>&nbsp;<\/p>\n<div class=\"gallery\">\n<div class=\"gallery-i\"><img src=\"https:\/\/cdn.oxu.az\/uploads\/W1siZiIsIjIwMjMvMDUvMDMvMDkvMDIvMjYvMWEwMzNhMmUtMWQ4NS00MWE1LTkxNGYtNjE3YTAwYTc1MDNlLzNhYzBmMTMwLThkMWYtMzFjMS04OTVkLWRiZTQ0YmYyYmM1My5qcGciXSxbInAiLCJlbmNvZGUiLCJqcGciLCItcXVhbGl0eSA4MCJdLFsicCIsInRodW1iIiwiNTkweDU5MFx1MDAzZSJdXQ?sha=1d7bbdedad9ee98a\" alt=\"\" \/><\/p>\n<div class=\"gallery-i-caption\"><\/div>\n<\/div>\n<div class=\"gallery-i\"><img src=\"https:\/\/cdn.oxu.az\/uploads\/W1siZiIsIjIwMjMvMDUvMDMvMDkvMDIvMjYvZDE0OTNhNmEtMDc4Zi00MmQ3LWFjMTEtMThjMTQ0ZDNiZjM4L2U4OGI4ZjRkLWZmOWEtM2E1MS05M2M2LTY0ZDhjZjhjYjIyYy5qcGciXSxbInAiLCJlbmNvZGUiLCJqcGciLCItcXVhbGl0eSA4MCJdLFsicCIsInRodW1iIiwiNTkweDU5MFx1MDAzZSJdXQ?sha=2c3ca86452960e5d\" alt=\"\" \/><\/p>\n<div class=\"gallery-i-caption\"><\/div>\n<\/div>\n<div class=\"gallery-i\"><img src=\"https:\/\/cdn.oxu.az\/uploads\/W1siZiIsIjIwMjMvMDUvMDMvMDkvMDIvMjYvNTNlY2Q1NDMtYWVhYi00Njg1LThlNmMtYTBjOWY1ZDU4YjJiLzI0MDA0ZjJlLWIyNGMtMzBlNC05ZjkzLWJiYjcxYmVkNjFmNS5qcGciXSxbInAiLCJlbmNvZGUiLCJqcGciLCItcXVhbGl0eSA4MCJdLFsicCIsInRodW1iIiwiNTkweDU5MFx1MDAzZSJdXQ?sha=c83ffd520fe0f3f4\" alt=\"\" \/><\/p>\n<div class=\"gallery-i-caption\"><\/div>\n<\/div>\n<div class=\"gallery-i\"><img src=\"https:\/\/cdn.oxu.az\/uploads\/W1siZiIsIjIwMjMvMDUvMDMvMDkvMDIvMjYvMGY0ZmJhNzItZWE2My00NDZjLWI0NjQtMzk1MmMyOTczOTM4LzI0MDgwMzhmLWZkYjUtM2U0Ny05ZTYzLWNhM2FjODZiZjIxYi5qcGciXSxbInAiLCJlbmNvZGUiLCJqcGciLCItcXVhbGl0eSA4MCJdLFsicCIsInRodW1iIiwiNTkweDU5MFx1MDAzZSJdXQ?sha=04b99cd6dc0021f4\" alt=\"\" \/><\/p>\n<div class=\"gallery-i-caption\"><\/div>\n<\/div>\n<div class=\"gallery-i\"><img src=\"https:\/\/cdn.oxu.az\/uploads\/W1siZiIsIjIwMjMvMDUvMDMvMDkvMDIvMjcvMzk1YWNlYTAtZDkwZi00ZjE5LThiNDctY2FmMDU4YTEwZDA2L2MzMWE4NWI5LTA3NDgtMzU4Ny05YjkxLWY5OGVlMDNmNTgzZC5qcGciXSxbInAiLCJlbmNvZGUiLCJqcGciLCItcXVhbGl0eSA4MCJdLFsicCIsInRodW1iIiwiNTkweDU5MFx1MDAzZSJdXQ?sha=f2bc41d425b1c262\" alt=\"\" \/><\/div>\n<\/div>\n","protected":false},"excerpt":{"rendered":"<p>Bak\u0131da ADA Universitetind\u0259 ke\u00e7iril\u0259n ilk sessiyadan sonra Heyd\u0259r \u018fliyevin anadan olmas\u0131n\u0131n 100 illiyin\u0259 h\u0259sr olunmu\u015f \u201cB\u00f6y\u00fck Avrasiya geosiyas\u0259tinin formala\u015fmas\u0131: ke\u00e7mi\u015fd\u0259n bu g\u00fcn\u0259 v\u0259 g\u0259l\u0259c\u0259y\u0259\u201d adl\u0131 beyn\u0259lxalq konfrans\u0131n i\u015ftirak\u00e7\u0131lar\u0131 F\u00fczuli Beyn\u0259lxalq Hava Liman\u0131na \u00e7at\u0131blar. Bu bar\u0259d\u0259 \u201cReport\u201dun F\u00fczuliy\u0259 ezam olunmu\u015f \u0259m\u0259kda\u015f\u0131 x\u0259b\u0259r verir. Konfransda d\u00fcnyan\u0131n 30-dan \u00e7ox \u00f6lk\u0259sind\u0259n 60-a yax\u0131n alim v\u0259 ekspert i\u015ftirak edib. Konfrans\u0131n ikinci sessiyas\u0131 bu g\u00fcn \u015eu\u015fada ke\u00e7iril\u0259c\u0259k. &nbsp;<\/p>\n","protected":false},"author":2,"featured_media":596898,"comment_status":"closed","ping_status":"closed","sticky":false,"template":"","format":"standard","meta":{"om_disable_all_campaigns":false,"_monsterinsights_skip_tracking":false,"_monsterinsights_sitenote_active":false,"_monsterinsights_sitenote_note":"","_monsterinsights_sitenote_category":0},"categories":[4],"tags":[],"aioseo_notices":[],"gutentor_comment":0,"rttpg_featured_image_url":{"full":["https:\/\/arantv.az\/wp-content\/uploads\/2023\/05\/a7412408-2a33-36df-9b46-85fd226a0d0c_850.jpg",620,413,false],"landscape":["https:\/\/arantv.az\/wp-content\/uploads\/2023\/05\/a7412408-2a33-36df-9b46-85fd226a0d0c_850.jpg",620,413,false],"portraits":["https:\/\/arantv.az\/wp-content\/uploads\/2023\/05\/a7412408-2a33-36df-9b46-85fd226a0d0c_850.jpg",620,413,false],"thumbnail":["https:\/\/arantv.az\/wp-content\/uploads\/2023\/05\/a7412408-2a33-36df-9b46-85fd226a0d0c_850-500x280.jpg",500,280,true],"medium":["https:\/\/arantv.az\/wp-content\/uploads\/2023\/05\/a7412408-2a33-36df-9b46-85fd226a0d0c_850-548x365.jpg",548,365,true],"large":["https:\/\/arantv.az\/wp-content\/uploads\/2023\/05\/a7412408-2a33-36df-9b46-85fd226a0d0c_850.jpg",620,413,false],"1536x1536":["https:\/\/arantv.az\/wp-content\/uploads\/2023\/05\/a7412408-2a33-36df-9b46-85fd226a0d0c_850.jpg",620,413,false],"2048x2048":["https:\/\/arantv.az\/wp-content\/uploads\/2023\/05\/a7412408-2a33-36df-9b46-85fd226a0d0c_850.jpg",620,413,false],"post-thumbnail":["https:\/\/arantv.az\/wp-content\/uploads\/2023\/05\/a7412408-2a33-36df-9b46-85fd226a0d0c_850-240x172.jpg",240,172,true],"advps-thumb-one":["https:\/\/arantv.az\/wp-content\/uploads\/2023\/05\/a7412408-2a33-36df-9b46-85fd226a0d0c_850.jpg",620,413,false]},"rttpg_author":{"display_name":"V\u00fcsal Rafiqo\u011flu","author_link":"https:\/\/arantv.az\/?author=2"},"rttpg_comment":0,"rttpg_category":"<a href=\"https:\/\/arantv.az\/?cat=4\" rel=\"category\">Siyas\u0259t<\/a>","rttpg_excerpt":"Bak\u0131da ADA Universitetind\u0259 ke\u00e7iril\u0259n ilk sessiyadan sonra Heyd\u0259r \u018fliyevin anadan olmas\u0131n\u0131n 100 illiyin\u0259 h\u0259sr olunmu\u015f \u201cB\u00f6y\u00fck Avrasiya geosiyas\u0259tinin formala\u015fmas\u0131: ke\u00e7mi\u015fd\u0259n bu g\u00fcn\u0259 v\u0259 g\u0259l\u0259c\u0259y\u0259\u201d adl\u0131 beyn\u0259lxalq konfrans\u0131n i\u015ftirak\u00e7\u0131lar\u0131 F\u00fczuli Beyn\u0259lxalq Hava Liman\u0131na \u00e7at\u0131blar. Bu bar\u0259d\u0259 \u201cReport\u201dun F\u00fczuliy\u0259 ezam olunmu\u015f \u0259m\u0259kda\u015f\u0131 x\u0259b\u0259r verir. Konfransda d\u00fcnyan\u0131n 30-dan \u00e7ox \u00f6lk\u0259sind\u0259n 60-a yax\u0131n alim v\u0259 ekspert i\u015ftirak edib. Konfrans\u0131n&hellip;","_links":{"self":[{"href":"https:\/\/arantv.az\/index.php?rest_route=\/wp\/v2\/posts\/596897"}],"collection":[{"href":"https:\/\/arantv.az\/index.php?rest_route=\/wp\/v2\/posts"}],"about":[{"href":"https:\/\/arantv.az\/index.php?rest_route=\/wp\/v2\/types\/post"}],"author":[{"embeddable":true,"href":"https:\/\/arantv.az\/index.php?rest_route=\/wp\/v2\/users\/2"}],"replies":[{"embeddable":true,"href":"https:\/\/arantv.az\/index.php?rest_route=%2Fwp%2Fv2%2Fcomments&post=596897"}],"version-history":[{"count":0,"href":"https:\/\/arantv.az\/index.php?rest_route=\/wp\/v2\/posts\/596897\/revisions"}],"wp:featuredmedia":[{"embeddable":true,"href":"https:\/\/arantv.az\/index.php?rest_route=\/wp\/v2\/media\/596898"}],"wp:attachment":[{"href":"https:\/\/arantv.az\/index.php?rest_route=%2Fwp%2Fv2%2Fmedia&parent=596897"}],"wp:term":[{"taxonomy":"category","embeddable":true,"href":"https:\/\/arantv.az\/index.php?rest_route=%2Fwp%2Fv2%2Fcategories&post=596897"},{"taxonomy":"post_tag","embeddable":true,"href":"https:\/\/arantv.az\/index.php?rest_route=%2Fwp%2Fv2%2Ftags&post=596897"}],"curies":[{"name":"wp","href":"https:\/\/api.w.org\/{rel}","templated":true}]}}