{"id":596900,"date":"2023-05-03T09:37:52","date_gmt":"2023-05-03T05:37:52","guid":{"rendered":"https:\/\/arantv.az\/?p=596900"},"modified":"2023-05-03T09:37:52","modified_gmt":"2023-05-03T05:37:52","slug":"az%c9%99rbaycan-il%c9%99-avstriya-arasinda-birbasa-aviareysl%c9%99r%c9%99-start-verilib-foto","status":"publish","type":"post","link":"https:\/\/arantv.az\/?p=596900","title":{"rendered":"Az\u0259rbaycan il\u0259 Avstriya aras\u0131nda birba\u015fa aviareysl\u0259r\u0259 start verilib &#8211; FOTO"},"content":{"rendered":"<p>May\u0131n 2-d\u0259 Vyana Beyn\u0259lxalq Hava Liman\u0131nda Bak\u0131-Vyana-Bak\u0131 mar\u015frutu \u00fczr\u0259 ilk u\u00e7u\u015f h\u0259yata ke\u00e7ir\u0259n t\u0259yyar\u0259nin t\u0259nt\u0259n\u0259li qar\u015f\u0131lanma m\u0259rasimi olub.<\/p>\n<p>AZ\u018fRTAC x\u0259b\u0259r verir ki, Az\u0259rbaycan\u0131n Avstriyadak\u0131 s\u0259firliyi v\u0259 \u201cAz\u0259rbaycan Hava Yollar\u0131\u201d QSC-nin d\u0259st\u0259yi v\u0259 Vyana Beyn\u0259lxalq Hava Liman\u0131n\u0131n t\u0259\u015fkilat\u00e7\u0131l\u0131\u011f\u0131 il\u0259 ke\u00e7iril\u0259n m\u0259rasimd\u0259 AZAL-a m\u0259xsus t\u0259yyar\u0259 eni\u015f zola\u011f\u0131nda \u0259n\u0259n\u0259vi su \u015f\u0131rna\u011f\u0131 il\u0259 qar\u015f\u0131lan\u0131b, Bak\u0131dan y\u00fcks\u0259kv\u0259zif\u0259li r\u0259smi qonaqlar\u0131n i\u015ftirak\u0131 il\u0259 t\u0259yyar\u0259 \u00f6n\u00fcnd\u0259 r\u0259mzi lent k\u0259silib, daha sonra m\u0259rasim media n\u00fcmay\u0259nd\u0259l\u0259rinin d\u0259 i\u015ftirak etdiyi r\u0259smi hiss\u0259 il\u0259 davam edib.<\/p>\n<p>R\u0259smi hiss\u0259d\u0259 Az\u0259rbaycan Respublikas\u0131n\u0131n xarici i\u015fl\u0259r nazirinin m\u00fcavini X\u0259l\u0259f X\u0259l\u0259fov, Az\u0259rbaycan\u0131n Avstriyadak\u0131 s\u0259firi R\u00f6v\u015f\u0259n Sad\u0131qb\u0259yli, \u201cAz\u0259rbaycan Hava Yollar\u0131\u201d QSC-nin icra\u00e7\u0131 direktorunun m\u00fcavini C\u0259mil Manizad\u0259 v\u0259 Vyana Beyn\u0259lxalq Hava Liman\u0131n\u0131n ba\u015f icra\u00e7\u0131 direktoru Yulian Yaqer \u00e7\u0131x\u0131\u015f edibl\u0259r.<\/p>\n<p>\u00c7\u0131x\u0131\u015flar zaman\u0131 bildirilib ki, son 30 il \u0259rzind\u0259 Az\u0259rbaycan il\u0259 Avstriya aras\u0131nda \u0259laq\u0259l\u0259r qar\u015f\u0131l\u0131ql\u0131 anla\u015fma v\u0259 dostluq \u0259sas\u0131nda davaml\u0131 \u015f\u0259kild\u0259 inki\u015faf edir. Paytaxt \u015f\u0259h\u0259rl\u0259r aras\u0131nda birba\u015fa aviareysin a\u00e7\u0131lmas\u0131 Az\u0259rbaycan-Avstriya m\u00fcnasib\u0259tl\u0259rind\u0259 m\u00fch\u00fcm m\u0259rh\u0259l\u0259 olmaqla yana\u015f\u0131, \u00f6lk\u0259l\u0259r aras\u0131nda turizm ax\u0131n\u0131n\u0131 g\u00fccl\u0259ndir\u0259c\u0259k, siyasi dialoqun inki\u015faf\u0131, iqtisadi, m\u0259d\u0259ni v\u0259 dig\u0259r sah\u0259l\u0259rd\u0259 \u0259laq\u0259l\u0259rin geni\u015fl\u0259ndirilm\u0259sin\u0259 t\u00f6hf\u0259 ver\u0259c\u0259k. Avropa il\u0259 Asiyan\u0131n k\u0259si\u015fm\u0259 n\u00f6qt\u0259sind\u0259 strateji m\u00f6vqey\u0259 malik Az\u0259rbaycan\u0131n Avropan\u0131n m\u0259rk\u0259zind\u0259 yerl\u0259\u015f\u0259n Avstriya il\u0259 hava k\u00f6rp\u00fcs\u00fc rolunu oynayan bu ba\u011flant\u0131, eyni zamanda, n\u0259qliyyat v\u0259 ba\u011fl\u0131l\u0131q sah\u0259sind\u0259 \u0259m\u0259kda\u015fl\u0131\u011f\u0131n d\u0259rinl\u0259\u015fm\u0259sin\u0259 imkan yaradacaq. H\u0259m\u00e7inin qeyd edilib ki, yay m\u00f6vs\u00fcm\u00fc ba\u015flamadan u\u00e7u\u015flara start verilm\u0259si h\u0259r iki \u00f6lk\u0259nin turizm potensial\u0131ndan s\u0259m\u0259r\u0259li \u015f\u0259kild\u0259 istifad\u0259sin\u0259 meydan a\u00e7acaq.<\/p>\n<p>Qeyd edilm\u0259lidir ki, AZAL t\u0259r\u0259find\u0259n birba\u015fa m\u00fcnt\u0259z\u0259m reysl\u0259r h\u0259r h\u0259ft\u0259nin \u00e7\u0259r\u015f\u0259nb\u0259 ax\u015fam\u0131 v\u0259 c\u00fcm\u0259 g\u00fcnl\u0259ri s\u0259h\u0259r saatlar\u0131nda h\u0259yata ke\u00e7iril\u0259c\u0259k. Reysl\u0259r Bak\u0131 il\u0259 Vyana aras\u0131nda s\u00fcr\u0259tli v\u0259 rahat u\u00e7u\u015fu t\u0259min ed\u0259c\u0259k.<\/p>\n<p>&nbsp;<\/p>\n<div class=\"gallery\">\n<div class=\"gallery-i\"><img src=\"https:\/\/cdn.oxu.az\/uploads\/W1siZiIsIjIwMjMvMDUvMDMvMDgvNTkvMDMvOTE4ZWYzY2MtN2U1Yi00ZDc3LWIxMjctNjk5NmU0N2ZlNjc3LzE2ODMwNDM4NTQzNjEyODk5N18xMDAweDY2OS5qcGciXSxbInAiLCJlbmNvZGUiLCJqcGciLCItcXVhbGl0eSA4MCJdLFsicCIsInRodW1iIiwiNTkweDU5MFx1MDAzZSJdXQ?sha=ba88796d39511fc5\" alt=\"\" \/><\/p>\n<div class=\"gallery-i-caption\"><\/div>\n<\/div>\n<div class=\"gallery-i\"><img src=\"https:\/\/cdn.oxu.az\/uploads\/W1siZiIsIjIwMjMvMDUvMDMvMDgvNTkvMDMvMWZiOGNhNTMtNWUwMi00ZTgxLTlhMjAtNGJiZDlhMGU2ZWZiLzE2ODMwNDM4NTQzMjMzNTI2MzhfMTAwMHg2NjkuanBnIl0sWyJwIiwiZW5jb2RlIiwianBnIiwiLXF1YWxpdHkgODAiXSxbInAiLCJ0aHVtYiIsIjU5MHg1OTBcdTAwM2UiXV0?sha=9cf23fa755e994cc\" alt=\"\" \/><\/p>\n<div class=\"gallery-i-caption\"><\/div>\n<\/div>\n<div class=\"gallery-i\"><img src=\"https:\/\/cdn.oxu.az\/uploads\/W1siZiIsIjIwMjMvMDUvMDMvMDgvNTkvMDMvN2ZkYjNjNWItMTUyMS00MTY1LWJmOGQtMjJmZDhlNTg0ODE2LzE2ODMwNDM4NTQxMjk1MDE1NDg1XzEwMDB4NjY5LmpwZyJdLFsicCIsImVuY29kZSIsImpwZyIsIi1xdWFsaXR5IDgwIl0sWyJwIiwidGh1bWIiLCI1OTB4NTkwXHUwMDNlIl1d?sha=7edbd37014f21aa5\" alt=\"\" \/><\/p>\n<div class=\"gallery-i-caption\"><\/div>\n<\/div>\n<div class=\"gallery-i\"><img src=\"https:\/\/cdn.oxu.az\/uploads\/W1siZiIsIjIwMjMvMDUvMDMvMDgvNTkvMDMvM2M3ZDA2YWEtN2M0Yi00YmM1LTkzMTUtZjU2ZjE4Njk1ZTYxLzE2ODMwNDM4NTQzNTEwMjI4MTA1XzEwMDB4NjY5LmpwZyJdLFsicCIsImVuY29kZSIsImpwZyIsIi1xdWFsaXR5IDgwIl0sWyJwIiwidGh1bWIiLCI1OTB4NTkwXHUwMDNlIl1d?sha=9006f59d1cdff50b\" alt=\"\" \/><\/p>\n<div class=\"gallery-i-caption\"><\/div>\n<\/div>\n<div class=\"gallery-i\"><img src=\"https:\/\/cdn.oxu.az\/uploads\/W1siZiIsIjIwMjMvMDUvMDMvMDgvNTkvMDMvZDNkODJjYzMtM2Q2ZS00NGIwLTg3MjctYTIxZDM1ODVmNjFiLzE2ODMwNDM4NTQyMjIyNTE0ODIzXzEwMDB4NjY5LmpwZyJdLFsicCIsImVuY29kZSIsImpwZyIsIi1xdWFsaXR5IDgwIl0sWyJwIiwidGh1bWIiLCI1OTB4NTkwXHUwMDNlIl1d?sha=0d124c1198edeea6\" alt=\"\" \/><\/p>\n<div class=\"gallery-i-caption\"><\/div>\n<\/div>\n<div class=\"gallery-i\"><img src=\"https:\/\/cdn.oxu.az\/uploads\/W1siZiIsIjIwMjMvMDUvMDMvMDgvNTkvMDIvMWJjOTQwMTQtZGMwZS00ODUyLTg3YjgtZjhiZGYzYzIyYTZiLzE2ODMwNDM4NTQyNzYyODg4NjFfMTAwMHg2NjkuanBnIl0sWyJwIiwiZW5jb2RlIiwianBnIiwiLXF1YWxpdHkgODAiXSxbInAiLCJ0aHVtYiIsIjU5MHg1OTBcdTAwM2UiXV0?sha=69c1794dd08ee79b\" alt=\"\" \/><\/p>\n<div class=\"gallery-i-caption\"><\/div>\n<\/div>\n<div class=\"gallery-i\"><img src=\"https:\/\/cdn.oxu.az\/uploads\/W1siZiIsIjIwMjMvMDUvMDMvMDgvNTkvMDIvNzE3MzE2MTctZjNlOS00NTEwLWI3YWEtM2JiM2NlZjdmMDAwLzE2ODMwNDM4NTQ1NDE0MTM0NTQzXzEwMDB4NjY5LmpwZyJdLFsicCIsImVuY29kZSIsImpwZyIsIi1xdWFsaXR5IDgwIl0sWyJwIiwidGh1bWIiLCI1OTB4NTkwXHUwMDNlIl1d?sha=7a8e2d0be453adb8\" alt=\"\" \/><\/p>\n<div class=\"gallery-i-caption\"><\/div>\n<\/div>\n<div class=\"gallery-i\"><img src=\"https:\/\/cdn.oxu.az\/uploads\/W1siZiIsIjIwMjMvMDUvMDMvMDgvNTkvMDIvMDk2MWU5ZDktMjJjZC00ODdjLTgxMTctZWQ5YjhkNjkyMDFkLzE2ODMwNDM4NTQ1NDIxOTI2NDYyXzEwMDB4NjY5LmpwZyJdLFsicCIsImVuY29kZSIsImpwZyIsIi1xdWFsaXR5IDgwIl0sWyJwIiwidGh1bWIiLCI1OTB4NTkwXHUwMDNlIl1d?sha=184c8f3fea5adba0\" alt=\"\" \/><\/p>\n<div class=\"gallery-i-caption\"><\/div>\n<\/div>\n<div class=\"gallery-i\"><img src=\"https:\/\/cdn.oxu.az\/uploads\/W1siZiIsIjIwMjMvMDUvMDMvMDgvNTkvMDIvZDIyN2M3MWYtZjBmOC00NWQ5LWEzYjAtZjYyNTJjYjZhN2E5LzE2ODMwNDM4NTQ2MTIxNDM2NDMwXzEwMDB4NjY5LmpwZyJdLFsicCIsImVuY29kZSIsImpwZyIsIi1xdWFsaXR5IDgwIl0sWyJwIiwidGh1bWIiLCI1OTB4NTkwXHUwMDNlIl1d?sha=1430e9c81e285512\" alt=\"\" \/><\/p>\n<div class=\"gallery-i-caption\"><\/div>\n<\/div>\n<div class=\"gallery-i\"><img src=\"https:\/\/cdn.oxu.az\/uploads\/W1siZiIsIjIwMjMvMDUvMDMvMDgvNTkvMDIvMDgzZTNmY2MtOTYyYy00OTNkLWJkMTQtNzk1YjhjODY3MWEwLzE2ODMwNDM4NTQzNDkxMjU0NDcyXzEwMDB4NjY5LmpwZyJdLFsicCIsImVuY29kZSIsImpwZyIsIi1xdWFsaXR5IDgwIl0sWyJwIiwidGh1bWIiLCI1OTB4NTkwXHUwMDNlIl1d?sha=0293449ca09c0cba\" alt=\"\" \/><\/div>\n<\/div>\n","protected":false},"excerpt":{"rendered":"<p>May\u0131n 2-d\u0259 Vyana Beyn\u0259lxalq Hava Liman\u0131nda Bak\u0131-Vyana-Bak\u0131 mar\u015frutu \u00fczr\u0259 ilk u\u00e7u\u015f h\u0259yata ke\u00e7ir\u0259n t\u0259yyar\u0259nin t\u0259nt\u0259n\u0259li qar\u015f\u0131lanma m\u0259rasimi olub. AZ\u018fRTAC x\u0259b\u0259r verir ki, Az\u0259rbaycan\u0131n Avstriyadak\u0131 s\u0259firliyi v\u0259 \u201cAz\u0259rbaycan Hava Yollar\u0131\u201d QSC-nin d\u0259st\u0259yi v\u0259 Vyana Beyn\u0259lxalq Hava Liman\u0131n\u0131n t\u0259\u015fkilat\u00e7\u0131l\u0131\u011f\u0131 il\u0259 ke\u00e7iril\u0259n m\u0259rasimd\u0259 AZAL-a m\u0259xsus t\u0259yyar\u0259 eni\u015f zola\u011f\u0131nda \u0259n\u0259n\u0259vi su \u015f\u0131rna\u011f\u0131 il\u0259 qar\u015f\u0131lan\u0131b, Bak\u0131dan y\u00fcks\u0259kv\u0259zif\u0259li r\u0259smi qonaqlar\u0131n i\u015ftirak\u0131 il\u0259 t\u0259yyar\u0259 \u00f6n\u00fcnd\u0259 r\u0259mzi lent k\u0259silib, daha sonra m\u0259rasim media n\u00fcmay\u0259nd\u0259l\u0259rinin d\u0259 i\u015ftirak etdiyi r\u0259smi hiss\u0259 il\u0259 davam edib. R\u0259smi hiss\u0259d\u0259 Az\u0259rbaycan Respublikas\u0131n\u0131n xarici i\u015fl\u0259r nazirinin m\u00fcavini X\u0259l\u0259f X\u0259l\u0259fov, Az\u0259rbaycan\u0131n Avstriyadak\u0131 s\u0259firi R\u00f6v\u015f\u0259n Sad\u0131qb\u0259yli, \u201cAz\u0259rbaycan&hellip;<\/p>\n","protected":false},"author":2,"featured_media":596901,"comment_status":"closed","ping_status":"closed","sticky":false,"template":"","format":"standard","meta":{"om_disable_all_campaigns":false,"_monsterinsights_skip_tracking":false,"_monsterinsights_sitenote_active":false,"_monsterinsights_sitenote_note":"","_monsterinsights_sitenote_category":0},"categories":[1],"tags":[],"aioseo_notices":[],"gutentor_comment":0,"rttpg_featured_image_url":{"full":["https:\/\/arantv.az\/wp-content\/uploads\/2023\/05\/1683043854807118458_1000x669.jpg",620,413,false],"landscape":["https:\/\/arantv.az\/wp-content\/uploads\/2023\/05\/1683043854807118458_1000x669.jpg",620,413,false],"portraits":["https:\/\/arantv.az\/wp-content\/uploads\/2023\/05\/1683043854807118458_1000x669.jpg",620,413,false],"thumbnail":["https:\/\/arantv.az\/wp-content\/uploads\/2023\/05\/1683043854807118458_1000x669-500x280.jpg",500,280,true],"medium":["https:\/\/arantv.az\/wp-content\/uploads\/2023\/05\/1683043854807118458_1000x669-548x365.jpg",548,365,true],"large":["https:\/\/arantv.az\/wp-content\/uploads\/2023\/05\/1683043854807118458_1000x669.jpg",620,413,false],"1536x1536":["https:\/\/arantv.az\/wp-content\/uploads\/2023\/05\/1683043854807118458_1000x669.jpg",620,413,false],"2048x2048":["https:\/\/arantv.az\/wp-content\/uploads\/2023\/05\/1683043854807118458_1000x669.jpg",620,413,false],"post-thumbnail":["https:\/\/arantv.az\/wp-content\/uploads\/2023\/05\/1683043854807118458_1000x669-240x172.jpg",240,172,true],"advps-thumb-one":["https:\/\/arantv.az\/wp-content\/uploads\/2023\/05\/1683043854807118458_1000x669.jpg",620,413,false]},"rttpg_author":{"display_name":"V\u00fcsal Rafiqo\u011flu","author_link":"https:\/\/arantv.az\/?author=2"},"rttpg_comment":0,"rttpg_category":"<a href=\"https:\/\/arantv.az\/?cat=1\" rel=\"category\">C\u0259miyy\u0259t<\/a>","rttpg_excerpt":"May\u0131n 2-d\u0259 Vyana Beyn\u0259lxalq Hava Liman\u0131nda Bak\u0131-Vyana-Bak\u0131 mar\u015frutu \u00fczr\u0259 ilk u\u00e7u\u015f h\u0259yata ke\u00e7ir\u0259n t\u0259yyar\u0259nin t\u0259nt\u0259n\u0259li qar\u015f\u0131lanma m\u0259rasimi olub. AZ\u018fRTAC x\u0259b\u0259r verir ki, Az\u0259rbaycan\u0131n Avstriyadak\u0131 s\u0259firliyi v\u0259 \u201cAz\u0259rbaycan Hava Yollar\u0131\u201d QSC-nin d\u0259st\u0259yi v\u0259 Vyana Beyn\u0259lxalq Hava Liman\u0131n\u0131n t\u0259\u015fkilat\u00e7\u0131l\u0131\u011f\u0131 il\u0259 ke\u00e7iril\u0259n m\u0259rasimd\u0259 AZAL-a m\u0259xsus t\u0259yyar\u0259 eni\u015f zola\u011f\u0131nda \u0259n\u0259n\u0259vi su \u015f\u0131rna\u011f\u0131 il\u0259 qar\u015f\u0131lan\u0131b, Bak\u0131dan y\u00fcks\u0259kv\u0259zif\u0259li r\u0259smi qonaqlar\u0131n i\u015ftirak\u0131&hellip;","_links":{"self":[{"href":"https:\/\/arantv.az\/index.php?rest_route=\/wp\/v2\/posts\/596900"}],"collection":[{"href":"https:\/\/arantv.az\/index.php?rest_route=\/wp\/v2\/posts"}],"about":[{"href":"https:\/\/arantv.az\/index.php?rest_route=\/wp\/v2\/types\/post"}],"author":[{"embeddable":true,"href":"https:\/\/arantv.az\/index.php?rest_route=\/wp\/v2\/users\/2"}],"replies":[{"embeddable":true,"href":"https:\/\/arantv.az\/index.php?rest_route=%2Fwp%2Fv2%2Fcomments&post=596900"}],"version-history":[{"count":0,"href":"https:\/\/arantv.az\/index.php?rest_route=\/wp\/v2\/posts\/596900\/revisions"}],"wp:featuredmedia":[{"embeddable":true,"href":"https:\/\/arantv.az\/index.php?rest_route=\/wp\/v2\/media\/596901"}],"wp:attachment":[{"href":"https:\/\/arantv.az\/index.php?rest_route=%2Fwp%2Fv2%2Fmedia&parent=596900"}],"wp:term":[{"taxonomy":"category","embeddable":true,"href":"https:\/\/arantv.az\/index.php?rest_route=%2Fwp%2Fv2%2Fcategories&post=596900"},{"taxonomy":"post_tag","embeddable":true,"href":"https:\/\/arantv.az\/index.php?rest_route=%2Fwp%2Fv2%2Ftags&post=596900"}],"curies":[{"name":"wp","href":"https:\/\/api.w.org\/{rel}","templated":true}]}}