{"id":596911,"date":"2023-05-03T09:40:55","date_gmt":"2023-05-03T05:40:55","guid":{"rendered":"https:\/\/arantv.az\/?p=596911"},"modified":"2023-05-03T09:40:55","modified_gmt":"2023-05-03T05:40:55","slug":"ulu-ond%c9%99rin-100-illiyi-munasib%c9%99til%c9%99-t%c9%99dbir-kecirilib-video","status":"publish","type":"post","link":"https:\/\/arantv.az\/?p=596911","title":{"rendered":"Ulu \u00d6nd\u0259rin 100 illiyi m\u00fcnasib\u0259til\u0259 t\u0259dbir ke\u00e7irilib &#8211; V\u0130DEO"},"content":{"rendered":"<section>\n<div class=\"content lead font-weight-normal\">\n<p>\u201cBizi birl\u0259\u015fdir\u0259n m\u00fch\u00fcm bir faktor var \u2013 \u0259ks\u0259riyy\u0259timiz ulu \u00f6nd\u0259rin b\u00f6y\u00fck diqq\u0259t v\u0259 qay\u011f\u0131s\u0131 n\u0259tic\u0259sind\u0259 Az\u0259rbaycandan k\u0259narda ali t\u0259hsil almaq \u015f\u0259r\u0259fin\u0259 nail olmu\u015fuq. V\u0259 bu g\u00fcn biz b\u00f6y\u00fck iftixar hissi il\u0259 deyirik ki, Heyd\u0259r \u018fliyev m\u0259kt\u0259binin m\u0259zunlar\u0131, Heyd\u0259r \u018fliyevin kadrlar\u0131y\u0131q\u201d.<\/p>\n<p><strong>ARANTV.AZ\u00a0 x\u0259b\u0259r verir ki,<\/strong>\u00a0bunu Ba\u015f nazir \u018fli \u018fs\u0259dov \u00dcmummilli Lider Heyd\u0259r \u018fliyevin anadan olmas\u0131n\u0131n 100 illiyin\u0259 h\u0259sr edil\u0259n \u201cAz\u0259rbaycandan k\u0259narda t\u0259hsil alm\u0131\u015f m\u00fct\u0259x\u0259ssisl\u0259rin toplant\u0131s\u0131\u201dnda \u00e7\u0131x\u0131\u015f\u0131 zaman\u0131 deyib.<\/p>\n<p>O bildirib ki, g\u00f6rk\u0259mli siyasi v\u0259 d\u00f6vl\u0259t xadiml\u0259ri, diplomatlar, tan\u0131nm\u0131\u015f insanlar Heyd\u0259r \u018fliyev\u0259 b\u00f6y\u00fck h\u00f6rm\u0259t v\u0259 ehtiram g\u00f6st\u0259rirdil\u0259r.<\/p>\n<p>\u018f.\u018fs\u0259dov xat\u0131rlad\u0131b ki, 2007\u20132015-ci ill\u0259rd\u0259 Az\u0259rbaycan g\u0259ncl\u0259rinin xarici \u00f6lk\u0259l\u0259rd\u0259 t\u0259hsili \u00fczr\u0259 D\u00f6vl\u0259t Proqram\u0131\u201d \u00e7\u0259r\u00e7iv\u0259sind\u0259 32 \u00f6lk\u0259nin 350-d\u0259n \u00e7ox \u0259n n\u00fcfuzlu ali t\u0259hsil m\u00fc\u0259ssis\u0259sind\u0259 t\u0259hsil almalar\u0131 m\u0259qs\u0259dil\u0259 \u00fcmumilikd\u0259 3 500-d\u0259n art\u0131q g\u0259nc xaric\u0259 g\u00f6nd\u0259rilib v\u0259 onlara t\u0259qa\u00fcd verilmi\u015f, bu m\u0259qs\u0259dl\u0259r \u00fc\u00e7\u00fcn 200 milyon manat v\u0259sait x\u0259rcl\u0259nib:<\/p>\n<p><em>Daha \u0259trafl\u0131 Baku TV-nin s\u00fcjetind\u0259:<\/em><\/p>\n<div class=\"clearfix\"><\/div>\n<\/div>\n<p><iframe loading=\"lazy\" src=\"https:\/\/www.youtube.com\/embed\/YkXhElnJVyo\" width=\"100%\" height=\"450\" frameborder=\"0\" allowfullscreen=\"allowfullscreen\" data-mce-fragment=\"1\"><\/iframe><\/p>\n<div class=\"sharing my-2 row no-gutters d-print-none\"><\/div>\n<div class=\"d-none d-sm-block\"><\/div>\n<\/section>\n<section id=\"new_block_2\" class=\"mt-3 d-print-none\">\n<div class=\"row\">\n<div class=\"col-md-12\"><\/div>\n<\/div>\n<\/section>\n","protected":false},"excerpt":{"rendered":"<p>\u201cBizi birl\u0259\u015fdir\u0259n m\u00fch\u00fcm bir faktor var \u2013 \u0259ks\u0259riyy\u0259timiz ulu \u00f6nd\u0259rin b\u00f6y\u00fck diqq\u0259t v\u0259 qay\u011f\u0131s\u0131 n\u0259tic\u0259sind\u0259 Az\u0259rbaycandan k\u0259narda ali t\u0259hsil almaq \u015f\u0259r\u0259fin\u0259 nail olmu\u015fuq. V\u0259 bu g\u00fcn biz b\u00f6y\u00fck iftixar hissi il\u0259 deyirik ki, Heyd\u0259r \u018fliyev m\u0259kt\u0259binin m\u0259zunlar\u0131, Heyd\u0259r \u018fliyevin kadrlar\u0131y\u0131q\u201d. ARANTV.AZ\u00a0 x\u0259b\u0259r verir ki,\u00a0bunu Ba\u015f nazir \u018fli \u018fs\u0259dov \u00dcmummilli Lider Heyd\u0259r \u018fliyevin anadan olmas\u0131n\u0131n 100 illiyin\u0259 h\u0259sr edil\u0259n \u201cAz\u0259rbaycandan k\u0259narda t\u0259hsil alm\u0131\u015f m\u00fct\u0259x\u0259ssisl\u0259rin toplant\u0131s\u0131\u201dnda \u00e7\u0131x\u0131\u015f\u0131 zaman\u0131 deyib. O bildirib ki, g\u00f6rk\u0259mli siyasi v\u0259 d\u00f6vl\u0259t xadiml\u0259ri, diplomatlar, tan\u0131nm\u0131\u015f insanlar Heyd\u0259r \u018fliyev\u0259 b\u00f6y\u00fck h\u00f6rm\u0259t v\u0259 ehtiram g\u00f6st\u0259rirdil\u0259r. \u018f.\u018fs\u0259dov xat\u0131rlad\u0131b ki, 2007\u20132015-ci ill\u0259rd\u0259&hellip;<\/p>\n","protected":false},"author":2,"featured_media":596912,"comment_status":"closed","ping_status":"closed","sticky":false,"template":"","format":"standard","meta":{"om_disable_all_campaigns":false,"_monsterinsights_skip_tracking":false,"_monsterinsights_sitenote_active":false,"_monsterinsights_sitenote_note":"","_monsterinsights_sitenote_category":0},"categories":[4],"tags":[],"aioseo_notices":[],"gutentor_comment":0,"rttpg_featured_image_url":{"full":["https:\/\/arantv.az\/wp-content\/uploads\/2023\/05\/2ed08286168305659884961426610253009.jpg",975,540,false],"landscape":["https:\/\/arantv.az\/wp-content\/uploads\/2023\/05\/2ed08286168305659884961426610253009.jpg",975,540,false],"portraits":["https:\/\/arantv.az\/wp-content\/uploads\/2023\/05\/2ed08286168305659884961426610253009.jpg",975,540,false],"thumbnail":["https:\/\/arantv.az\/wp-content\/uploads\/2023\/05\/2ed08286168305659884961426610253009-500x280.jpg",500,280,true],"medium":["https:\/\/arantv.az\/wp-content\/uploads\/2023\/05\/2ed08286168305659884961426610253009-660x365.jpg",660,365,true],"large":["https:\/\/arantv.az\/wp-content\/uploads\/2023\/05\/2ed08286168305659884961426610253009-840x465.jpg",640,354,true],"1536x1536":["https:\/\/arantv.az\/wp-content\/uploads\/2023\/05\/2ed08286168305659884961426610253009.jpg",975,540,false],"2048x2048":["https:\/\/arantv.az\/wp-content\/uploads\/2023\/05\/2ed08286168305659884961426610253009.jpg",975,540,false],"post-thumbnail":["https:\/\/arantv.az\/wp-content\/uploads\/2023\/05\/2ed08286168305659884961426610253009-240x172.jpg",240,172,true],"advps-thumb-one":["https:\/\/arantv.az\/wp-content\/uploads\/2023\/05\/2ed08286168305659884961426610253009.jpg",975,540,false]},"rttpg_author":{"display_name":"V\u00fcsal Rafiqo\u011flu","author_link":"https:\/\/arantv.az\/?author=2"},"rttpg_comment":0,"rttpg_category":"<a href=\"https:\/\/arantv.az\/?cat=4\" rel=\"category\">Siyas\u0259t<\/a>","rttpg_excerpt":"\u201cBizi birl\u0259\u015fdir\u0259n m\u00fch\u00fcm bir faktor var \u2013 \u0259ks\u0259riyy\u0259timiz ulu \u00f6nd\u0259rin b\u00f6y\u00fck diqq\u0259t v\u0259 qay\u011f\u0131s\u0131 n\u0259tic\u0259sind\u0259 Az\u0259rbaycandan k\u0259narda ali t\u0259hsil almaq \u015f\u0259r\u0259fin\u0259 nail olmu\u015fuq. V\u0259 bu g\u00fcn biz b\u00f6y\u00fck iftixar hissi il\u0259 deyirik ki, Heyd\u0259r \u018fliyev m\u0259kt\u0259binin m\u0259zunlar\u0131, Heyd\u0259r \u018fliyevin kadrlar\u0131y\u0131q\u201d. ARANTV.AZ\u00a0 x\u0259b\u0259r verir ki,\u00a0bunu Ba\u015f nazir \u018fli \u018fs\u0259dov \u00dcmummilli Lider Heyd\u0259r \u018fliyevin anadan olmas\u0131n\u0131n 100&hellip;","_links":{"self":[{"href":"https:\/\/arantv.az\/index.php?rest_route=\/wp\/v2\/posts\/596911"}],"collection":[{"href":"https:\/\/arantv.az\/index.php?rest_route=\/wp\/v2\/posts"}],"about":[{"href":"https:\/\/arantv.az\/index.php?rest_route=\/wp\/v2\/types\/post"}],"author":[{"embeddable":true,"href":"https:\/\/arantv.az\/index.php?rest_route=\/wp\/v2\/users\/2"}],"replies":[{"embeddable":true,"href":"https:\/\/arantv.az\/index.php?rest_route=%2Fwp%2Fv2%2Fcomments&post=596911"}],"version-history":[{"count":0,"href":"https:\/\/arantv.az\/index.php?rest_route=\/wp\/v2\/posts\/596911\/revisions"}],"wp:featuredmedia":[{"embeddable":true,"href":"https:\/\/arantv.az\/index.php?rest_route=\/wp\/v2\/media\/596912"}],"wp:attachment":[{"href":"https:\/\/arantv.az\/index.php?rest_route=%2Fwp%2Fv2%2Fmedia&parent=596911"}],"wp:term":[{"taxonomy":"category","embeddable":true,"href":"https:\/\/arantv.az\/index.php?rest_route=%2Fwp%2Fv2%2Fcategories&post=596911"},{"taxonomy":"post_tag","embeddable":true,"href":"https:\/\/arantv.az\/index.php?rest_route=%2Fwp%2Fv2%2Ftags&post=596911"}],"curies":[{"name":"wp","href":"https:\/\/api.w.org\/{rel}","templated":true}]}}