{"id":596914,"date":"2023-05-03T09:41:59","date_gmt":"2023-05-03T05:41:59","guid":{"rendered":"https:\/\/arantv.az\/?p=596914"},"modified":"2023-05-03T09:41:59","modified_gmt":"2023-05-03T05:41:59","slug":"sif%c9%99tl%c9%99ri-kimi-siyas%c9%99tl%c9%99ri-d%c9%99-surtukdur","status":"publish","type":"post","link":"https:\/\/arantv.az\/?p=596914","title":{"rendered":"Sif\u0259tl\u0259ri kimi siyas\u0259tl\u0259ri d\u0259 s\u00fcrt\u00fckd\u00fcr"},"content":{"rendered":"<p>\u201cErm\u0259nistan \u0259vv\u0259lc\u0259 \u201ch\u0259\u201d deyir, sonra da bu &#8220;h\u0259&#8221;ni dart\u0131b uzad\u0131r v\u0259 sonda dedikl\u0259rind\u0259n imtina edir. Bu minvalla imkanlardan istifad\u0259 ed\u0259r\u0259k bir ne\u00e7\u0259 &#8220;a\u011fa&#8221; aras\u0131nda m\u00f6vqe tapma\u011fa \u00e7al\u0131\u015f\u0131r. Sif\u0259tl\u0259ri kimi siyas\u0259tl\u0259ri d\u0259 s\u00fcrt\u00fck olan Erm\u0259nistan\u0131n bug\u00fcnk\u00fc r\u0259hb\u0259rl\u0259ri Rusiya-Ukrayna m\u00fcharib\u0259sinin n\u0259tic\u0259sini g\u00f6zl\u0259yirl\u0259r. O vaxta q\u0259d\u0259r Az\u0259rbaycan \u0259razil\u0259rind\u0259 diversiyalardan, t\u0259xribatlardan, mina basd\u0131rmaqdan \u0259l \u00e7\u0259km\u0259y\u0259c\u0259kl\u0259r. Yaran\u0131\u015f\u0131ndan indiy\u0259d\u0259k Rusiyan\u0131n hesab\u0131na m\u00f6vcud olan v\u0259 &#8220;ya\u011f i\u00e7ind\u0259 b\u00f6yr\u0259k&#8221; kimi ya\u015fayan bu nan\u0259cibl\u0259r \u00f6lk\u0259si \u00e7\u0259tin\u0259 d\u00fc\u015f\u0259n kimi \u00fc\u00e7 y\u00fcz illik a\u011falar\u0131na arxa \u00e7evirm\u0259kd\u0259n q\u0259tiyy\u0259n utanm\u0131rlar. \u00c7\u00fcnki ars\u0131z-ab\u0131rs\u0131z erm\u0259nil\u0259rin leksikonunda utanmaq ifad\u0259si yoxdur.<\/p>\n<p>Ba\u015f nazir Nikol Pa\u015finyan ba\u015f\u0131n\u0131n t\u00fck\u00fcn\u00fcn say\u0131 q\u0259d\u0259r s\u00f6z verib ki, Az\u0259rbaycan\u0131n s\u00fclh \u015f\u0259rtl\u0259ri q\u0259bul olunur v\u0259 yax\u0131n vaxtda s\u00fclh m\u00fcqavil\u0259si ba\u011flanacaq. H\u0259min &#8220;yax\u0131n vaxt\u0131n&#8221; \u00fc\u00e7 il olmas\u0131na az qal\u0131b, amma ortada real he\u00e7 bir n\u0259tic\u0259 yoxdur.<\/p>\n<p>Lakin Az\u0259rbaycan &#8220;d\u0259v\u0259nin quyru\u011funun yer\u0259 d\u0259y\u0259c\u0259yi&#8221; zaman\u0131 g\u00f6zl\u0259mir. S\u00fclh m\u00fcqavil\u0259si imzalanana q\u0259d\u0259r m\u00fcvafiq t\u0259dbirl\u0259ri g\u00f6r\u00fcr. Art\u0131q La\u00e7\u0131nda s\u0259rh\u0259d-ke\u00e7id m\u0259nt\u0259q\u0259si f\u0259aliyy\u0259t\u0259 ba\u015flay\u0131b. Bu t\u0259dbirl\u0259r separat\u00e7\u0131lar\u0131n b\u00f6lg\u0259y\u0259 giri\u015fini, silah-sursat da\u015f\u0131nmas\u0131n\u0131 m\u0259hdudla\u015fd\u0131racaq. Erm\u0259nistan is\u0259 h\u0259l\u0259 d\u0259 s\u00fclh\u00fcn nec\u0259 oldu\u011funu bilmir. Erm\u0259nistan\u0131n daxilind\u0259 d\u0259 t\u0259zyiq getdikc\u0259 art\u0131r. B\u00fct\u00fcn d\u00fcnyan\u0131 s\u00fclh\u0259 haz\u0131r olduqlar\u0131na inand\u0131rma\u011fa \u00e7al\u0131\u015f\u0131rlar, lakin qorxurlar. Haz\u0131rda onlar\u0131 Qaraba\u011f maraqland\u0131rm\u0131r. G\u00f6r\u00fcnd\u00fcy\u00fc kimi, AB\u015e-da, Fransada, Rusiyada yerl\u0259\u015fmi\u015f erm\u0259ni diasporlar\u0131 aqressivdirl\u0259r, m\u00fcharib\u0259nin dayanmas\u0131n\u0131 q\u0259tiyy\u0259n ist\u0259mirl\u0259r. M\u0259hz \u0130r\u0259vandak\u0131 revan\u015fistl\u0259r h\u0259min diasporlar\u0131n d\u0259st\u0259yi il\u0259 at oynad\u0131r, h\u00f6kum\u0259t\u0259 t\u0259zyiq edirl\u0259r. Bel\u0259 v\u0259ziyy\u0259td\u0259 Erm\u0259nistan d\u00f6vl\u0259t\u0259 deyil, mafiyalar\u0131n at oynatd\u0131\u011f\u0131 ba\u015f\u0131pozuq bir topluma ox\u015fay\u0131r.<\/p>\n<p>Qeyd ed\u0259k ki, Az\u0259rbaycan v\u0259 Erm\u0259nistan\u0131n xarici i\u015fl\u0259r nazirl\u0259ri &#8211; Ceyhun Bayramov v\u0259 Ararat Mirzoyan AB\u015e-da g\u00f6r\u00fc\u015f\u00fcbl\u0259r.<\/p>\n<p>Az\u0259rbaycan Respublikas\u0131n\u0131n Prezidenti \u0130lham \u018fliyev is\u0259 AB\u015e D\u00f6vl\u0259t katibi Entoni Blinkenl\u0259 telefon dan\u0131\u015f\u0131\u011f\u0131 zaman\u0131 bildirib ki, Az\u0259rbaycan s\u00fclh g\u00fcnd\u0259liyini d\u0259st\u0259kl\u0259yir, Erm\u0259nistanla s\u00fclh m\u00fcqavil\u0259si \u00fczr\u0259 dan\u0131\u015f\u0131qlara ba\u015flama\u011f\u0131n v\u0259 m\u00fcnasib\u0259tl\u0259rin normalla\u015fd\u0131r\u0131lmas\u0131n\u0131n t\u0259\u015f\u0259bb\u00fcskar\u0131 m\u0259hz Az\u0259rbaycan olub. Bu x\u00fcsusda da Az\u0259rbaycan t\u0259r\u0259find\u0259n beyn\u0259lxalq h\u00fcququn norma v\u0259 prinsipl\u0259rin\u0259 uy\u011fun olaraq 5 prinsip Erm\u0259nistana t\u0259klif edilib. Ancaq c\u0131\u011fall\u0131q ed\u0259n, beyn\u0259lxalq v\u0259 d\u00f6vl\u0259tl\u0259raras\u0131 normalar\u0131 tan\u0131mayan Erm\u0259nistan bu prinsipl\u0259rin he\u00e7 birin\u0259 \u0259m\u0259l etmir. Onu da vur\u011fulayaq ki, erm\u0259nil\u0259r bel\u0259 c\u0259sar\u0259tli v\u0259 t\u0259dbirli deyill\u0259r, onlara Q\u0259rbd\u0259n, ordan-burdan g\u0259lib &#8220;d\u0259rs&#8221; ke\u00e7\u0259nl\u0259r var. B\u00fct\u00fcn d\u00fcnya ictimaiyy\u0259ti yax\u015f\u0131 bilir ki, erm\u0259nil\u0259r h\u0259r zaman kimins\u0259 al\u0259ti v\u0259 k\u00f6l\u0259si olub. H\u0259m d\u0259 bunlar\u0131 \u00f6z ist\u0259yi il\u0259 q\u0259bul edib. \u0130ndi d\u0259 el\u0259dir, s\u00fclh sazi\u015finin haradasa Erm\u0259nistandan k\u0259narda raz\u0131la\u015fd\u0131r\u0131lmas\u0131n\u0131 g\u00f6zl\u0259yirl\u0259r. Bunu g\u00f6z qaba\u011f\u0131ndak\u0131 faktlar da t\u0259sdiql\u0259yir.<\/p>\n<p>Xat\u0131rladaq ki, iddialara g\u00f6r\u0259, s\u00fclh sazi\u015finin layih\u0259sini bu yax\u0131nlarda AB\u015e D\u00f6vl\u0259t katibinin m\u00fcavini Erika Olson ba\u015f nazir Pa\u015finyana t\u0259qdim edib. M\u0259lumatda bildirilir ki, s\u00fclh sazi\u015fi layih\u0259sinin t\u0259f\u0259rr\u00fcat\u0131 haqq\u0131nda m\u0259lumat yoxdur, ancaq Erm\u0259nistan\u0131n maraqlar\u0131na \u201ccavab verm\u0259diyi\u201d t\u0259xmin edilir. H\u0259l\u0259lik bel\u0259 ehtimal olunur ki, Erm\u0259nistan vaxt\u0131 uzatmaqla Rusiyan\u0131n Ukrayna il\u0259 m\u00fcharib\u0259d\u0259n hans\u0131 statusla \u00e7\u0131xaca\u011f\u0131n\u0131 g\u00f6zl\u0259yir. Onda n\u00f6vb\u0259ti d\u0259f\u0259 kimi satacaqlar\u0131n\u0131, kim\u0259 badalaq g\u0259l\u0259c\u0259kl\u0259rini v\u0259 kim\u0259 biy\u0259t ed\u0259c\u0259kl\u0259rini q\u0259til\u0259\u015fdir\u0259c\u0259kl\u0259r. Bel\u0259 q\u0259na\u0259t\u0259 g\u0259lm\u0259k olur ki, Erm\u0259nistan s\u00fclh m\u00fcqavil\u0259sini o m\u00fcharib\u0259nin &#8220;quyru\u011funa ba\u011flay\u0131b.&#8221; O da g\u00f6z \u00f6n\u00fcnd\u0259dir ki, Az\u0259rbaycan he\u00e7 kimi v\u0259 he\u00e7 n\u0259yi g\u00f6zl\u0259mir, q\u0259ti v\u0259 m\u00f6hk\u0259m add\u0131mlarla \u00f6z h\u0259d\u0259fl\u0259rin\u0259 \u00e7at\u0131r. Nec\u0259 dey\u0259rl\u0259r, d\u0259yirman bildiyini i\u015fl\u0259d\u0259r, \u00e7ax-\u00e7ax ba\u015f a\u011fr\u0131dar&#8230;<\/p>\n","protected":false},"excerpt":{"rendered":"<p>\u201cErm\u0259nistan \u0259vv\u0259lc\u0259 \u201ch\u0259\u201d deyir, sonra da bu &#8220;h\u0259&#8221;ni dart\u0131b uzad\u0131r v\u0259 sonda dedikl\u0259rind\u0259n imtina edir. Bu minvalla imkanlardan istifad\u0259 ed\u0259r\u0259k bir ne\u00e7\u0259 &#8220;a\u011fa&#8221; aras\u0131nda m\u00f6vqe tapma\u011fa \u00e7al\u0131\u015f\u0131r. Sif\u0259tl\u0259ri kimi siyas\u0259tl\u0259ri d\u0259 s\u00fcrt\u00fck olan Erm\u0259nistan\u0131n bug\u00fcnk\u00fc r\u0259hb\u0259rl\u0259ri Rusiya-Ukrayna m\u00fcharib\u0259sinin n\u0259tic\u0259sini g\u00f6zl\u0259yirl\u0259r. O vaxta q\u0259d\u0259r Az\u0259rbaycan \u0259razil\u0259rind\u0259 diversiyalardan, t\u0259xribatlardan, mina basd\u0131rmaqdan \u0259l \u00e7\u0259km\u0259y\u0259c\u0259kl\u0259r. Yaran\u0131\u015f\u0131ndan indiy\u0259d\u0259k Rusiyan\u0131n hesab\u0131na m\u00f6vcud olan v\u0259 &#8220;ya\u011f i\u00e7ind\u0259 b\u00f6yr\u0259k&#8221; kimi ya\u015fayan bu nan\u0259cibl\u0259r \u00f6lk\u0259si \u00e7\u0259tin\u0259 d\u00fc\u015f\u0259n kimi \u00fc\u00e7 y\u00fcz illik a\u011falar\u0131na arxa \u00e7evirm\u0259kd\u0259n q\u0259tiyy\u0259n utanm\u0131rlar. \u00c7\u00fcnki ars\u0131z-ab\u0131rs\u0131z erm\u0259nil\u0259rin leksikonunda utanmaq ifad\u0259si yoxdur. Ba\u015f nazir Nikol Pa\u015finyan ba\u015f\u0131n\u0131n t\u00fck\u00fcn\u00fcn&hellip;<\/p>\n","protected":false},"author":2,"featured_media":596915,"comment_status":"closed","ping_status":"closed","sticky":false,"template":"","format":"standard","meta":{"om_disable_all_campaigns":false,"_monsterinsights_skip_tracking":false,"_monsterinsights_sitenote_active":false,"_monsterinsights_sitenote_note":"","_monsterinsights_sitenote_category":0},"categories":[19],"tags":[],"aioseo_notices":[],"gutentor_comment":0,"rttpg_featured_image_url":{"full":["https:\/\/arantv.az\/wp-content\/uploads\/2023\/05\/265c2b6a164872506320786948510037309.jpg",975,540,false],"landscape":["https:\/\/arantv.az\/wp-content\/uploads\/2023\/05\/265c2b6a164872506320786948510037309.jpg",975,540,false],"portraits":["https:\/\/arantv.az\/wp-content\/uploads\/2023\/05\/265c2b6a164872506320786948510037309.jpg",975,540,false],"thumbnail":["https:\/\/arantv.az\/wp-content\/uploads\/2023\/05\/265c2b6a164872506320786948510037309-500x280.jpg",500,280,true],"medium":["https:\/\/arantv.az\/wp-content\/uploads\/2023\/05\/265c2b6a164872506320786948510037309-660x365.jpg",660,365,true],"large":["https:\/\/arantv.az\/wp-content\/uploads\/2023\/05\/265c2b6a164872506320786948510037309-840x465.jpg",640,354,true],"1536x1536":["https:\/\/arantv.az\/wp-content\/uploads\/2023\/05\/265c2b6a164872506320786948510037309.jpg",975,540,false],"2048x2048":["https:\/\/arantv.az\/wp-content\/uploads\/2023\/05\/265c2b6a164872506320786948510037309.jpg",975,540,false],"post-thumbnail":["https:\/\/arantv.az\/wp-content\/uploads\/2023\/05\/265c2b6a164872506320786948510037309-240x172.jpg",240,172,true],"advps-thumb-one":["https:\/\/arantv.az\/wp-content\/uploads\/2023\/05\/265c2b6a164872506320786948510037309.jpg",975,540,false]},"rttpg_author":{"display_name":"V\u00fcsal Rafiqo\u011flu","author_link":"https:\/\/arantv.az\/?author=2"},"rttpg_comment":0,"rttpg_category":"<a href=\"https:\/\/arantv.az\/?cat=19\" rel=\"category\">G\u00fcnd\u0259m<\/a>","rttpg_excerpt":"\u201cErm\u0259nistan \u0259vv\u0259lc\u0259 \u201ch\u0259\u201d deyir, sonra da bu &#8220;h\u0259&#8221;ni dart\u0131b uzad\u0131r v\u0259 sonda dedikl\u0259rind\u0259n imtina edir. Bu minvalla imkanlardan istifad\u0259 ed\u0259r\u0259k bir ne\u00e7\u0259 &#8220;a\u011fa&#8221; aras\u0131nda m\u00f6vqe tapma\u011fa \u00e7al\u0131\u015f\u0131r. Sif\u0259tl\u0259ri kimi siyas\u0259tl\u0259ri d\u0259 s\u00fcrt\u00fck olan Erm\u0259nistan\u0131n bug\u00fcnk\u00fc r\u0259hb\u0259rl\u0259ri Rusiya-Ukrayna m\u00fcharib\u0259sinin n\u0259tic\u0259sini g\u00f6zl\u0259yirl\u0259r. O vaxta q\u0259d\u0259r Az\u0259rbaycan \u0259razil\u0259rind\u0259 diversiyalardan, t\u0259xribatlardan, mina basd\u0131rmaqdan \u0259l \u00e7\u0259km\u0259y\u0259c\u0259kl\u0259r. Yaran\u0131\u015f\u0131ndan indiy\u0259d\u0259k Rusiyan\u0131n hesab\u0131na&hellip;","_links":{"self":[{"href":"https:\/\/arantv.az\/index.php?rest_route=\/wp\/v2\/posts\/596914"}],"collection":[{"href":"https:\/\/arantv.az\/index.php?rest_route=\/wp\/v2\/posts"}],"about":[{"href":"https:\/\/arantv.az\/index.php?rest_route=\/wp\/v2\/types\/post"}],"author":[{"embeddable":true,"href":"https:\/\/arantv.az\/index.php?rest_route=\/wp\/v2\/users\/2"}],"replies":[{"embeddable":true,"href":"https:\/\/arantv.az\/index.php?rest_route=%2Fwp%2Fv2%2Fcomments&post=596914"}],"version-history":[{"count":0,"href":"https:\/\/arantv.az\/index.php?rest_route=\/wp\/v2\/posts\/596914\/revisions"}],"wp:featuredmedia":[{"embeddable":true,"href":"https:\/\/arantv.az\/index.php?rest_route=\/wp\/v2\/media\/596915"}],"wp:attachment":[{"href":"https:\/\/arantv.az\/index.php?rest_route=%2Fwp%2Fv2%2Fmedia&parent=596914"}],"wp:term":[{"taxonomy":"category","embeddable":true,"href":"https:\/\/arantv.az\/index.php?rest_route=%2Fwp%2Fv2%2Fcategories&post=596914"},{"taxonomy":"post_tag","embeddable":true,"href":"https:\/\/arantv.az\/index.php?rest_route=%2Fwp%2Fv2%2Ftags&post=596914"}],"curies":[{"name":"wp","href":"https:\/\/api.w.org\/{rel}","templated":true}]}}