{"id":596917,"date":"2023-05-03T09:42:52","date_gmt":"2023-05-03T05:42:52","guid":{"rendered":"https:\/\/arantv.az\/?p=596917"},"modified":"2023-05-03T09:42:52","modified_gmt":"2023-05-03T05:42:52","slug":"h%c9%99mr%c9%99ylik-halqasi-t%c9%99r%c9%99fdas-olk%c9%99l%c9%99rl%c9%99-%c9%99m%c9%99kdasligin-etibarli-g%c9%99l%c9%99c%c9%99yi","status":"publish","type":"post","link":"https:\/\/arantv.az\/?p=596917","title":{"rendered":"\u00abH\u0259mr\u0259ylik Halqas\u0131\u00bb: T\u0259r\u0259fda\u015f \u00f6lk\u0259l\u0259rl\u0259 \u0259m\u0259kda\u015fl\u0131\u011f\u0131n etibarl\u0131 g\u0259l\u0259c\u0259yi"},"content":{"rendered":"<p><em><strong>N\u0259z\u0259rd\u0259 tutulan dig\u0259r interkonnektorlar\u0131n yarad\u0131lmas\u0131 il\u0259 bu ilin sonuna q\u0259d\u0259r Macar\u0131stanla Slovakiya da bu halqan\u0131n \u00fczvl\u0259ri s\u0131ras\u0131na daxil olacaq<\/strong><\/em><\/p>\n<p>\u00d6t\u0259n il Sofiya \u015f\u0259h\u0259rind\u0259 Yunan\u0131stan-Bolqar\u0131stan Qaz \u0130nterkonnektorunun (IGB) a\u00e7\u0131l\u0131\u015f m\u0259rasimind\u0259 i\u015ftirak ed\u0259n Prezident \u0130lham \u018fliyev Avropa \u0130ttifaq\u0131 il\u0259 Az\u0259rbaycan aras\u0131nda enerji sah\u0259sind\u0259 Strateji T\u0259r\u0259fda\u015fl\u0131\u011fa dair Anla\u015fma Memorandumunun \u0259h\u0259miyy\u0259tini bir daha diqq\u0259t\u0259 \u00e7atd\u0131raraq bu c\u00fcr m\u0259rasiml\u0259ri \u00f6lk\u0259mizin qaz m\u0259nb\u0259l\u0259rinin \u015fax\u0259l\u0259ndirilm\u0259sinin m\u0259ntiqi n\u0259tic\u0259si adland\u0131r\u0131b.<\/p>\n<p>M\u0259rasimd\u0259 i\u015ftirak ed\u0259n, Avropan\u0131n enerji x\u0259rit\u0259sini d\u0259yi\u015fmi\u015f C\u0259nub Qaz D\u0259hlizini qit\u0259 \u00fczr\u0259 \u0259n b\u00f6y\u00fck infrastruktur layih\u0259si kimi d\u0259y\u0259rl\u0259ndir\u0259n Avropa Komissiyas\u0131n\u0131n Prezidenti Ursula Fon der Lyayenin qeyd etdiyi kimi, qaz k\u0259m\u0259rinin i\u015f\u0259 sal\u0131nmas\u0131 il\u0259 Bolqar\u0131stan v\u0259 C\u0259nub-\u015e\u0259rqi Avropa \u00fc\u00e7\u00fcn yeni d\u00f6vr ba\u015flay\u0131r.<\/p>\n<p>\u00ab\u018fsrin m\u00fcqavil\u0259si\u00bbnin imzalanmas\u0131, \u00f6lk\u0259mizin neft strategiyas\u0131n\u0131n h\u0259yata ke\u00e7irilm\u0259si il\u0259 d\u00fcnyan\u0131n enerji x\u0259rit\u0259sini yenil\u0259y\u0259n, Avropa bazar\u0131nda etibarl\u0131 neft ixracat\u00e7\u0131s\u0131 , b\u0259rpa olunan ya\u015f\u0131l enerji t\u0259chizat\u00e7\u0131s\u0131 kimi t\u0259r\u0259fda\u015flar\u0131 artan Az\u0259rbaycan\u0131n t\u0259bii qaz\u0131n\u0131n n\u0259ql olundu\u011fu co\u011frafiya geni\u015fl\u0259nm\u0259kd\u0259dir. Avropa Komissiyas\u0131 il\u0259 imzalanan Anla\u015fma Memorandumuna \u0259sas\u0259n, z\u0259ngin potensiala malik respublikam\u0131z 2027-ci il\u0259d\u0259k qit\u0259 d\u00f6vl\u0259tl\u0259rinin t\u0259bii qaza olan ehtiyac\u0131n\u0131 \u0259n az\u0131 iki d\u0259f\u0259 art\u0131rma\u011f\u0131 planla\u015fd\u0131r\u0131r. TANAP-\u0131n boru k\u0259m\u0259ri il\u0259 t\u0259bi qaz n\u0259qlinin 16 milyard kubmetrd\u0259n 32 milyard kubmetr\u0259, TAP-\u0131n is\u0259 10 milyard kubmetrd\u0259n 20 milyard kubmetr\u0259 q\u0259d\u0259r geni\u015fl\u0259ndirilm\u0259si il\u0259 ba\u011fl\u0131 t\u0259r\u0259fda\u015flarla apar\u0131lan dan\u0131\u015f\u0131qlar \u00fcmidvericidir.<\/p>\n<p>Bu ilin mart ay\u0131nda paytaxt\u0131m\u0131zda ke\u00e7iril\u0259n X Qlobal Bak\u0131 Forumunda da \u00f6lk\u0259mizin z\u0259ngin enerji potensial\u0131na malik olmas\u0131 il\u0259 ba\u011fl\u0131 \u0259trafl\u0131 dan\u0131\u015f\u0131l\u0131b. M\u00f6vcud geosiyasi v\u0259ziyy\u0259t\u0259 uy\u011fun Avropa istehlak\u00e7\u0131lar\u0131n\u0131n t\u0259bii qaza ehtiyac\u0131n\u0131n \u00f6d\u0259nilm\u0259sind\u0259 rolu artan Az\u0259rbaycan\u0131n beyn\u0259lxalq, o c\u00fcml\u0259d\u0259n Avropa bazarlar\u0131na neft v\u0259 neft m\u0259hsullar\u0131n\u0131n, t\u0259bii qaz\u0131n, elektrik enerjisinin, neft-kimya m\u0259hsullar\u0131n\u0131n ixrac\u0131 il\u0259 ba\u011fl\u0131 imkanlar\u0131ndan b\u0259hs edilib. \u00d6t\u0259n ilin dekabr\u0131nda Az\u0259rbaycan, G\u00fcrc\u00fcstan, Macar\u0131stan v\u0259 Rum\u0131niya H\u00f6kum\u0259tl\u0259ri aras\u0131nda Avropa Komissiyas\u0131 Prezidentinin i\u015ftirak\u0131 il\u0259 ya\u015f\u0131l enerjinin \u00f6t\u00fcr\u00fclm\u0259sin\u0259 dair Buxarestd\u0259 imzalanan Sazi\u015f\u0259 uy\u011fun daha s\u0259m\u0259r\u0259li imkanlar\u0131n yaranaca\u011f\u0131 bildirilib. Qeyd olunub ki, Az\u0259rbaycandan Avropaya, bir hiss\u0259si Qara d\u0259nizin dibi il\u0259 ged\u0259c\u0259k k\u00fcl\u0259k enerjisi stansiyalar\u0131ndan \u00f6t\u00fcrm\u0259 x\u0259tti \u00e7\u0259kil\u0259c\u0259k. Bel\u0259 ki, Avropan\u0131n enerji il\u0259 t\u0259chizat x\u0259rit\u0259sin\u0259 ya\u015f\u0131l enerji il\u0259 t\u0259minat da \u0259lav\u0259 olunacaq. N\u0259tic\u0259d\u0259 g\u00fcn\u0259\u015f v\u0259 k\u00fcl\u0259k enerjisind\u0259n \u0259ld\u0259 olunan 25 meqavat h\u0259cmind\u0259 ya\u015f\u0131l enerji t\u0259r\u0259fda\u015f d\u00f6vl\u0259tl\u0259r\u0259 ixrac edil\u0259c\u0259k.<\/p>\n<p>\u00abBu, d\u00fcnya enerjisinin g\u0259l\u0259c\u0259yidir v\u0259 Az\u0259rbaycan\u0131n g\u0259l\u0259c\u0259yidir\u00bb s\u00f6zl\u0259ri il\u0259 \u00f6lk\u0259mizin qit\u0259 d\u00f6vl\u0259tl\u0259rinin enerji t\u0259chizat\u0131na \u00f6n\u0259mli t\u00f6hf\u0259 verdiyini q\u00fcrurla bildir\u0259n Prezident \u0130lham \u018fliyev \u00f6t\u0259n ay Sofiyada \u00abBulgartransgaz\u00bb (Bolqar\u0131stan), \u00abTransgaz\u00bb\u00a0(Rum\u0131niya), FGSZ (Macar\u0131stan) v\u0259 \u00abEustream\u00bb (Slovakiya) v\u0259 Az\u0259rbaycan Respublikas\u0131n\u0131n D\u00f6vl\u0259t Neft \u015eirk\u0259ti (SOCAR) aras\u0131nda \u0259m\u0259kda\u015fl\u0131\u011f\u0131n t\u0259\u015fviqi il\u0259 ba\u011fl\u0131 Anla\u015fma Memorandumu\u00bbnun imzalanmas\u0131 m\u0259rasimind\u0259 qit\u0259 d\u00f6vl\u0259tl\u0259rinin enerji t\u0259chizat\u0131n\u0131n t\u0259hl\u00fck\u0259sizliyind\u0259 etibarl\u0131 t\u0259r\u0259fda\u015f olan Az\u0259rbaycan\u0131n h\u0259lledici rolunu diqq\u0259t\u0259 \u00e7atd\u0131r\u0131b. Bildirilib ki, Avropa Komissiyas\u0131 X\u0259z\u0259r d\u0259nizind\u0259n t\u0259bii qaz\u0131n M\u0259rk\u0259zi v\u0259 \u015e\u0259rqi Avropaya \u00e7atd\u0131r\u0131lmas\u0131 \u00fc\u00e7\u00fcn alternativ mar\u015frutlar\u0131n t\u0259min edilm\u0259si \u00fczr\u0259 \u0259lav\u0259 s\u0259yl\u0259ri,\u00a0\u00a0t\u0259r\u0259fda\u015f \u00f6lk\u0259l\u0259r aras\u0131nda m\u0259hsuldar m\u00fcnasib\u0259tl\u0259ri, y\u00fcks\u0259k h\u0259mr\u0259yliyi v\u0259 strateji t\u0259r\u0259fda\u015fl\u0131\u011f\u0131 d\u0259st\u0259kl\u0259yir. Bu bax\u0131mdan \u00abH\u0259mr\u0259ylik Halqas\u0131\u00bb\u201d t\u0259\u015f\u0259bb\u00fcs\u00fcn\u00fcn realla\u015fmas\u0131 il\u0259 Az\u0259rbaycan qaz\u0131n\u0131n Avropa \u0130ttifaq\u0131na \u00fczv \u00f6lk\u0259l\u0259r\u0259 \u00e7atd\u0131r\u0131lmas\u0131 \u00fc\u00e7\u00fcn \u0259lav\u0259 mar\u015frutlar\u0131n formala\u015fmas\u0131 yeni h\u0259d\u0259fl\u0259r\u0259 \u00e7atma\u011f\u0131n \u0259n asan yoludur. \u00c7\u00fcnki Bolqar\u0131stan\u0131n, Rum\u0131niyan\u0131n, Macar\u0131stan\u0131n, Slovakiyan\u0131n \u00f6t\u00fcr\u00fcc\u00fc sistem operatorlar\u0131 il\u0259 SOCAR aras\u0131nda Memorandumun imzalanmas\u0131 yeni layih\u0259 olan \u00abH\u0259mr\u0259ylik Halqas\u0131\u00bb\u201d t\u0259\u015f\u0259bb\u00fcs\u00fcn\u00fcn realla\u015fmas\u0131 dem\u0259kdir. Bu h\u0259mr\u0259ylik halqas\u0131 il\u0259 C\u0259nub Qaz D\u0259hlizinin \u00f6t\u00fcr\u00fcc\u00fcl\u00fcq imkanlar\u0131 daha da art\u0131r. M\u0259rk\u0259zi v\u0259 C\u0259nub-\u015e\u0259rqi Avropaya t\u0259bii qaz t\u0259dar\u00fck\u00fcn\u00fcn t\u0259hl\u00fck\u0259sizliyini yax\u015f\u0131la\u015fd\u0131rmaq m\u0259qs\u0259di da\u015f\u0131yan \u00abH\u0259mr\u0259ylik Halqas\u0131\u00bb regionun dig\u0259r \u00f6lk\u0259l\u0259rinin d\u0259 bu t\u0259\u015f\u0259bb\u00fcs\u0259 qo\u015fulmas\u0131 \u00fc\u00e7\u00fcn imkanlar yarad\u0131r.<\/p>\n<p>Qeyd edildiyi kimi, M\u0259rk\u0259zi Avropada \u015fax\u0259l\u0259ndirm\u0259 siyas\u0259tinin \u0259n s\u0259m\u0259r\u0259li, real variant\u0131 qit\u0259 d\u00f6vl\u0259tl\u0259rinin ehtiyac\u0131n\u0131 \u00f6d\u0259y\u0259c\u0259k t\u0259bii qaz\u0131n Az\u0259rbaycandan idxal\u0131d\u0131r. \u00d6lk\u0259mizl\u0259 \u0259m\u0259kda\u015fl\u0131\u011f\u0131 y\u00fcks\u0259k d\u0259y\u0259rl\u0259ndir\u0259n Slovakiyan\u0131n iqtisadiyyat naziri\u00a0Karel Hirman\u0131n \u00abBu g\u00fcn biz Anla\u015fma Memorandumunu imzalamaqla ayd\u0131n siyasi mesaj g\u00f6nd\u0259ririk. Bu mesaj ondan ibar\u0259tdir ki, biz Avropaya t\u0259bii qaz\u0131n idxal\u0131 \u00fc\u00e7\u00fcn yeni d\u0259hliz yaratma\u011fa, t\u0259r\u0259fda\u015f\u0131m\u0131z olan Az\u0259rbaycanla \u0259m\u0259kda\u015fl\u0131q etm\u0259y\u0259 v\u0259 qaz t\u0259chizat\u0131n\u0131n \u00fcmumi \u015fax\u0259l\u0259nm\u0259sin\u0259 t\u00f6hf\u0259 verm\u0259y\u0259 haz\u0131r\u0131q\u00bb s\u00f6zl\u0259ri qit\u0259 \u00f6lk\u0259l\u0259rinin Az\u0259rbaycanla \u0259m\u0259kda\u015fl\u0131\u011f\u0131n\u0131n yeni eras\u0131n\u0131n ba\u015fland\u0131\u011f\u0131n\u0131 bildir\u0259n m\u00fcjd\u0259dir.<\/p>\n<p>\u00abH\u0259mr\u0259ylik halqas\u0131\u00bbn\u0131, Anla\u015fma Memorandumunu Avropa \u0130ttifaq\u0131n\u0131n 9 \u00fczv d\u00f6vl\u0259ti il\u0259 Az\u0259rbaycan aras\u0131nda \u00abStrateji T\u0259r\u0259fda\u015fl\u0131q haqq\u0131nda\u201d B\u0259yannam\u0259\u00bby\u0259 v\u0259 dig\u0259r Sazi\u015fl\u0259r\u0259 uy\u011fun davam ed\u0259n t\u0259r\u0259fda\u015fl\u0131\u011f\u0131n m\u0259ntiqi n\u0259tic\u0259si adland\u0131ran d\u00f6vl\u0259t ba\u015f\u00e7\u0131m\u0131z\u0131n vur\u011fulad\u0131\u011f\u0131 kimi, Avropa \u0130ttifaq\u0131na \u00fczv d\u00f6vl\u0259tl\u0259rin \u00fc\u00e7d\u0259birinin \u00f6lk\u0259mizl\u0259 s\u0259mimi m\u00fcnasib\u0259tl\u0259rinin daha da m\u00f6hk\u0259ml\u0259ndirilm\u0259si \u00e7ox g\u00fccl\u00fc \u0259m\u0259kda\u015fl\u0131q m\u00fcnasib\u0259tl\u0259rinini etibarl\u0131 g\u0259l\u0259c\u0259yidir. Haz\u0131rda G\u00fcrc\u00fcstana, T\u00fcrkiy\u0259y\u0259, Yunan\u0131stana, Bolqar\u0131stana v\u0259 \u0130taliyaya ixrac edil\u0259n Az\u0259rbaycan qaz\u0131n\u0131n bu ild\u0259n ba\u015flayaraq Rum\u0131niyaya da \u00e7atd\u0131r\u0131lmas\u0131 bu \u0259m\u0259kda\u015fl\u0131\u011f\u0131n u\u011furlu, m\u0259ntiqi n\u0259tic\u0259sidir. N\u0259z\u0259rd\u0259 tutulan dig\u0259r interkonnektorlar\u0131n yarad\u0131lmas\u0131 il\u0259 bu ilin sonuna q\u0259d\u0259r Macar\u0131stan v\u0259 Slovakiya da bu halqan\u0131n \u00fczvl\u0259ri s\u0131ras\u0131nda olacaq.<\/p>\n<p>\u00abBiz yerli qazpaylay\u0131c\u0131 sistemin qurulmas\u0131 m\u0259qs\u0259dil\u0259 Albaniya il\u0259 dan\u0131\u015f\u0131qlar prosesind\u0259yik. \u00c7\u00fcnki C\u0259nub Qaz D\u0259hlizi Albaniyan\u0131n \u0259razisind\u0259n ke\u00e7ir. Eyni zamanda, Slovakiya \u00abH\u0259mr\u0259ylik Halqas\u0131\u00bbn\u0131n \u00fczv\u00fc kimi, \u0259min\u0259m ki, yax\u0131n vaxtlarda enerji sah\u0259sind\u0259 bizim t\u0259r\u0259fda\u015f\u0131m\u0131za \u00e7evril\u0259c\u0259k. Biz qaz t\u0259chizat\u0131m\u0131z\u0131n co\u011frafiyas\u0131n\u0131 6 \u00f6lk\u0259d\u0259n, \u0259n az\u0131 10 \u00f6lk\u0259y\u0259 q\u0259d\u0259r geni\u015fl\u0259ndir\u0259c\u0259yik\u00bb s\u00f6yl\u0259y\u0259n Prezident \u0130lham \u018fliyevin vur\u011fulad\u0131\u011f\u0131 kimi, \u00f6lk\u0259mizin t\u0259r\u0259fda\u015flardan ibar\u0259t g\u00fccl\u00fc komandan\u0131 yaratmaq t\u0259\u015f\u0259bb\u00fcsl\u0259ri realla\u015f\u0131r. \u0130yirmi ild\u0259n art\u0131q m\u00fcdd\u0259td\u0259 Avropaya xam nefti ixrac ed\u0259n \u00f6lk\u0259miz neft-kimya m\u0259hsullar\u0131 v\u0259 elektrik enerjisi ixrac\u0131nda da v\u0259din\u0259 sadiqliyini g\u00f6st\u0259rir.<\/p>\n<p>Y\u0259ni, \u00f6lk\u0259mizin t\u0259\u015f\u0259bb\u00fcs\u00fc il\u0259 realla\u015fan v\u0259 XXI \u0259srin layih\u0259si adland\u0131r\u0131lan C\u0259nub Qaz D\u0259hlizinin \u00f6t\u00fcr\u00fcc\u00fcl\u00fck imkanlar\u0131 v\u0259 miqyas\u0131 geni\u015fl\u0259nir. Daha \u00e7ox maraq do\u011furan Az\u0259rbaycan\u0131n b\u0259rpa olunan enerjinin istehsal\u0131 v\u0259 ixrac\u0131 m\u0259nb\u0259yin\u0259 \u00e7evrilm\u0259si \u00fc\u00e7\u00fcn g\u00f6st\u0259ril\u0259n s\u0259yl\u0259r u\u011furla davam etdirilir. Art\u0131q respublikam\u0131zda ilk k\u00fcl\u0259k v\u0259 g\u00fcn\u0259\u015f enerjisi stansiyalar\u0131n\u0131n tikintisi ba\u015flay\u0131b. Hesablamalara g\u00f6r\u0259, potensial\u0131 t\u0259xmin\u0259n 200 qiqavat olan \u00f6lk\u0259mizin b\u0259rpa olunan enerjisinin \u0259sas ixrac istiqam\u0259ti Avropad\u0131r. Enerji diplomatiyas\u0131n\u0131n \u0259hat\u0259 etdiyi qaz, ya\u015f\u0131l enerji layih\u0259l\u0259rini realla\u015fd\u0131rmaqla Avrasiyan\u0131n enerji x\u0259rit\u0259sinin m\u00fc\u0259llifi ad\u0131n\u0131 do\u011fruldan \u00f6lk\u0259mizin enerji il\u0259 ba\u011fl\u0131 \u0259m\u0259kda\u015fl\u0131q format\u0131n\u0131n t\u0259rkibi daha da geni\u015fl\u0259n\u0259c\u0259k. D\u00fcnyada \u00f6hd\u0259liyin\u0259 sadiq, etibarl\u0131 qaz t\u0259chizat\u00e7\u0131s\u0131 Az\u0259rbaycan\u0131n m\u00fc\u0259llifi oldu\u011fu \u00abH\u0259mr\u0259ylik Halqas\u0131\u00bbna qo\u015fulanlar\u0131n say\u0131 artacaq.<\/p>\n<p>Bu t\u0259\u015f\u0259bb\u00fcs yeni \u0259m\u0259kda\u015fl\u0131qlar\u0131n, h\u0259d\u0259fl\u0259r \u00fc\u00e7\u00fcn etibarl\u0131 \u00e7a\u011f\u0131r\u0131\u015flar\u0131n, qaz t\u0259chizat\u0131 \u015f\u0259b\u0259k\u0259l\u0259rinin, \u00f6lk\u0259l\u0259r aras\u0131ndak\u0131 \u0259laq\u0259l\u0259rin geni\u015fl\u0259ndirilm\u0259sin\u0259 xidm\u0259t, yeni layih\u0259l\u0259r\u0259 b\u0259l\u0259d\u00e7ilik ed\u0259c\u0259k. G\u0259l\u0259c\u0259yin enerjisi olan ya\u015f\u0131l hidrogenin n\u0259qli bar\u0259d\u0259 daha inamla dan\u0131\u015fmaq s\u0259yl\u0259rini art\u0131racaq.<\/p>\n","protected":false},"excerpt":{"rendered":"<p>N\u0259z\u0259rd\u0259 tutulan dig\u0259r interkonnektorlar\u0131n yarad\u0131lmas\u0131 il\u0259 bu ilin sonuna q\u0259d\u0259r Macar\u0131stanla Slovakiya da bu halqan\u0131n \u00fczvl\u0259ri s\u0131ras\u0131na daxil olacaq \u00d6t\u0259n il Sofiya \u015f\u0259h\u0259rind\u0259 Yunan\u0131stan-Bolqar\u0131stan Qaz \u0130nterkonnektorunun (IGB) a\u00e7\u0131l\u0131\u015f m\u0259rasimind\u0259 i\u015ftirak ed\u0259n Prezident \u0130lham \u018fliyev Avropa \u0130ttifaq\u0131 il\u0259 Az\u0259rbaycan aras\u0131nda enerji sah\u0259sind\u0259 Strateji T\u0259r\u0259fda\u015fl\u0131\u011fa dair Anla\u015fma Memorandumunun \u0259h\u0259miyy\u0259tini bir daha diqq\u0259t\u0259 \u00e7atd\u0131raraq bu c\u00fcr m\u0259rasiml\u0259ri \u00f6lk\u0259mizin qaz m\u0259nb\u0259l\u0259rinin \u015fax\u0259l\u0259ndirilm\u0259sinin m\u0259ntiqi n\u0259tic\u0259si adland\u0131r\u0131b. M\u0259rasimd\u0259 i\u015ftirak ed\u0259n, Avropan\u0131n enerji x\u0259rit\u0259sini d\u0259yi\u015fmi\u015f C\u0259nub Qaz D\u0259hlizini qit\u0259 \u00fczr\u0259 \u0259n b\u00f6y\u00fck infrastruktur layih\u0259si kimi d\u0259y\u0259rl\u0259ndir\u0259n Avropa Komissiyas\u0131n\u0131n Prezidenti Ursula Fon der Lyayenin qeyd etdiyi kimi, qaz&hellip;<\/p>\n","protected":false},"author":2,"featured_media":596918,"comment_status":"closed","ping_status":"closed","sticky":false,"template":"","format":"standard","meta":{"om_disable_all_campaigns":false,"_monsterinsights_skip_tracking":false,"_monsterinsights_sitenote_active":false,"_monsterinsights_sitenote_note":"","_monsterinsights_sitenote_category":0},"categories":[19],"tags":[],"aioseo_notices":[],"gutentor_comment":0,"rttpg_featured_image_url":{"full":["https:\/\/arantv.az\/wp-content\/uploads\/2023\/05\/71560ce9168303770374052831911024490.jpg",975,540,false],"landscape":["https:\/\/arantv.az\/wp-content\/uploads\/2023\/05\/71560ce9168303770374052831911024490.jpg",975,540,false],"portraits":["https:\/\/arantv.az\/wp-content\/uploads\/2023\/05\/71560ce9168303770374052831911024490.jpg",975,540,false],"thumbnail":["https:\/\/arantv.az\/wp-content\/uploads\/2023\/05\/71560ce9168303770374052831911024490-500x280.jpg",500,280,true],"medium":["https:\/\/arantv.az\/wp-content\/uploads\/2023\/05\/71560ce9168303770374052831911024490-660x365.jpg",660,365,true],"large":["https:\/\/arantv.az\/wp-content\/uploads\/2023\/05\/71560ce9168303770374052831911024490-840x465.jpg",640,354,true],"1536x1536":["https:\/\/arantv.az\/wp-content\/uploads\/2023\/05\/71560ce9168303770374052831911024490.jpg",975,540,false],"2048x2048":["https:\/\/arantv.az\/wp-content\/uploads\/2023\/05\/71560ce9168303770374052831911024490.jpg",975,540,false],"post-thumbnail":["https:\/\/arantv.az\/wp-content\/uploads\/2023\/05\/71560ce9168303770374052831911024490-240x172.jpg",240,172,true],"advps-thumb-one":["https:\/\/arantv.az\/wp-content\/uploads\/2023\/05\/71560ce9168303770374052831911024490.jpg",975,540,false]},"rttpg_author":{"display_name":"V\u00fcsal Rafiqo\u011flu","author_link":"https:\/\/arantv.az\/?author=2"},"rttpg_comment":0,"rttpg_category":"<a href=\"https:\/\/arantv.az\/?cat=19\" rel=\"category\">G\u00fcnd\u0259m<\/a>","rttpg_excerpt":"N\u0259z\u0259rd\u0259 tutulan dig\u0259r interkonnektorlar\u0131n yarad\u0131lmas\u0131 il\u0259 bu ilin sonuna q\u0259d\u0259r Macar\u0131stanla Slovakiya da bu halqan\u0131n \u00fczvl\u0259ri s\u0131ras\u0131na daxil olacaq \u00d6t\u0259n il Sofiya \u015f\u0259h\u0259rind\u0259 Yunan\u0131stan-Bolqar\u0131stan Qaz \u0130nterkonnektorunun (IGB) a\u00e7\u0131l\u0131\u015f m\u0259rasimind\u0259 i\u015ftirak ed\u0259n Prezident \u0130lham \u018fliyev Avropa \u0130ttifaq\u0131 il\u0259 Az\u0259rbaycan aras\u0131nda enerji sah\u0259sind\u0259 Strateji T\u0259r\u0259fda\u015fl\u0131\u011fa dair Anla\u015fma Memorandumunun \u0259h\u0259miyy\u0259tini bir daha diqq\u0259t\u0259 \u00e7atd\u0131raraq bu c\u00fcr m\u0259rasiml\u0259ri \u00f6lk\u0259mizin&hellip;","_links":{"self":[{"href":"https:\/\/arantv.az\/index.php?rest_route=\/wp\/v2\/posts\/596917"}],"collection":[{"href":"https:\/\/arantv.az\/index.php?rest_route=\/wp\/v2\/posts"}],"about":[{"href":"https:\/\/arantv.az\/index.php?rest_route=\/wp\/v2\/types\/post"}],"author":[{"embeddable":true,"href":"https:\/\/arantv.az\/index.php?rest_route=\/wp\/v2\/users\/2"}],"replies":[{"embeddable":true,"href":"https:\/\/arantv.az\/index.php?rest_route=%2Fwp%2Fv2%2Fcomments&post=596917"}],"version-history":[{"count":0,"href":"https:\/\/arantv.az\/index.php?rest_route=\/wp\/v2\/posts\/596917\/revisions"}],"wp:featuredmedia":[{"embeddable":true,"href":"https:\/\/arantv.az\/index.php?rest_route=\/wp\/v2\/media\/596918"}],"wp:attachment":[{"href":"https:\/\/arantv.az\/index.php?rest_route=%2Fwp%2Fv2%2Fmedia&parent=596917"}],"wp:term":[{"taxonomy":"category","embeddable":true,"href":"https:\/\/arantv.az\/index.php?rest_route=%2Fwp%2Fv2%2Fcategories&post=596917"},{"taxonomy":"post_tag","embeddable":true,"href":"https:\/\/arantv.az\/index.php?rest_route=%2Fwp%2Fv2%2Ftags&post=596917"}],"curies":[{"name":"wp","href":"https:\/\/api.w.org\/{rel}","templated":true}]}}