{"id":596929,"date":"2023-05-03T09:47:40","date_gmt":"2023-05-03T05:47:40","guid":{"rendered":"https:\/\/arantv.az\/?p=596929"},"modified":"2023-05-03T09:47:40","modified_gmt":"2023-05-03T05:47:40","slug":"bu-gunun-hava-proqnozu-yagis-qar-x%c9%99b%c9%99rdarliq","status":"publish","type":"post","link":"https:\/\/arantv.az\/?p=596929","title":{"rendered":"Bu g\u00fcn\u00fcn hava proqnozu: ya\u011f\u0131\u015f, qar&#8230; &#8211; X\u018fB\u018fRDARLIQ"},"content":{"rendered":"<p><strong>Bak\u0131da v\u0259 Ab\u015feron yar\u0131madas\u0131nda may\u0131n 3-d\u0259 b\u0259zi yerl\u0259rd\u0259 arabir ya\u011f\u0131\u015f ya\u011faca\u011f\u0131 g\u00f6zl\u0259nilir. Yar\u0131mad\u0131n\u0131n b\u0259zi \u0259razil\u0259rind\u0259 intensiv olaca\u011f\u0131 ehtimal\u0131 var.<\/strong><\/p>\n<p>Bu bar\u0259d\u0259<strong>\u00a0<a href=\"https:\/\/publika.az\/\" target=\"_blank\" rel=\"noopener\">Publika.az<\/a><\/strong>-a Milli Hidrometeorologiya Xidm\u0259tind\u0259n m\u0259lumat verilib.<\/p>\n<p>Az\u0259rbaycan\u0131n rayonlar\u0131nda is\u0259, may\u0131n 3-d\u0259 \u00f6lk\u0259 \u0259razisind\u0259 qeyri-sabit, ya\u011f\u0131nt\u0131l\u0131 hava \u015f\u0259raiti davam ed\u0259c\u0259k. Da\u011fl\u0131q \u0259razil\u0259rd\u0259 qar ya\u011facaq. Ya\u011f\u0131nt\u0131lar\u0131n leysan xarakterli intensiv v\u0259 g\u00fccl\u00fc olaca\u011f\u0131, \u015fim\u015f\u0259k \u00e7axaca\u011f\u0131, dolu d\u00fc\u015f\u0259c\u0259yi ehtimal\u0131 var.<\/p>\n<p>\u00c7aylarda sululu\u011fun artaca\u011f\u0131, b\u0259zi da\u011f \u00e7aylar\u0131ndan q\u0131sam\u00fcdd\u0259tli da\u015fq\u0131n v\u0259 sel ke\u00e7\u0259c\u0259yi ehtimal edilir.<\/p>\n","protected":false},"excerpt":{"rendered":"<p>Bak\u0131da v\u0259 Ab\u015feron yar\u0131madas\u0131nda may\u0131n 3-d\u0259 b\u0259zi yerl\u0259rd\u0259 arabir ya\u011f\u0131\u015f ya\u011faca\u011f\u0131 g\u00f6zl\u0259nilir. Yar\u0131mad\u0131n\u0131n b\u0259zi \u0259razil\u0259rind\u0259 intensiv olaca\u011f\u0131 ehtimal\u0131 var. Bu bar\u0259d\u0259\u00a0Publika.az-a Milli Hidrometeorologiya Xidm\u0259tind\u0259n m\u0259lumat verilib. Az\u0259rbaycan\u0131n rayonlar\u0131nda is\u0259, may\u0131n 3-d\u0259 \u00f6lk\u0259 \u0259razisind\u0259 qeyri-sabit, ya\u011f\u0131nt\u0131l\u0131 hava \u015f\u0259raiti davam ed\u0259c\u0259k. Da\u011fl\u0131q \u0259razil\u0259rd\u0259 qar ya\u011facaq. Ya\u011f\u0131nt\u0131lar\u0131n leysan xarakterli intensiv v\u0259 g\u00fccl\u00fc olaca\u011f\u0131, \u015fim\u015f\u0259k \u00e7axaca\u011f\u0131, dolu d\u00fc\u015f\u0259c\u0259yi ehtimal\u0131 var. \u00c7aylarda sululu\u011fun artaca\u011f\u0131, b\u0259zi da\u011f \u00e7aylar\u0131ndan q\u0131sam\u00fcdd\u0259tli da\u015fq\u0131n v\u0259 sel ke\u00e7\u0259c\u0259yi ehtimal edilir.<\/p>\n","protected":false},"author":2,"featured_media":596930,"comment_status":"closed","ping_status":"closed","sticky":false,"template":"","format":"standard","meta":{"om_disable_all_campaigns":false,"_monsterinsights_skip_tracking":false,"_monsterinsights_sitenote_active":false,"_monsterinsights_sitenote_note":"","_monsterinsights_sitenote_category":0},"categories":[22],"tags":[],"aioseo_notices":[],"gutentor_comment":0,"rttpg_featured_image_url":{"full":["https:\/\/arantv.az\/wp-content\/uploads\/2023\/05\/hava.jpg",812,568,false],"landscape":["https:\/\/arantv.az\/wp-content\/uploads\/2023\/05\/hava.jpg",812,568,false],"portraits":["https:\/\/arantv.az\/wp-content\/uploads\/2023\/05\/hava.jpg",812,568,false],"thumbnail":["https:\/\/arantv.az\/wp-content\/uploads\/2023\/05\/hava-500x280.jpg",500,280,true],"medium":["https:\/\/arantv.az\/wp-content\/uploads\/2023\/05\/hava-522x365.jpg",522,365,true],"large":["https:\/\/arantv.az\/wp-content\/uploads\/2023\/05\/hava.jpg",640,448,false],"1536x1536":["https:\/\/arantv.az\/wp-content\/uploads\/2023\/05\/hava.jpg",812,568,false],"2048x2048":["https:\/\/arantv.az\/wp-content\/uploads\/2023\/05\/hava.jpg",812,568,false],"post-thumbnail":["https:\/\/arantv.az\/wp-content\/uploads\/2023\/05\/hava-240x172.jpg",240,172,true],"advps-thumb-one":["https:\/\/arantv.az\/wp-content\/uploads\/2023\/05\/hava.jpg",812,568,false]},"rttpg_author":{"display_name":"V\u00fcsal Rafiqo\u011flu","author_link":"https:\/\/arantv.az\/?author=2"},"rttpg_comment":0,"rttpg_category":"<a href=\"https:\/\/arantv.az\/?cat=22\" rel=\"category\">Hava<\/a>","rttpg_excerpt":"Bak\u0131da v\u0259 Ab\u015feron yar\u0131madas\u0131nda may\u0131n 3-d\u0259 b\u0259zi yerl\u0259rd\u0259 arabir ya\u011f\u0131\u015f ya\u011faca\u011f\u0131 g\u00f6zl\u0259nilir. Yar\u0131mad\u0131n\u0131n b\u0259zi \u0259razil\u0259rind\u0259 intensiv olaca\u011f\u0131 ehtimal\u0131 var. Bu bar\u0259d\u0259\u00a0Publika.az-a Milli Hidrometeorologiya Xidm\u0259tind\u0259n m\u0259lumat verilib. Az\u0259rbaycan\u0131n rayonlar\u0131nda is\u0259, may\u0131n 3-d\u0259 \u00f6lk\u0259 \u0259razisind\u0259 qeyri-sabit, ya\u011f\u0131nt\u0131l\u0131 hava \u015f\u0259raiti davam ed\u0259c\u0259k. Da\u011fl\u0131q \u0259razil\u0259rd\u0259 qar ya\u011facaq. Ya\u011f\u0131nt\u0131lar\u0131n leysan xarakterli intensiv v\u0259 g\u00fccl\u00fc olaca\u011f\u0131, \u015fim\u015f\u0259k \u00e7axaca\u011f\u0131, dolu d\u00fc\u015f\u0259c\u0259yi ehtimal\u0131&hellip;","_links":{"self":[{"href":"https:\/\/arantv.az\/index.php?rest_route=\/wp\/v2\/posts\/596929"}],"collection":[{"href":"https:\/\/arantv.az\/index.php?rest_route=\/wp\/v2\/posts"}],"about":[{"href":"https:\/\/arantv.az\/index.php?rest_route=\/wp\/v2\/types\/post"}],"author":[{"embeddable":true,"href":"https:\/\/arantv.az\/index.php?rest_route=\/wp\/v2\/users\/2"}],"replies":[{"embeddable":true,"href":"https:\/\/arantv.az\/index.php?rest_route=%2Fwp%2Fv2%2Fcomments&post=596929"}],"version-history":[{"count":0,"href":"https:\/\/arantv.az\/index.php?rest_route=\/wp\/v2\/posts\/596929\/revisions"}],"wp:featuredmedia":[{"embeddable":true,"href":"https:\/\/arantv.az\/index.php?rest_route=\/wp\/v2\/media\/596930"}],"wp:attachment":[{"href":"https:\/\/arantv.az\/index.php?rest_route=%2Fwp%2Fv2%2Fmedia&parent=596929"}],"wp:term":[{"taxonomy":"category","embeddable":true,"href":"https:\/\/arantv.az\/index.php?rest_route=%2Fwp%2Fv2%2Fcategories&post=596929"},{"taxonomy":"post_tag","embeddable":true,"href":"https:\/\/arantv.az\/index.php?rest_route=%2Fwp%2Fv2%2Ftags&post=596929"}],"curies":[{"name":"wp","href":"https:\/\/api.w.org\/{rel}","templated":true}]}}