{"id":596933,"date":"2023-05-03T09:53:28","date_gmt":"2023-05-03T05:53:28","guid":{"rendered":"https:\/\/arantv.az\/?p=596933"},"modified":"2023-05-03T09:53:28","modified_gmt":"2023-05-03T05:53:28","slug":"az%c9%99rbaycanda-federasiyanin-bas-katibi-istefa-verdi-yeni-t%c9%99yinat","status":"publish","type":"post","link":"https:\/\/arantv.az\/?p=596933","title":{"rendered":"Az\u0259rbaycanda federasiyan\u0131n ba\u015f katibi istefa verdi &#8211; YEN\u0130 T\u018fY\u0130NAT"},"content":{"rendered":"<p>Az\u0259rbaycan \u00dczg\u00fc\u00e7\u00fcl\u00fck Federasiyas\u0131n\u0131n\u00a0r\u0259hb\u0259rliyind\u0259 d\u0259yi\u015fiklik olub.<\/p>\n<p>M\u0259lumat\u0131 federasiyan\u0131n m\u0259tbuat xidm\u0259ti yay\u0131b.<\/p>\n<p>Bildirilib ki, federasiyan\u0131n ba\u015f katibi F\u0259rid B\u0259n\u0259nyarl\u0131 ba\u015fqa i\u015f\u0259 ke\u00e7m\u0259si il\u0259 \u0259laq\u0259dar \u00f6z xahi\u015fi il\u0259 v\u0259zif\u0259sind\u0259n istefa verib. Bu posta F\u0259xri H\u0259s\u0259nov\u00a0t\u0259yin olunub.<\/p>\n<p>Qeyd ed\u0259k ki, F\u0259xri H\u0259s\u0259nov 1977-ci ild\u0259 Bak\u0131 \u015f\u0259h\u0259rind\u0259 anadan olub.\u00a02000-ci ild\u0259 Az\u0259rbaycan Texniki Universitetinin M\u00fch\u0259ndis \u0130qtisadiyyat\u0131 fak\u00fclt\u0259sini, sonra is\u0259 Az\u0259rbaycan D\u00f6vl\u0259t \u0130qtisad Universitetinin Maliyy\u0259 v\u0259 kredit fak\u00fclt\u0259sini bitir\u0259n\u00a0H\u0259s\u0259nov bu v\u0259zif\u0259y\u0259 q\u0259d\u0259r \u201cAvto Lizinq Az\u0259rbaycan\u201d MMC-d\u0259 \u00e7al\u0131\u015f\u0131b.<\/p>\n","protected":false},"excerpt":{"rendered":"<p>Az\u0259rbaycan \u00dczg\u00fc\u00e7\u00fcl\u00fck Federasiyas\u0131n\u0131n\u00a0r\u0259hb\u0259rliyind\u0259 d\u0259yi\u015fiklik olub. M\u0259lumat\u0131 federasiyan\u0131n m\u0259tbuat xidm\u0259ti yay\u0131b. Bildirilib ki, federasiyan\u0131n ba\u015f katibi F\u0259rid B\u0259n\u0259nyarl\u0131 ba\u015fqa i\u015f\u0259 ke\u00e7m\u0259si il\u0259 \u0259laq\u0259dar \u00f6z xahi\u015fi il\u0259 v\u0259zif\u0259sind\u0259n istefa verib. Bu posta F\u0259xri H\u0259s\u0259nov\u00a0t\u0259yin olunub. Qeyd ed\u0259k ki, F\u0259xri H\u0259s\u0259nov 1977-ci ild\u0259 Bak\u0131 \u015f\u0259h\u0259rind\u0259 anadan olub.\u00a02000-ci ild\u0259 Az\u0259rbaycan Texniki Universitetinin M\u00fch\u0259ndis \u0130qtisadiyyat\u0131 fak\u00fclt\u0259sini, sonra is\u0259 Az\u0259rbaycan D\u00f6vl\u0259t \u0130qtisad Universitetinin Maliyy\u0259 v\u0259 kredit fak\u00fclt\u0259sini bitir\u0259n\u00a0H\u0259s\u0259nov bu v\u0259zif\u0259y\u0259 q\u0259d\u0259r \u201cAvto Lizinq Az\u0259rbaycan\u201d MMC-d\u0259 \u00e7al\u0131\u015f\u0131b.<\/p>\n","protected":false},"author":2,"featured_media":456565,"comment_status":"closed","ping_status":"closed","sticky":false,"template":"","format":"standard","meta":{"om_disable_all_campaigns":false,"_monsterinsights_skip_tracking":false,"_monsterinsights_sitenote_active":false,"_monsterinsights_sitenote_note":"","_monsterinsights_sitenote_category":0},"categories":[6],"tags":[],"aioseo_notices":[],"gutentor_comment":0,"rttpg_featured_image_url":{"full":["https:\/\/arantv.az\/wp-content\/uploads\/2022\/03\/teyinat.jpg",551,413,false],"landscape":["https:\/\/arantv.az\/wp-content\/uploads\/2022\/03\/teyinat.jpg",551,413,false],"portraits":["https:\/\/arantv.az\/wp-content\/uploads\/2022\/03\/teyinat.jpg",551,413,false],"thumbnail":["https:\/\/arantv.az\/wp-content\/uploads\/2022\/03\/teyinat-500x280.jpg",500,280,true],"medium":["https:\/\/arantv.az\/wp-content\/uploads\/2022\/03\/teyinat-487x365.jpg",487,365,true],"large":["https:\/\/arantv.az\/wp-content\/uploads\/2022\/03\/teyinat.jpg",551,413,false],"1536x1536":["https:\/\/arantv.az\/wp-content\/uploads\/2022\/03\/teyinat.jpg",551,413,false],"2048x2048":["https:\/\/arantv.az\/wp-content\/uploads\/2022\/03\/teyinat.jpg",551,413,false],"post-thumbnail":["https:\/\/arantv.az\/wp-content\/uploads\/2022\/03\/teyinat-240x172.jpg",240,172,true],"advps-thumb-one":["https:\/\/arantv.az\/wp-content\/uploads\/2022\/03\/teyinat.jpg",551,413,false]},"rttpg_author":{"display_name":"V\u00fcsal Rafiqo\u011flu","author_link":"https:\/\/arantv.az\/?author=2"},"rttpg_comment":0,"rttpg_category":"<a href=\"https:\/\/arantv.az\/?cat=6\" rel=\"category\">\u0130dman<\/a>","rttpg_excerpt":"Az\u0259rbaycan \u00dczg\u00fc\u00e7\u00fcl\u00fck Federasiyas\u0131n\u0131n\u00a0r\u0259hb\u0259rliyind\u0259 d\u0259yi\u015fiklik olub. M\u0259lumat\u0131 federasiyan\u0131n m\u0259tbuat xidm\u0259ti yay\u0131b. Bildirilib ki, federasiyan\u0131n ba\u015f katibi F\u0259rid B\u0259n\u0259nyarl\u0131 ba\u015fqa i\u015f\u0259 ke\u00e7m\u0259si il\u0259 \u0259laq\u0259dar \u00f6z xahi\u015fi il\u0259 v\u0259zif\u0259sind\u0259n istefa verib. Bu posta F\u0259xri H\u0259s\u0259nov\u00a0t\u0259yin olunub. Qeyd ed\u0259k ki, F\u0259xri H\u0259s\u0259nov 1977-ci ild\u0259 Bak\u0131 \u015f\u0259h\u0259rind\u0259 anadan olub.\u00a02000-ci ild\u0259 Az\u0259rbaycan Texniki Universitetinin M\u00fch\u0259ndis \u0130qtisadiyyat\u0131 fak\u00fclt\u0259sini, sonra is\u0259 Az\u0259rbaycan D\u00f6vl\u0259t&hellip;","_links":{"self":[{"href":"https:\/\/arantv.az\/index.php?rest_route=\/wp\/v2\/posts\/596933"}],"collection":[{"href":"https:\/\/arantv.az\/index.php?rest_route=\/wp\/v2\/posts"}],"about":[{"href":"https:\/\/arantv.az\/index.php?rest_route=\/wp\/v2\/types\/post"}],"author":[{"embeddable":true,"href":"https:\/\/arantv.az\/index.php?rest_route=\/wp\/v2\/users\/2"}],"replies":[{"embeddable":true,"href":"https:\/\/arantv.az\/index.php?rest_route=%2Fwp%2Fv2%2Fcomments&post=596933"}],"version-history":[{"count":0,"href":"https:\/\/arantv.az\/index.php?rest_route=\/wp\/v2\/posts\/596933\/revisions"}],"wp:featuredmedia":[{"embeddable":true,"href":"https:\/\/arantv.az\/index.php?rest_route=\/wp\/v2\/media\/456565"}],"wp:attachment":[{"href":"https:\/\/arantv.az\/index.php?rest_route=%2Fwp%2Fv2%2Fmedia&parent=596933"}],"wp:term":[{"taxonomy":"category","embeddable":true,"href":"https:\/\/arantv.az\/index.php?rest_route=%2Fwp%2Fv2%2Fcategories&post=596933"},{"taxonomy":"post_tag","embeddable":true,"href":"https:\/\/arantv.az\/index.php?rest_route=%2Fwp%2Fv2%2Ftags&post=596933"}],"curies":[{"name":"wp","href":"https:\/\/api.w.org\/{rel}","templated":true}]}}