{"id":596938,"date":"2023-05-03T10:05:57","date_gmt":"2023-05-03T06:05:57","guid":{"rendered":"https:\/\/arantv.az\/?p=596938"},"modified":"2023-05-03T10:05:57","modified_gmt":"2023-05-03T06:05:57","slug":"bakiya-birbasa-reysi-olan-air-moldova-butun-istiqam%c9%99tl%c9%99r%c9%99-ucuslari-dayandirdi","status":"publish","type":"post","link":"https:\/\/arantv.az\/?p=596938","title":{"rendered":"Bak\u0131ya birba\u015fa reysi olan \u201cAir Moldova\u201d b\u00fct\u00fcn istiqam\u0259tl\u0259r\u0259 u\u00e7u\u015flar\u0131 dayand\u0131rd\u0131"},"content":{"rendered":"<p>\u201cAir Moldova\u201d \u015firk\u0259ti qeyri-m\u00fc\u0259yy\u0259n m\u00fcdd\u0259t\u0259 u\u00e7u\u015flar\u0131 v\u0259 bilet sat\u0131\u015flar\u0131n\u0131 dayand\u0131r\u0131b.<\/p>\n<p>Bu bar\u0259d\u0259 operatorun \u201cFacebook\u201d s\u0259hif\u0259sind\u0259 m\u0259lumat verilib.<\/p>\n<p>Q\u0259rar avia\u015firk\u0259tin iflasa u\u011framamas\u0131 \u00fc\u00e7\u00fcn s\u00fcr\u0259tl\u0259ndirilmi\u015f restrukturizasiyan\u0131n elan\u0131 il\u0259 \u0259laq\u0259dar q\u0259bul edilib. Qeyd olunur ki, f\u0259aliyy\u0259tin b\u0259rpas\u0131 m\u0259hk\u0259m\u0259 q\u0259rar\u0131ndan sonra 3 g\u00fcn \u0259rzind\u0259 m\u00fcmk\u00fcn olacaq.<\/p>\n<p>X\u0259b\u0259rd\u0259 d\u0259qiql\u0259\u015fdirilib ki, m\u0259hk\u0259m\u0259 s\u00fcr\u0259tl\u0259ndirilmi\u015f restrukturizasiya t\u0259l\u0259bini q\u0259bul ed\u0259rs\u0259, \u015firk\u0259t u\u00e7u\u015flar\u0131 v\u0259 bilet sat\u0131\u015f\u0131n\u0131 b\u0259rpa ed\u0259 bil\u0259c\u0259k. \u0130nvestorlar 50 milyon dollar (85 milyon manat) s\u0259rmay\u0259 qoyma\u011fa haz\u0131rd\u0131rlar &#8211; bu, maliyy\u0259 probleml\u0259rinin h\u0259llin\u0259 k\u00f6m\u0259k ed\u0259c\u0259k.<\/p>\n<p>Xat\u0131rladaq ki, mart\u0131n 28-d\u0259n Bak\u0131 v\u0259 Moldovan\u0131n paytaxt\u0131 aras\u0131nda\u00a0<a href=\"https:\/\/oxu.az\/world\/712220\" target=\"_blank\" rel=\"noopener\"><strong>birba\u015fa aviareys<\/strong><\/a>\u00a0a\u00e7\u0131l\u0131b. Ki\u015fineudan Bak\u0131ya \u00e7\u0259r\u015f\u0259nb\u0259 ax\u015fam\u0131, c\u00fcm\u0259 ax\u015fam\u0131 v\u0259 \u015f\u0259nb\u0259 g\u00fcnl\u0259ri, \u0259ks istiqam\u0259t\u0259 is\u0259 \u00e7\u0259r\u015f\u0259nb\u0259, c\u00fcm\u0259 v\u0259 bazar g\u00fcnl\u0259ri \u00fc\u00e7\u00fcn reysl\u0259r h\u0259yata ke\u00e7irilib.<\/p>\n<p>Lakin \u201cAir Moldova\u201d son bir ay \u0259rzind\u0259 bir ne\u00e7\u0259 d\u0259f\u0259 Bak\u0131 da daxil olmaqla Bolonya, Var\u015fava, D\u00fcsseldorf, Praqa, Roma, \u0130stanbul, Tbilisi v\u0259 dig\u0259r \u015f\u0259h\u0259rl\u0259r\u0259 onlarla reysi\u00a0<a href=\"https:\/\/oxu.az\/world\/722466\" target=\"_blank\" rel=\"noopener\"><strong>l\u0259\u011fv edib<\/strong><\/a>. \u015eirk\u0259t bunun s\u0259b\u0259bl\u0259ri bar\u0259d\u0259 a\u00e7\u0131qlama verm\u0259yib. Amma \u00f6t\u0259n ilin noyabr\u0131nda Moldovan\u0131n M\u00fclki Aviasiya \u0130dar\u0259si bildirib ki, \u201cAir Moldova\u201d qeyri-sabit maliyy\u0259 v\u0259ziyy\u0259tind\u0259dir, bu da onun sat\u0131lan biletl\u0259r \u00fczr\u0259 \u00f6hd\u0259likl\u0259rini yerin\u0259 yetirm\u0259sin\u0259 mane ola bil\u0259r.<\/p>\n","protected":false},"excerpt":{"rendered":"<p>\u201cAir Moldova\u201d \u015firk\u0259ti qeyri-m\u00fc\u0259yy\u0259n m\u00fcdd\u0259t\u0259 u\u00e7u\u015flar\u0131 v\u0259 bilet sat\u0131\u015flar\u0131n\u0131 dayand\u0131r\u0131b. Bu bar\u0259d\u0259 operatorun \u201cFacebook\u201d s\u0259hif\u0259sind\u0259 m\u0259lumat verilib. Q\u0259rar avia\u015firk\u0259tin iflasa u\u011framamas\u0131 \u00fc\u00e7\u00fcn s\u00fcr\u0259tl\u0259ndirilmi\u015f restrukturizasiyan\u0131n elan\u0131 il\u0259 \u0259laq\u0259dar q\u0259bul edilib. Qeyd olunur ki, f\u0259aliyy\u0259tin b\u0259rpas\u0131 m\u0259hk\u0259m\u0259 q\u0259rar\u0131ndan sonra 3 g\u00fcn \u0259rzind\u0259 m\u00fcmk\u00fcn olacaq. X\u0259b\u0259rd\u0259 d\u0259qiql\u0259\u015fdirilib ki, m\u0259hk\u0259m\u0259 s\u00fcr\u0259tl\u0259ndirilmi\u015f restrukturizasiya t\u0259l\u0259bini q\u0259bul ed\u0259rs\u0259, \u015firk\u0259t u\u00e7u\u015flar\u0131 v\u0259 bilet sat\u0131\u015f\u0131n\u0131 b\u0259rpa ed\u0259 bil\u0259c\u0259k. \u0130nvestorlar 50 milyon dollar (85 milyon manat) s\u0259rmay\u0259 qoyma\u011fa haz\u0131rd\u0131rlar &#8211; bu, maliyy\u0259 probleml\u0259rinin h\u0259llin\u0259 k\u00f6m\u0259k ed\u0259c\u0259k. Xat\u0131rladaq ki, mart\u0131n 28-d\u0259n Bak\u0131 v\u0259 Moldovan\u0131n paytaxt\u0131 aras\u0131nda\u00a0birba\u015fa aviareys\u00a0a\u00e7\u0131l\u0131b. Ki\u015fineudan Bak\u0131ya \u00e7\u0259r\u015f\u0259nb\u0259 ax\u015fam\u0131,&hellip;<\/p>\n","protected":false},"author":2,"featured_media":596939,"comment_status":"closed","ping_status":"closed","sticky":false,"template":"","format":"standard","meta":{"om_disable_all_campaigns":false,"_monsterinsights_skip_tracking":false,"_monsterinsights_sitenote_active":false,"_monsterinsights_sitenote_note":"","_monsterinsights_sitenote_category":0},"categories":[4],"tags":[],"aioseo_notices":[],"gutentor_comment":0,"rttpg_featured_image_url":{"full":["https:\/\/arantv.az\/wp-content\/uploads\/2023\/05\/Moldova.jpg",620,413,false],"landscape":["https:\/\/arantv.az\/wp-content\/uploads\/2023\/05\/Moldova.jpg",620,413,false],"portraits":["https:\/\/arantv.az\/wp-content\/uploads\/2023\/05\/Moldova.jpg",620,413,false],"thumbnail":["https:\/\/arantv.az\/wp-content\/uploads\/2023\/05\/Moldova-500x280.jpg",500,280,true],"medium":["https:\/\/arantv.az\/wp-content\/uploads\/2023\/05\/Moldova-548x365.jpg",548,365,true],"large":["https:\/\/arantv.az\/wp-content\/uploads\/2023\/05\/Moldova.jpg",620,413,false],"1536x1536":["https:\/\/arantv.az\/wp-content\/uploads\/2023\/05\/Moldova.jpg",620,413,false],"2048x2048":["https:\/\/arantv.az\/wp-content\/uploads\/2023\/05\/Moldova.jpg",620,413,false],"post-thumbnail":["https:\/\/arantv.az\/wp-content\/uploads\/2023\/05\/Moldova-240x172.jpg",240,172,true],"advps-thumb-one":["https:\/\/arantv.az\/wp-content\/uploads\/2023\/05\/Moldova.jpg",620,413,false]},"rttpg_author":{"display_name":"V\u00fcsal Rafiqo\u011flu","author_link":"https:\/\/arantv.az\/?author=2"},"rttpg_comment":0,"rttpg_category":"<a href=\"https:\/\/arantv.az\/?cat=4\" rel=\"category\">Siyas\u0259t<\/a>","rttpg_excerpt":"\u201cAir Moldova\u201d \u015firk\u0259ti qeyri-m\u00fc\u0259yy\u0259n m\u00fcdd\u0259t\u0259 u\u00e7u\u015flar\u0131 v\u0259 bilet sat\u0131\u015flar\u0131n\u0131 dayand\u0131r\u0131b. Bu bar\u0259d\u0259 operatorun \u201cFacebook\u201d s\u0259hif\u0259sind\u0259 m\u0259lumat verilib. Q\u0259rar avia\u015firk\u0259tin iflasa u\u011framamas\u0131 \u00fc\u00e7\u00fcn s\u00fcr\u0259tl\u0259ndirilmi\u015f restrukturizasiyan\u0131n elan\u0131 il\u0259 \u0259laq\u0259dar q\u0259bul edilib. Qeyd olunur ki, f\u0259aliyy\u0259tin b\u0259rpas\u0131 m\u0259hk\u0259m\u0259 q\u0259rar\u0131ndan sonra 3 g\u00fcn \u0259rzind\u0259 m\u00fcmk\u00fcn olacaq. X\u0259b\u0259rd\u0259 d\u0259qiql\u0259\u015fdirilib ki, m\u0259hk\u0259m\u0259 s\u00fcr\u0259tl\u0259ndirilmi\u015f restrukturizasiya t\u0259l\u0259bini q\u0259bul ed\u0259rs\u0259, \u015firk\u0259t u\u00e7u\u015flar\u0131 v\u0259 bilet&hellip;","_links":{"self":[{"href":"https:\/\/arantv.az\/index.php?rest_route=\/wp\/v2\/posts\/596938"}],"collection":[{"href":"https:\/\/arantv.az\/index.php?rest_route=\/wp\/v2\/posts"}],"about":[{"href":"https:\/\/arantv.az\/index.php?rest_route=\/wp\/v2\/types\/post"}],"author":[{"embeddable":true,"href":"https:\/\/arantv.az\/index.php?rest_route=\/wp\/v2\/users\/2"}],"replies":[{"embeddable":true,"href":"https:\/\/arantv.az\/index.php?rest_route=%2Fwp%2Fv2%2Fcomments&post=596938"}],"version-history":[{"count":0,"href":"https:\/\/arantv.az\/index.php?rest_route=\/wp\/v2\/posts\/596938\/revisions"}],"wp:featuredmedia":[{"embeddable":true,"href":"https:\/\/arantv.az\/index.php?rest_route=\/wp\/v2\/media\/596939"}],"wp:attachment":[{"href":"https:\/\/arantv.az\/index.php?rest_route=%2Fwp%2Fv2%2Fmedia&parent=596938"}],"wp:term":[{"taxonomy":"category","embeddable":true,"href":"https:\/\/arantv.az\/index.php?rest_route=%2Fwp%2Fv2%2Fcategories&post=596938"},{"taxonomy":"post_tag","embeddable":true,"href":"https:\/\/arantv.az\/index.php?rest_route=%2Fwp%2Fv2%2Ftags&post=596938"}],"curies":[{"name":"wp","href":"https:\/\/api.w.org\/{rel}","templated":true}]}}