{"id":596941,"date":"2023-05-03T10:07:50","date_gmt":"2023-05-03T06:07:50","guid":{"rendered":"https:\/\/arantv.az\/?p=596941"},"modified":"2023-05-03T10:07:50","modified_gmt":"2023-05-03T06:07:50","slug":"olk%c9%99d%c9%99n-beyin-axini-problemi-yenid%c9%99n-gund%c9%99md%c9%99","status":"publish","type":"post","link":"https:\/\/arantv.az\/?p=596941","title":{"rendered":"\u00d6lk\u0259d\u0259n \u201cbeyin ax\u0131n\u0131\u201d problemi yenid\u0259n g\u00fcnd\u0259md\u0259"},"content":{"rendered":"<p><strong>Ekspertl\u0259r problemin h\u0259llini universitetl\u0259rin maddi-texniki bazas\u0131n\u0131 v\u0259 \u0259cn\u0259bi m\u00fct\u0259x\u0259ssisl\u0259ri d\u0259v\u0259t etm\u0259kl\u0259 kadr potensial\u0131n\u0131 g\u00fccl\u0259ndirm\u0259kd\u0259 g\u00f6r\u00fcr<\/strong><\/p>\n<p>\u201cAz\u0259rbaycanda elmi ara\u015fd\u0131rmalar\u0131n, qanunlar\u0131n t\u0259tbiq s\u0259viyy\u0259si bizi qane etmir\u201d. Bunu Milli M\u0259clisin Elm v\u0259 t\u0259hsil komit\u0259sinin son iclas\u0131nda \u00e7\u0131x\u0131\u015f ed\u0259n komit\u0259 s\u0259dri B\u0259xtiyar \u018fliyev bildirib.<\/p>\n<p>\u201cBu o dem\u0259k deyil ki, \u00f6lk\u0259d\u0259 yax\u015f\u0131 aliml\u0259rimiz yoxdur. Bizim \u00e7ox g\u00fccl\u00fc aliml\u0259rimiz var. Nec\u0259 olur ki, az\u0259rbaycanl\u0131 aliml\u0259r AB\u015e-da, \u0130ngilt\u0259r\u0259d\u0259, Almaniyada, Yaponiya v\u0259 Koreyada b\u00f6y\u00fck m\u0259rk\u0259zl\u0259r\u0259 r\u0259hb\u0259rlik edirl\u0259r. Elmi ara\u015fd\u0131rmalar apar\u0131r, yenilikl\u0259r g\u0259tirirl\u0259r. H\u0259min \u00f6lk\u0259l\u0259r\u0259 milyonlara pul qazand\u0131r\u0131rlar. Dem\u0259k ki, Az\u0259rbaycan xalq\u0131nda bu potensial var\u201d. \u201cSiyas\u0259timiz\u0259 m\u00fc\u0259yy\u0259n d\u0259yi\u015fiklikl\u0259r etm\u0259liyik. Vaxtil\u0259 elm siyas\u0259ti Az\u0259rbaycan Milli Elml\u0259r Akademiyas\u0131na (AMEA) h\u0259val\u0259 olunmu\u015fdu, t\u0259\u0259ss\u00fcfl\u0259r olsun ki, AMEA bu y\u00fck\u00fc \u00e7\u0259k\u0259 bilm\u0259di. \u00c7\u00fcnki m\u0259rk\u0259zi icra orqan\u0131 kimi o v\u0259zif\u0259ni icra etm\u0259k iqtidar\u0131nda deyildi\u201d, &#8211; dey\u0259 komit\u0259 s\u0259dri qeyd edib.<\/p>\n<p>Ekspertl\u0259r\u0259 g\u00f6r\u0259, m\u00fct\u0259x\u0259ssisl\u0259rin xaric\u0259 getm\u0259 s\u0259b\u0259bl\u0259rind\u0259n biri \u00f6lk\u0259mizd\u0259 \u0259m\u0259k haqlar\u0131n\u0131n az olmas\u0131d\u0131r.\u00a0 Avropan\u0131n tan\u0131nm\u0131\u015f universitetl\u0259rind\u0259 yax\u015f\u0131 bakalvr, magistr t\u0259hsili alm\u0131\u015f m\u00fct\u0259x\u0259ssisl\u0259r \u00fc\u00e7\u00fcn t\u0259klif edil\u0259n \u0259m\u0259k haqq\u0131 il\u0259 Az\u0259rbaycanda t\u0259klif edil\u0259n maa\u015f aras\u0131nda kifay\u0259t q\u0259d\u0259r f\u0259rql\u0259r var. Qeyri-r\u0259smi statistikaya g\u00f6r\u0259, t\u0259kc\u0259 son 10 ild\u0259 120 mind\u0259n \u00e7ox ali t\u0259hsilli Az\u0259rbaycan v\u0259t\u0259nda\u015f\u0131 \u00f6lk\u0259ni t\u0259rk ed\u0259r\u0259k, xaric\u0259 gedib.<\/p>\n<p><strong>M\u00fct\u0259x\u0259ssisl\u0259r qeyd edir ki, v\u0259ziyy\u0259tin bu c\u00fcr davam etm\u0259si g\u0259l\u0259c\u0259kd\u0259 \u00f6lk\u0259d\u0259 kadr b\u00f6hran\u0131 yarada bil\u0259r. B\u0259zi m\u00fct\u0259x\u0259ssisl\u0259r qeyd edir ki, \u0259sas s\u0259b\u0259bl\u0259rd\u0259n biri Az\u0259rbaycanda reytinqli universitetl\u0259rin olmamas\u0131d\u0131r. D\u0259f\u0259l\u0259rl\u0259 d\u00fcnya \u00fczr\u0259 reytinqli universitetl\u0259rin siyah\u0131s\u0131 a\u00e7\u0131qlananda Az\u0259rbaycan universitetl\u0259ri n\u0259inki 1000-ci, he\u00e7 \u0259n son s\u0131rada bel\u0259 yer almay\u0131b. N\u0259tic\u0259d\u0259 xaricd\u0259 t\u0259hsil almaq \u00fc\u00e7\u00fcn \u00f6lk\u0259d\u0259n ged\u0259nl\u0259rin say\u0131 art\u0131r.\u00a0 \u018fn pis t\u0259r\u0259fi is\u0259 odur ki, t\u0259hsil alan h\u0259min g\u0259ncl\u0259r sonradan \u00f6lk\u0259miz\u0259 qay\u0131tmaqda maraql\u0131 olmurlar.<\/strong><\/p>\n<p>Komit\u0259 s\u0259drinin a\u00e7\u0131qlamas\u0131 da onu g\u00f6st\u0259rir ki, Az\u0259rbaycandan xaric\u0259 \u201cbeyin ax\u0131n\u0131\u201dn\u0131n artmas\u0131 hakimiyy\u0259t kuluarlar\u0131nda da narahatl\u0131q do\u011furur.\u00a0 B\u0259s savadl\u0131 g\u0259ncl\u0259rin \u00f6lk\u0259d\u0259 qal\u0131b, xidm\u0259t etm\u0259si \u00fc\u00e7\u00fcn hans\u0131 add\u0131mlar\u0131n at\u0131lmas\u0131 z\u0259ruridir?<\/p>\n<p><img src=\"https:\/\/azedu.az\/uploads\/news\/2021\/08\/azedu.az_558FC7DE-E592-4104-9A0C-8701D95BDA1D_638.jpeg\" alt=\"700 bal toplamaq \u00fc\u00e7\u00fcn savad q\u0259d\u0259r b\u0259xt amili d\u0259 \u00f6z rolunu oynay\u0131r\u201d- T\u0259hsil  eksperti - AzEdu.az AZ\u018fRBAYCAN T\u018fHS\u0130L PORTALI\" \/><\/p>\n<p><strong>Adil V\u0259liyev<\/strong><\/p>\n<p><strong>T\u0259hsil eksperti Adil V\u0259liyev dedi ki, xaricd\u0259 t\u0259hsil alanlar iki hiss\u0259y\u0259 b\u00f6l\u00fcn\u00fcr. Birinci kateqoriya t\u0259hsil al\u0131b, orada i\u015fl\u0259m\u0259k \u00fc\u00e7\u00fcn gedir. \u0130kinci kateqoriya is\u0259 t\u0259hsil al\u0131b geri qay\u0131tma\u011f\u0131 d\u00fc\u015f\u00fcn\u00fcr:<\/strong>\u00a0\u201cBirinci tip \u00e7oxluq t\u0259\u015fkil edir. \u00c7\u00fcnki onlar inki\u015faf etmi\u015f \u00f6lk\u0259l\u0259ri g\u00f6r\u00fcb geri qay\u0131tmaq ist\u0259mirl\u0259r. Halbuki 2022-2026-c\u0131 ill\u0259rd\u0259 xaricd\u0259 t\u0259hsil \u00fczr\u0259 d\u00f6vl\u0259t proqram\u0131m\u0131z var, savadl\u0131 kadrlar xaricd\u0259 t\u0259hsil alma\u011fa g\u00f6nd\u0259rilir, t\u0259hsil ald\u0131\u011f\u0131 m\u00fcdd\u0259td\u0259 b\u00fct\u00fcn x\u0259rcl\u0259ri qar\u015f\u0131lan\u0131r. T\u0259hsil ald\u0131qdan sonra bir \u015f\u0259rt var ki, yenid\u0259n Az\u0259rbaycana qay\u0131d\u0131n, \u00f6z t\u00f6hf\u0259nizi verin\u201d.<\/p>\n<p>T\u0259hsil eksperti El\u015f\u0259n Qafarov bildirir ki, bu g\u00fcn ali t\u0259hsil m\u00fc\u0259ssis\u0259l\u0259ri h\u0259l\u0259 d\u0259 60-70-ci ill\u0259rd\u0259 oldu\u011fu kimi yaln\u0131z n\u0259z\u0259ri bilikl\u0259r verm\u0259kl\u0259 m\u0259\u015f\u011fuldur: \u201cD\u00fc\u015f\u00fcn\u00fcr\u0259m ki, burada kompleks t\u0259dbirl\u0259r g\u00f6r\u00fclm\u0259lidir. \u0130lk olaraq aliml\u0259r v\u0259 pedaqoji kadrlar haz\u0131rlanmal\u0131d\u0131r. Ali m\u0259kt\u0259bl\u0259rd\u0259 m\u0259zmun d\u0259yi\u015fikliyi apar\u0131lmal\u0131d\u0131r. Ali m\u0259kt\u0259bl\u0259rin elm v\u0259 innovasiya m\u0259rk\u0259zin\u0259 \u00e7evrilm\u0259si \u00fc\u00e7\u00fcn m\u00fc\u0259yy\u0259n istehsalat sah\u0259l\u0259ri il\u0259\u00a0 birba\u015fa \u0259m\u0259kda\u015fl\u0131\u011f\u0131 t\u0259min olunmal\u0131d\u0131r\u201d.<\/p>\n<p><img src=\"https:\/\/www.medicina.az\/uploads\/news\/2019-11-23-17-56-34di5pnVC9bcoIe951alpp_file.jpg\" alt=\"Medicina.az - : &amp;quot;Ana b\u0259tnind\u0259 talassemiya x\u0259st\u0259liyinin a\u015fkar edilm\u0259si  m\u00fcmk\u00fcnd\u00fcr&amp;quot;Vaqif Qarayev\" \/><\/p>\n<p><strong>Vaqif Qarayev<\/strong><\/p>\n<p>Tan\u0131nm\u0131\u015f pediatr\u00a0<strong>Vaqif Qarayev<\/strong>\u00a0is\u0259 deyir ki, \u201cbeyin ax\u0131n\u0131\u201d d\u00fcnyan\u0131n h\u0259r yerind\u0259 var: \u201cAmma bizim i\u015f\u0131ql\u0131 beyinl\u0259rimiz \u00e7ox deyil, olanlar da \u00f6lk\u0259d\u0259n gedir. Danimarkada ya\u015fayan az\u0259rbaycanl\u0131 M\u0259sud A\u015fina var, Beyn\u0259lxalq Ba\u015f A\u011fr\u0131lar\u0131 C\u0259miyy\u0259tinin r\u0259hb\u0259ri v\u0259 \u0130nsan Miqreni Ara\u015fd\u0131rma Birliyinin direktorudur. N\u00fcfuzlu &#8220;Lundbek&#8221; fondu ona 5, 3 milyon avro m\u00fckafat verib. T\u0259s\u0259vv\u00fcr ed\u0259k ki, bu m\u0259\u015fhur h\u0259kim Az\u0259rbaycana d\u0259v\u0259t olunur. Bir m\u0259rk\u0259zi yarad\u0131b ona veririk, t\u0259bii ki, b\u00fct\u00fcn ist\u0259kl\u0259rini \u00f6d\u0259m\u0259k \u015f\u0259rtil\u0259. T\u0259kc\u0259 \u00f6z\u00fcm\u00fcz\u0259 yox, regiondak\u0131 miqrenli x\u0259st\u0259l\u0259r\u0259 xidm\u0259t etsin. \u00c7ox sayda bu x\u0259st\u0259likd\u0259n \u0259ziyy\u0259t \u00e7\u0259k\u0259n insanlar sa\u011flaml\u0131\u011f\u0131na qovu\u015fard\u0131. N\u0259 q\u0259d\u0259r &#8220;mall&#8221;, \u201chipermarket\u201dl\u0259rl\u0259 f\u0259xr el\u0259m\u0259k olar? Daha faydal\u0131, daha qal\u0131c\u0131 xidm\u0259t sah\u0259si yarada bilm\u0259rik? Pulumuz var ax\u0131&#8230;&#8221;<\/p>\n<p><img src=\"https:\/\/525.az\/img\/pics\/large\/167107_j73bcjnmhs.jpg\" alt=\"Yeni t\u0259hsil modelinin t\u0259tbiqi aktualla\u015f\u0131b - Telman C\u0259f\u0259rovun yaz\u0131s\u0131\" \/><\/p>\n<p><strong>Telman C\u0259f\u0259rov\u00a0<\/strong><\/p>\n<p><strong>Filologiya \u00fczr\u0259 elml\u0259r doktoru, \u0259m\u0259kdar m\u00fc\u0259llim Telman C\u0259f\u0259rov da biziml\u0259 s\u00f6hb\u0259td\u0259 deyib ki, 10 il \u00f6nc\u0259 \u201cAz\u0259rbaycanda t\u0259hsilin inki\u015faf\u0131 \u00fczr\u0259 D\u00f6vl\u0259t Strategiyas\u0131\u201d q\u0259bul olunsa da, obyektiv v\u0259 subyektiv s\u0259b\u0259bl\u0259rd\u0259n n\u0259z\u0259rd\u0259 tutulan s\u0259viyy\u0259d\u0259 icra olunmad\u0131:<\/strong>\u00a0\u201cFikrimizc\u0259, \u0259n ba\u015fl\u0131ca s\u0259b\u0259b t\u0259hsilin idar\u0259\u00e7iliyind\u0259 r\u0259hb\u0259r hey\u0259tl\u0259rin tez-tez d\u0259yi\u015fm\u0259si, el\u0259c\u0259 d\u0259 ya\u015fl\u0131 v\u0259 g\u0259nc n\u0259sill\u0259rin bir-birini \u0259v\u0259z etm\u0259sind\u0259 t\u0259l\u0259sk\u0259nliy\u0259 yol verilm\u0259sidir. Bu is\u0259 pedaqoji sah\u0259d\u0259 m\u0259qs\u0259d\u0259uy\u011fun say\u0131lmamaqla b\u0259rab\u0259r,\u00a0 q\u0259bul olunan 10 illik strategiyan\u0131n icras\u0131na m\u0259sul konkret \u015f\u0259xsl\u0259rin v\u0259 komandalar\u0131n m\u00fc\u0259yy\u0259n olunmas\u0131n\u0131 \u00e7\u0259tinl\u0259\u015fdirir. Milli Kurrikulum v\u0259 Qiym\u0259tl\u0259ndirm\u0259 Konsepsiyas\u0131 t\u0259cr\u00fcb\u0259si h\u00f6kum\u0259ti ehtiyatl\u0131 davranma\u011fa vadar etm\u0259lidir. \u00d6lk\u0259 prezidentinin s\u0259r\u0259ncamlar\u0131 il\u0259 t\u0259sdiq olunmu\u015f bel\u0259 m\u0259zmunlu konseptual xarakterli d\u00f6vl\u0259t proqramlar\u0131 ciddi m\u00fczakir\u0259 v\u0259 hesabatlardan ke\u00e7m\u0259lidir. \u018fsas h\u0259d\u0259fl\u0259r v\u0259 yeni d\u00f6vr \u00fc\u00e7\u00fcn t\u0259hsilin m\u0259zmunu il\u0259 ba\u011fl\u0131 t\u0259klifl\u0259rimi d\u0259 vermi\u015f\u0259m. 13 s\u0259hif\u0259d\u0259n ibar\u0259t t\u0259klifl\u0259rimi Elm v\u0259 T\u0259hsil Nazirliyin\u0259 g\u00f6nd\u0259rmi\u015f\u0259m. Layih\u0259 ictimai m\u00fczakir\u0259y\u0259 verilibs\u0259, ali t\u0259hsil sistemind\u0259 \u00e7al\u0131\u015fan h\u0259r bir m\u00fct\u0259x\u0259ssisin r\u0259yinin e\u015fidilm\u0259sin\u0259 \u015f\u0259rait yaradaq. Sosial \u015f\u0259b\u0259k\u0259l\u0259rd\u0259 s\u0259sl\u0259n\u0259n r\u0259yl\u0259ri n\u0259z\u0259rd\u0259n ke\u00e7ir\u0259k. Bu, sad\u0259c\u0259, bir t\u0259hsil pill\u0259si il\u0259 ba\u011fl\u0131 qanun deyil: \u00f6lk\u0259nin haz\u0131rk\u0131 v\u0259 perspektiv inki\u015faf\u0131 ondan as\u0131l\u0131d\u0131r. Bu, elm\u0259, s\u0259nayey\u0259, \u00f6lk\u0259nin insan resurslar\u0131n\u0131n qorunmas\u0131na v\u0259 inki\u015faf\u0131na, \u0259qli v\u0259 maddi m\u00fclkiyy\u0259timiz\u0259&#8230; inteqrasiya olunmu\u015f qanunvericilik akt\u0131d\u0131r. \u00d6lk\u0259nin ali t\u0259hsil sistemini ba\u015fqa relsl\u0259r \u00fcz\u0259rin\u0259 da\u015f\u0131mal\u0131y\u0131q. Qanun layih\u0259sind\u0259 g\u00f6rm\u0259k ist\u0259diyimiz m\u0259qamlar is\u0259 bunlard\u0131r. \u0130lk olaraq universitetl\u0259rin m\u00fcst\u0259qil t\u0259s\u0259rr\u00fcfat subyektin\u0259 ke\u00e7m\u0259li, m\u00fcst\u0259qil t\u0259l\u0259b\u0259 q\u0259bulu h\u0259yata ke\u00e7irm\u0259li, h\u0259tta t\u0259l\u0259b\u0259 &#8220;startup&#8221;lar\u0131 qar\u0131\u015f\u0131q d\u00f6vl\u0259t v\u0259 maraql\u0131 biznes strukturlar\u0131 t\u0259r\u0259find\u0259n profil \u00fczr\u0259 ist\u0259nil\u0259n layih\u0259l\u0259rin maliyy\u0259l\u0259\u015fdirilm\u0259si \u00fc\u00e7\u00fcn maliyy\u0259 d\u0259st\u0259yi g\u00f6st\u0259rilm\u0259lidir.\u00a0 Milli m\u0259zmun v\u0259 spesifikaya \u0259saslanan \u0259qli m\u00fclkiyy\u0259tin yarad\u0131lmas\u0131na d\u0259st\u0259k, ali t\u0259hsil sistemi \u00fc\u00e7\u00fcn t\u0259dris resurslar\u0131n\u0131n haz\u0131rlanmas\u0131na b\u00fcdc\u0259 v\u0259saitinin ayr\u0131lmas\u0131, ali t\u0259hsilin b\u00fct\u00fcn s\u0259viyy\u0259l\u0259ri \u00fc\u00e7\u00fcn t\u0259dris standartlar\u0131n\u0131n yenid\u0259n n\u0259z\u0259rd\u0259n ke\u00e7irilm\u0259si, pedaqoji internaturalar\u0131n v\u0259 istehsalat t\u0259cr\u00fcb\u0259 bazalar\u0131n\u0131n yarad\u0131lmas\u0131 v\u0259 m\u00fcvafiq t\u0259cr\u00fcb\u0259nin t\u0259\u015fkili bar\u0259d\u0259 yeni \u0259sasnam\u0259l\u0259rin haz\u0131rlan\u0131b t\u0259sdiq olunmas\u0131d\u0131r. T\u0259klifl\u0259rd\u0259n \u0259n vacibi is\u0259 \u00f6lk\u0259 g\u0259ncl\u0259rinin m\u00fcxt\u0259lif s\u0259b\u0259bl\u0259rd\u0259n, \u0259n \u0259sas\u0131, ali t\u0259hsil b\u0259han\u0259si il\u0259 xaric\u0259 ax\u0131n\u0131na \u015f\u0259rait yaradan s\u0259b\u0259bl\u0259ri ara\u015fd\u0131rmaqd\u0131r. Bunun qar\u015f\u0131s\u0131n\u0131 almaq \u00fc\u00e7\u00fcn universitetl\u0259rimizin maddi-texniki bazas\u0131n\u0131, \u0259cn\u0259bi m\u00fct\u0259x\u0259ssisl\u0259r d\u0259 d\u0259v\u0259t olunmaqla kadr potensial\u0131n\u0131 g\u00fccl\u0259ndirm\u0259k laz\u0131md\u0131r. Dig\u0259r t\u0259klifl\u0259r is\u0259 ali m\u0259kt\u0259bl\u0259rin kitabxana, m\u0259lumat-informasiya bazalar\u0131n\u0131 modernl\u0259\u015fdirm\u0259k, ixtisaslar \u00fczr\u0259 a\u00e7\u0131q elektron platformalara \u00e7\u0131x\u0131\u015f\u0131 t\u0259min etm\u0259nin vacibliyidir. B\u00fct\u00f6vl\u00fckd\u0259 ali t\u0259hsilin transformasiyas\u0131, yeni m\u0259zmun v\u0259 strukturun yarad\u0131lmas\u0131ndan ir\u0259li g\u0259l\u0259n v\u0259zif\u0259l\u0259ri n\u0259z\u0259rd\u0259n ke\u00e7irm\u0259k, universitetl\u0259r\u0259 r\u0259hb\u0259rl\u0259rin t\u0259yin olunmas\u0131 mexanizminin d\u00fcnyada t\u0259sdiq olunmu\u015f m\u00fcasir yana\u015fmalar v\u0259 t\u0259cr\u00fcb\u0259l\u0259r\u0259 uy\u011fun i\u015fl\u0259nilm\u0259si, m\u00fcxt\u0259lif elm v\u0259 t\u0259hsil sah\u0259l\u0259ri \u00fczr\u0259 virtual respublika elmi-t\u0259dris m\u0259rk\u0259zl\u0259rinin, kafedralar\u0131n formala\u015fd\u0131r\u0131lmas\u0131 olduqca vacibdir&#8221;.<\/p>\n","protected":false},"excerpt":{"rendered":"<p>Ekspertl\u0259r problemin h\u0259llini universitetl\u0259rin maddi-texniki bazas\u0131n\u0131 v\u0259 \u0259cn\u0259bi m\u00fct\u0259x\u0259ssisl\u0259ri d\u0259v\u0259t etm\u0259kl\u0259 kadr potensial\u0131n\u0131 g\u00fccl\u0259ndirm\u0259kd\u0259 g\u00f6r\u00fcr \u201cAz\u0259rbaycanda elmi ara\u015fd\u0131rmalar\u0131n, qanunlar\u0131n t\u0259tbiq s\u0259viyy\u0259si bizi qane etmir\u201d. Bunu Milli M\u0259clisin Elm v\u0259 t\u0259hsil komit\u0259sinin son iclas\u0131nda \u00e7\u0131x\u0131\u015f ed\u0259n komit\u0259 s\u0259dri B\u0259xtiyar \u018fliyev bildirib. \u201cBu o dem\u0259k deyil ki, \u00f6lk\u0259d\u0259 yax\u015f\u0131 aliml\u0259rimiz yoxdur. Bizim \u00e7ox g\u00fccl\u00fc aliml\u0259rimiz var. Nec\u0259 olur ki, az\u0259rbaycanl\u0131 aliml\u0259r AB\u015e-da, \u0130ngilt\u0259r\u0259d\u0259, Almaniyada, Yaponiya v\u0259 Koreyada b\u00f6y\u00fck m\u0259rk\u0259zl\u0259r\u0259 r\u0259hb\u0259rlik edirl\u0259r. Elmi ara\u015fd\u0131rmalar apar\u0131r, yenilikl\u0259r g\u0259tirirl\u0259r. H\u0259min \u00f6lk\u0259l\u0259r\u0259 milyonlara pul qazand\u0131r\u0131rlar. Dem\u0259k ki, Az\u0259rbaycan xalq\u0131nda bu potensial var\u201d. \u201cSiyas\u0259timiz\u0259 m\u00fc\u0259yy\u0259n d\u0259yi\u015fiklikl\u0259r etm\u0259liyik.&hellip;<\/p>\n","protected":false},"author":2,"featured_media":596942,"comment_status":"closed","ping_status":"closed","sticky":false,"template":"","format":"standard","meta":{"om_disable_all_campaigns":false,"_monsterinsights_skip_tracking":false,"_monsterinsights_sitenote_active":false,"_monsterinsights_sitenote_note":"","_monsterinsights_sitenote_category":0},"categories":[23],"tags":[],"aioseo_notices":[],"gutentor_comment":0,"rttpg_featured_image_url":{"full":["https:\/\/arantv.az\/wp-content\/uploads\/2023\/05\/b9e049ffa4ae5a74457e4c5b3584679e.jpg",450,300,false],"landscape":["https:\/\/arantv.az\/wp-content\/uploads\/2023\/05\/b9e049ffa4ae5a74457e4c5b3584679e.jpg",450,300,false],"portraits":["https:\/\/arantv.az\/wp-content\/uploads\/2023\/05\/b9e049ffa4ae5a74457e4c5b3584679e.jpg",450,300,false],"thumbnail":["https:\/\/arantv.az\/wp-content\/uploads\/2023\/05\/b9e049ffa4ae5a74457e4c5b3584679e-450x280.jpg",450,280,true],"medium":["https:\/\/arantv.az\/wp-content\/uploads\/2023\/05\/b9e049ffa4ae5a74457e4c5b3584679e.jpg",450,300,false],"large":["https:\/\/arantv.az\/wp-content\/uploads\/2023\/05\/b9e049ffa4ae5a74457e4c5b3584679e.jpg",450,300,false],"1536x1536":["https:\/\/arantv.az\/wp-content\/uploads\/2023\/05\/b9e049ffa4ae5a74457e4c5b3584679e.jpg",450,300,false],"2048x2048":["https:\/\/arantv.az\/wp-content\/uploads\/2023\/05\/b9e049ffa4ae5a74457e4c5b3584679e.jpg",450,300,false],"post-thumbnail":["https:\/\/arantv.az\/wp-content\/uploads\/2023\/05\/b9e049ffa4ae5a74457e4c5b3584679e-240x172.jpg",240,172,true],"advps-thumb-one":["https:\/\/arantv.az\/wp-content\/uploads\/2023\/05\/b9e049ffa4ae5a74457e4c5b3584679e.jpg",450,300,false]},"rttpg_author":{"display_name":"V\u00fcsal Rafiqo\u011flu","author_link":"https:\/\/arantv.az\/?author=2"},"rttpg_comment":0,"rttpg_category":"<a href=\"https:\/\/arantv.az\/?cat=23\" rel=\"category\">T\u0259hsil<\/a>","rttpg_excerpt":"Ekspertl\u0259r problemin h\u0259llini universitetl\u0259rin maddi-texniki bazas\u0131n\u0131 v\u0259 \u0259cn\u0259bi m\u00fct\u0259x\u0259ssisl\u0259ri d\u0259v\u0259t etm\u0259kl\u0259 kadr potensial\u0131n\u0131 g\u00fccl\u0259ndirm\u0259kd\u0259 g\u00f6r\u00fcr \u201cAz\u0259rbaycanda elmi ara\u015fd\u0131rmalar\u0131n, qanunlar\u0131n t\u0259tbiq s\u0259viyy\u0259si bizi qane etmir\u201d. Bunu Milli M\u0259clisin Elm v\u0259 t\u0259hsil komit\u0259sinin son iclas\u0131nda \u00e7\u0131x\u0131\u015f ed\u0259n komit\u0259 s\u0259dri B\u0259xtiyar \u018fliyev bildirib. \u201cBu o dem\u0259k deyil ki, \u00f6lk\u0259d\u0259 yax\u015f\u0131 aliml\u0259rimiz yoxdur. Bizim \u00e7ox g\u00fccl\u00fc aliml\u0259rimiz var. Nec\u0259&hellip;","_links":{"self":[{"href":"https:\/\/arantv.az\/index.php?rest_route=\/wp\/v2\/posts\/596941"}],"collection":[{"href":"https:\/\/arantv.az\/index.php?rest_route=\/wp\/v2\/posts"}],"about":[{"href":"https:\/\/arantv.az\/index.php?rest_route=\/wp\/v2\/types\/post"}],"author":[{"embeddable":true,"href":"https:\/\/arantv.az\/index.php?rest_route=\/wp\/v2\/users\/2"}],"replies":[{"embeddable":true,"href":"https:\/\/arantv.az\/index.php?rest_route=%2Fwp%2Fv2%2Fcomments&post=596941"}],"version-history":[{"count":0,"href":"https:\/\/arantv.az\/index.php?rest_route=\/wp\/v2\/posts\/596941\/revisions"}],"wp:featuredmedia":[{"embeddable":true,"href":"https:\/\/arantv.az\/index.php?rest_route=\/wp\/v2\/media\/596942"}],"wp:attachment":[{"href":"https:\/\/arantv.az\/index.php?rest_route=%2Fwp%2Fv2%2Fmedia&parent=596941"}],"wp:term":[{"taxonomy":"category","embeddable":true,"href":"https:\/\/arantv.az\/index.php?rest_route=%2Fwp%2Fv2%2Fcategories&post=596941"},{"taxonomy":"post_tag","embeddable":true,"href":"https:\/\/arantv.az\/index.php?rest_route=%2Fwp%2Fv2%2Ftags&post=596941"}],"curies":[{"name":"wp","href":"https:\/\/api.w.org\/{rel}","templated":true}]}}