{"id":596947,"date":"2023-05-03T10:15:22","date_gmt":"2023-05-03T06:15:22","guid":{"rendered":"https:\/\/arantv.az\/?p=596947"},"modified":"2023-05-03T10:15:22","modified_gmt":"2023-05-03T06:15:22","slug":"dagliq-rayonlara-qar-yagib-faktiki-hava-2","status":"publish","type":"post","link":"https:\/\/arantv.az\/?p=596947","title":{"rendered":"Da\u011fl\u0131q rayonlara qar ya\u011f\u0131b &#8211; FAKT\u0130K\u0130 HAVA"},"content":{"rendered":"<p>Az\u0259rbaycanda m\u00fc\u015fahid\u0259 edil\u0259n faktiki hava \u015f\u0259raiti a\u00e7\u0131qlan\u0131b.<\/p>\n<p>Bu bar\u0259d\u0259 Ekologiya v\u0259 T\u0259bii S\u0259rv\u0259tl\u0259r Nazirliyinin Milli Hidrometeorologiya Xidm\u0259tind\u0259n bildirilib.<\/p>\n<p>May\u0131n 3-\u00fc saat 09:00-a olan m\u0259lumat\u0131na \u0259sas\u0259n, \u00f6lk\u0259 \u0259razisind\u0259 qeyri-sabit hava \u015f\u0259raiti davam edib, b\u0259zi yerl\u0259rd\u0259 \u015fim\u015f\u0259k \u00e7ax\u0131b, arabir leysan xarakterli ya\u011f\u0131\u015f, da\u011fl\u0131q rayonlarda qar ya\u011f\u0131b. Qar \u00f6rt\u00fcy\u00fcn\u00fcn h\u00fcnd\u00fcrl\u00fcy\u00fc \u015eahda\u011fda 8, X\u0131nal\u0131qda 6, Qr\u0131zda 3 sm olub.<\/p>\n<p>\u00d6lk\u0259 \u0259razisind\u0259 m\u00fc\u015fahid\u0259 olunan qeyri-sabit, ya\u011f\u0131nt\u0131l\u0131 hava \u015f\u0259raiti may\u0131n 4-\u00fc ax\u015famad\u0259k davam ed\u0259c\u0259k. B\u0259zi yerl\u0259rd\u0259 ya\u011f\u0131nt\u0131lar\u0131n leysan xarakterli intensiv olaca\u011f\u0131, dolu d\u00fc\u015f\u0259c\u0259yi, y\u00fcks\u0259k da\u011fl\u0131q \u0259razil\u0259rd\u0259 qar ya\u011faca\u011f\u0131 ehtimal\u0131 var.<\/p>\n","protected":false},"excerpt":{"rendered":"<p>Az\u0259rbaycanda m\u00fc\u015fahid\u0259 edil\u0259n faktiki hava \u015f\u0259raiti a\u00e7\u0131qlan\u0131b. Bu bar\u0259d\u0259 Ekologiya v\u0259 T\u0259bii S\u0259rv\u0259tl\u0259r Nazirliyinin Milli Hidrometeorologiya Xidm\u0259tind\u0259n bildirilib. May\u0131n 3-\u00fc saat 09:00-a olan m\u0259lumat\u0131na \u0259sas\u0259n, \u00f6lk\u0259 \u0259razisind\u0259 qeyri-sabit hava \u015f\u0259raiti davam edib, b\u0259zi yerl\u0259rd\u0259 \u015fim\u015f\u0259k \u00e7ax\u0131b, arabir leysan xarakterli ya\u011f\u0131\u015f, da\u011fl\u0131q rayonlarda qar ya\u011f\u0131b. Qar \u00f6rt\u00fcy\u00fcn\u00fcn h\u00fcnd\u00fcrl\u00fcy\u00fc \u015eahda\u011fda 8, X\u0131nal\u0131qda 6, Qr\u0131zda 3 sm olub. \u00d6lk\u0259 \u0259razisind\u0259 m\u00fc\u015fahid\u0259 olunan qeyri-sabit, ya\u011f\u0131nt\u0131l\u0131 hava \u015f\u0259raiti may\u0131n 4-\u00fc ax\u015famad\u0259k davam ed\u0259c\u0259k. B\u0259zi yerl\u0259rd\u0259 ya\u011f\u0131nt\u0131lar\u0131n leysan xarakterli intensiv olaca\u011f\u0131, dolu d\u00fc\u015f\u0259c\u0259yi, y\u00fcks\u0259k da\u011fl\u0131q \u0259razil\u0259rd\u0259 qar ya\u011faca\u011f\u0131 ehtimal\u0131 var.<\/p>\n","protected":false},"author":2,"featured_media":540177,"comment_status":"closed","ping_status":"closed","sticky":false,"template":"","format":"standard","meta":{"om_disable_all_campaigns":false,"_monsterinsights_skip_tracking":false,"_monsterinsights_sitenote_active":false,"_monsterinsights_sitenote_note":"","_monsterinsights_sitenote_category":0},"categories":[22],"tags":[],"aioseo_notices":[],"gutentor_comment":0,"rttpg_featured_image_url":{"full":["https:\/\/arantv.az\/wp-content\/uploads\/2022\/12\/qarr.jpg",850,530,false],"landscape":["https:\/\/arantv.az\/wp-content\/uploads\/2022\/12\/qarr.jpg",850,530,false],"portraits":["https:\/\/arantv.az\/wp-content\/uploads\/2022\/12\/qarr.jpg",850,530,false],"thumbnail":["https:\/\/arantv.az\/wp-content\/uploads\/2022\/12\/qarr-500x280.jpg",500,280,true],"medium":["https:\/\/arantv.az\/wp-content\/uploads\/2022\/12\/qarr-585x365.jpg",585,365,true],"large":["https:\/\/arantv.az\/wp-content\/uploads\/2022\/12\/qarr-840x524.jpg",640,399,true],"1536x1536":["https:\/\/arantv.az\/wp-content\/uploads\/2022\/12\/qarr.jpg",850,530,false],"2048x2048":["https:\/\/arantv.az\/wp-content\/uploads\/2022\/12\/qarr.jpg",850,530,false],"post-thumbnail":["https:\/\/arantv.az\/wp-content\/uploads\/2022\/12\/qarr-240x172.jpg",240,172,true],"advps-thumb-one":["https:\/\/arantv.az\/wp-content\/uploads\/2022\/12\/qarr.jpg",850,530,false]},"rttpg_author":{"display_name":"V\u00fcsal Rafiqo\u011flu","author_link":"https:\/\/arantv.az\/?author=2"},"rttpg_comment":0,"rttpg_category":"<a href=\"https:\/\/arantv.az\/?cat=22\" rel=\"category\">Hava<\/a>","rttpg_excerpt":"Az\u0259rbaycanda m\u00fc\u015fahid\u0259 edil\u0259n faktiki hava \u015f\u0259raiti a\u00e7\u0131qlan\u0131b. Bu bar\u0259d\u0259 Ekologiya v\u0259 T\u0259bii S\u0259rv\u0259tl\u0259r Nazirliyinin Milli Hidrometeorologiya Xidm\u0259tind\u0259n bildirilib. May\u0131n 3-\u00fc saat 09:00-a olan m\u0259lumat\u0131na \u0259sas\u0259n, \u00f6lk\u0259 \u0259razisind\u0259 qeyri-sabit hava \u015f\u0259raiti davam edib, b\u0259zi yerl\u0259rd\u0259 \u015fim\u015f\u0259k \u00e7ax\u0131b, arabir leysan xarakterli ya\u011f\u0131\u015f, da\u011fl\u0131q rayonlarda qar ya\u011f\u0131b. Qar \u00f6rt\u00fcy\u00fcn\u00fcn h\u00fcnd\u00fcrl\u00fcy\u00fc \u015eahda\u011fda 8, X\u0131nal\u0131qda 6, Qr\u0131zda 3 sm olub.&hellip;","_links":{"self":[{"href":"https:\/\/arantv.az\/index.php?rest_route=\/wp\/v2\/posts\/596947"}],"collection":[{"href":"https:\/\/arantv.az\/index.php?rest_route=\/wp\/v2\/posts"}],"about":[{"href":"https:\/\/arantv.az\/index.php?rest_route=\/wp\/v2\/types\/post"}],"author":[{"embeddable":true,"href":"https:\/\/arantv.az\/index.php?rest_route=\/wp\/v2\/users\/2"}],"replies":[{"embeddable":true,"href":"https:\/\/arantv.az\/index.php?rest_route=%2Fwp%2Fv2%2Fcomments&post=596947"}],"version-history":[{"count":0,"href":"https:\/\/arantv.az\/index.php?rest_route=\/wp\/v2\/posts\/596947\/revisions"}],"wp:featuredmedia":[{"embeddable":true,"href":"https:\/\/arantv.az\/index.php?rest_route=\/wp\/v2\/media\/540177"}],"wp:attachment":[{"href":"https:\/\/arantv.az\/index.php?rest_route=%2Fwp%2Fv2%2Fmedia&parent=596947"}],"wp:term":[{"taxonomy":"category","embeddable":true,"href":"https:\/\/arantv.az\/index.php?rest_route=%2Fwp%2Fv2%2Fcategories&post=596947"},{"taxonomy":"post_tag","embeddable":true,"href":"https:\/\/arantv.az\/index.php?rest_route=%2Fwp%2Fv2%2Ftags&post=596947"}],"curies":[{"name":"wp","href":"https:\/\/api.w.org\/{rel}","templated":true}]}}